{"id":1927,"date":"2017-11-05T06:28:42","date_gmt":"2017-11-05T04:28:42","guid":{"rendered":"http:\/\/podkarpacka.iarp.pl\/?p=1927"},"modified":"2017-11-05T18:37:21","modified_gmt":"2017-11-05T16:37:21","slug":"rejestracja-bal-architekta-2018","status":"publish","type":"post","link":"https:\/\/podkarpacka.iarp.pl\/?p=1927","title":{"rendered":"REJESTRACJA: BAL ARCHITEKTA 2018"},"content":{"rendered":"<h3>Zapraszamy serdecznie do udzia\u0142u niezwyk\u0142ym wydarzeniu organizowanym raz na dwa lata &#8211; <strong>Balu Architekta 2018.<\/strong><\/h3>\n<h3 style=\"text-align: center;\"><strong><a href=\"http:\/\/rzeszow.sarp.org.pl\/index.php\/2017\/11\/04\/bal2018\/\">KLIKNIJ TU I ZAREJESTRUJ SI\u0118 JU\u017b DZI\u015a!<\/a><\/strong><\/h3>\n<p>Je\u017celi chcesz bra\u0107 z nami udzia\u0142 w tym niezwyk\u0142ym wydarzeniu, dokonaj rezerwacji i wp\u0142aty ju\u017c dzi\u015b uzupe\u0142niaj\u0105c i wysy\u0142aj\u0105c poni\u017cszy formularz.<\/p>\n<p><strong>Zapisy i wp\u0142aty b\u0119d\u0105 prowadzone do 08 GRUDNIA 2017 lub wyczerpania limitu miejsc.<\/strong><\/p>\n<p>Pami\u0119taj jednak, \u017ce ilo\u015b\u0107 miejsc jest \u015bci\u015ble ograniczona a pierwsze\u0144stwo maj\u0105 cz\u0142onkowie SARP i PKOIA.<br \/>\n<strong>UWAGA: Rejestracja w formularzu online ORAZ zaksi\u0119gowanie\u00a0 p\u0142atno\u015bci decyduje o rezerwacji miejsca na wydarzenie.<\/strong><\/p>\n<p><a href=\"http:\/\/rzeszow.sarp.org.pl\/index.php\/2017\/11\/04\/bal2018\/\"><img loading=\"lazy\" decoding=\"async\" class=\"aligncenter wp-image-1929 size-full\" src=\"https:\/\/podkarpacka.iarp.pl\/wp-content\/uploads\/2017\/11\/archibal-2018-architektow-plakat3.jpg\" alt=\"\" width=\"759\" height=\"1227\" srcset=\"https:\/\/podkarpacka.iarp.pl\/wp-content\/uploads\/2017\/11\/archibal-2018-architektow-plakat3.jpg 759w, https:\/\/podkarpacka.iarp.pl\/wp-content\/uploads\/2017\/11\/archibal-2018-architektow-plakat3-186x300.jpg 186w, https:\/\/podkarpacka.iarp.pl\/wp-content\/uploads\/2017\/11\/archibal-2018-architektow-plakat3-633x1024.jpg 633w\" sizes=\"auto, (max-width: 759px) 100vw, 759px\" \/><\/a><\/p>\n","protected":false},"excerpt":{"rendered":"<p>Zapraszamy serdecznie do udzia\u0142u niezwyk\u0142ym wydarzeniu organizowanym raz na dwa lata &#8211; Balu Architekta 2018. KLIKNIJ TU I ZAREJESTRUJ SI\u0118 JU\u017b DZI\u015a! Je\u017celi chcesz bra\u0107 z nami udzia\u0142 w tym niezwyk\u0142ym wydarzeniu, dokonaj rezerwacji i wp\u0142aty ju\u017c dzi\u015b uzupe\u0142niaj\u0105c i wysy\u0142aj\u0105c poni\u017cszy formularz. Zapisy i wp\u0142aty b\u0119d\u0105 prowadzone do 08 GRUDNIA 2017 lub wyczerpania limitu [&hellip;]<\/p>\n","protected":false},"author":7,"featured_media":1928,"comment_status":"closed","ping_status":"open","sticky":false,"template":"","format":"standard","meta":{"footnotes":""},"categories":[69,66],"tags":[],"class_list":["post-1927","post","type-post","status-publish","format-standard","has-post-thumbnail","hentry","category-aktualnosci","category-polecane"],"publishpress_future_action":{"enabled":false,"date":"2026-05-08 17:08:34","action":"change-status","newStatus":"draft","terms":[],"taxonomy":"category","extraData":[]},"publishpress_future_workflow_manual_trigger":{"enabledWorkflows":[]},"_links":{"self":[{"href":"https:\/\/podkarpacka.iarp.pl\/index.php?rest_route=\/wp\/v2\/posts\/1927","targetHints":{"allow":["GET"]}}],"collection":[{"href":"https:\/\/podkarpacka.iarp.pl\/index.php?rest_route=\/wp\/v2\/posts"}],"about":[{"href":"https:\/\/podkarpacka.iarp.pl\/index.php?rest_route=\/wp\/v2\/types\/post"}],"author":[{"embeddable":true,"href":"https:\/\/podkarpacka.iarp.pl\/index.php?rest_route=\/wp\/v2\/users\/7"}],"replies":[{"embeddable":true,"href":"https:\/\/podkarpacka.iarp.pl\/index.php?rest_route=%2Fwp%2Fv2%2Fcomments&post=1927"}],"version-history":[{"count":4,"href":"https:\/\/podkarpacka.iarp.pl\/index.php?rest_route=\/wp\/v2\/posts\/1927\/revisions"}],"predecessor-version":[{"id":1933,"href":"https:\/\/podkarpacka.iarp.pl\/index.php?rest_route=\/wp\/v2\/posts\/1927\/revisions\/1933"}],"wp:featuredmedia":[{"embeddable":true,"href":"https:\/\/podkarpacka.iarp.pl\/index.php?rest_route=\/wp\/v2\/media\/1928"}],"wp:attachment":[{"href":"https:\/\/podkarpacka.iarp.pl\/index.php?rest_route=%2Fwp%2Fv2%2Fmedia&parent=1927"}],"wp:term":[{"taxonomy":"category","embeddable":true,"href":"https:\/\/podkarpacka.iarp.pl\/index.php?rest_route=%2Fwp%2Fv2%2Fcategories&post=1927"},{"taxonomy":"post_tag","embeddable":true,"href":"https:\/\/podkarpacka.iarp.pl\/index.php?rest_route=%2Fwp%2Fv2%2Ftags&post=1927"}],"curies":[{"name":"wp","href":"https:\/\/api.w.org\/{rel}","templated":true}]}}