{"id":1938,"date":"2017-11-21T20:14:25","date_gmt":"2017-11-21T18:14:25","guid":{"rendered":"http:\/\/podkarpacka.iarp.pl\/?p=1938"},"modified":"2017-11-22T03:10:45","modified_gmt":"2017-11-22T01:10:45","slug":"23-11-2017-tak-i-nie-w-zawodach-kreatywnych","status":"publish","type":"post","link":"https:\/\/podkarpacka.iarp.pl\/?p=1938","title":{"rendered":"[ 23.11.2017 ] TAK i NIE w zawodach kreatywnych"},"content":{"rendered":"<div>\n<h2 class=\"lead\"><strong>Termin szkolenia: 23-11-2017<\/strong><\/h2>\n<p class=\"lead\"><strong>Miejsce: Rzesz\u00f3w, Rynek 8 (siedziba PKOIA RP)<\/strong><\/p>\n<hr \/>\n<h4><span style=\"color: #333333;\"><strong>BEZP\u0141ATNE SZKOLENIE DLA ARCHITEKT\u00d3W IARP<\/strong><\/span><\/h4>\n<blockquote>\n<h3>TAK i NIE w zawodach kreatywnych<\/h3>\n<\/blockquote>\n<hr \/>\n<h4><strong>Rejestracja do: 15:45, Szkolenie rozpocznie si\u0119 o: 16:00<\/strong><\/h4>\n<hr \/>\n<p style=\"text-align: justify;\">Szanowni Pa\u0144stwo,<\/p>\n<\/div>\n<div>Serdecznie zapraszamy wszystkich Cz\u0142onk\u00f3w PKOIA RP na bezp\u0142atne szkolenie IARP pn.: <strong>&#8220;TAK i NIE w zawodach kreatywnych &#8220;<\/strong>, kt\u00f3re odb\u0119dzie si\u0119 <strong>23 LISTOPADA 2017 r. o godz. 15:45.<\/strong><\/div>\n<div><\/div>\n<div>Miejscem szkolenia jest sala IARP (Rzesz\u00f3w, Rynek 8).<\/div>\n<div>Drogie kole\u017canki, drodzy koledzy &#8211; pami\u0119tajcie &#8211; liczba miejsc jest ograniczona, prosimy o jak najszybsze rezerwowanie miejsc!<\/div>\n<div><\/div>\n<div>\n<hr \/>\n<\/div>\n<div><\/div>\n<div>Seminarium poprowadzi:<\/div>\n<ul>\n<li>arch. Urszula Szab\u0142owska<\/li>\n<\/ul>\n<div><\/div>\n<div>Zapraszamy wszystkich ch\u0119tnych do zg\u0142aszania swojego uczestnictwa:<\/div>\n<div>\n<hr \/>\n<\/div>\n<div>\n<div><strong>Adres rejestracji:<\/strong><\/div>\n<ul>\n<li><a href=\"https:\/\/szkolenia.iarp.pl\/szkolenie\/559\">https:\/\/szkolenia.iarp.pl\/szkolenie\/559<\/a><\/li>\n<\/ul>\n<div><\/div>\n<\/div>\n<div>\n<hr \/>\n<\/div>\n<p>&nbsp;<\/p>\n<div><\/div>\n<p>&nbsp;<\/p>\n","protected":false},"excerpt":{"rendered":"<p>Termin szkolenia: 23-11-2017 Miejsce: Rzesz\u00f3w, Rynek 8 (siedziba PKOIA RP) BEZP\u0141ATNE SZKOLENIE DLA ARCHITEKT\u00d3W IARP TAK i NIE w zawodach kreatywnych Rejestracja do: 15:45, Szkolenie rozpocznie si\u0119 o: 16:00 Szanowni Pa\u0144stwo, Serdecznie zapraszamy wszystkich Cz\u0142onk\u00f3w PKOIA RP na bezp\u0142atne szkolenie IARP pn.: &#8220;TAK i NIE w zawodach kreatywnych &#8220;, kt\u00f3re odb\u0119dzie si\u0119 23 LISTOPADA 2017 [&hellip;]<\/p>\n","protected":false},"author":7,"featured_media":861,"comment_status":"closed","ping_status":"open","sticky":false,"template":"","format":"standard","meta":{"footnotes":""},"categories":[66,57,58],"tags":[],"class_list":["post-1938","post","type-post","status-publish","format-standard","has-post-thumbnail","hentry","category-polecane","category-szkolenia","category-szkolenia-certyfikowane"],"publishpress_future_action":{"enabled":false,"date":"2026-05-05 00:15:12","action":"change-status","newStatus":"draft","terms":[],"taxonomy":"category","extraData":[]},"publishpress_future_workflow_manual_trigger":{"enabledWorkflows":[]},"_links":{"self":[{"href":"https:\/\/podkarpacka.iarp.pl\/index.php?rest_route=\/wp\/v2\/posts\/1938","targetHints":{"allow":["GET"]}}],"collection":[{"href":"https:\/\/podkarpacka.iarp.pl\/index.php?rest_route=\/wp\/v2\/posts"}],"about":[{"href":"https:\/\/podkarpacka.iarp.pl\/index.php?rest_route=\/wp\/v2\/types\/post"}],"author":[{"embeddable":true,"href":"https:\/\/podkarpacka.iarp.pl\/index.php?rest_route=\/wp\/v2\/users\/7"}],"replies":[{"embeddable":true,"href":"https:\/\/podkarpacka.iarp.pl\/index.php?rest_route=%2Fwp%2Fv2%2Fcomments&post=1938"}],"version-history":[{"count":2,"href":"https:\/\/podkarpacka.iarp.pl\/index.php?rest_route=\/wp\/v2\/posts\/1938\/revisions"}],"predecessor-version":[{"id":1940,"href":"https:\/\/podkarpacka.iarp.pl\/index.php?rest_route=\/wp\/v2\/posts\/1938\/revisions\/1940"}],"wp:featuredmedia":[{"embeddable":true,"href":"https:\/\/podkarpacka.iarp.pl\/index.php?rest_route=\/wp\/v2\/media\/861"}],"wp:attachment":[{"href":"https:\/\/podkarpacka.iarp.pl\/index.php?rest_route=%2Fwp%2Fv2%2Fmedia&parent=1938"}],"wp:term":[{"taxonomy":"category","embeddable":true,"href":"https:\/\/podkarpacka.iarp.pl\/index.php?rest_route=%2Fwp%2Fv2%2Fcategories&post=1938"},{"taxonomy":"post_tag","embeddable":true,"href":"https:\/\/podkarpacka.iarp.pl\/index.php?rest_route=%2Fwp%2Fv2%2Ftags&post=1938"}],"curies":[{"name":"wp","href":"https:\/\/api.w.org\/{rel}","templated":true}]}}