{"id":1945,"date":"2017-11-22T03:05:27","date_gmt":"2017-11-22T01:05:27","guid":{"rendered":"http:\/\/podkarpacka.iarp.pl\/?p=1945"},"modified":"2017-11-22T03:05:27","modified_gmt":"2017-11-22T01:05:27","slug":"07-12-2017-mega-archiczwartek-grzegorz-piatek-piotr-lewicki-ewa-mankowska-grin","status":"publish","type":"post","link":"https:\/\/podkarpacka.iarp.pl\/?p=1945","title":{"rendered":"[07.12.2017] MEGA ARCHICZWARTEK &#8211; GRZEGORZ PI\u0104TEK, PIOTR LEWICKI, EWA MA\u0143KOWSKA-GRIN"},"content":{"rendered":"<p><img loading=\"lazy\" decoding=\"async\" class=\"size-full wp-image-195 alignleft\" style=\"margin: 15px 15px 0 0;\" src=\"http:\/\/rzeszow.sarp.org.pl\/wp-content\/uploads\/2016\/02\/archiczwartki-1.jpg\" alt=\"archiczwartki\" width=\"249\" height=\"165\" \/><\/p>\n<h4 style=\"text-align: right;\"><strong>SPOTKANIE Z SERII ARCHICZWARTKI<\/strong><br \/>\nBLISKIE SPOTKANIA Z ARCHITEKTUR\u0104<\/h4>\n<hr \/>\n<h5 style=\"text-align: right;\"><strong>Termin: 07-12-2017, 17:00<br \/>\nRzesz\u00f3w, Rynek 1 \u2013 Ratusz (Sala \u201e\u015alub\u00f3w\u201d)<\/strong><\/h5>\n<hr \/>\n<p style=\"text-align: justify;\">W imieniu SARP oddzia\u0142 w Rzeszowie, w ramach bliskich spotka\u0144 z Architektur\u0105 \u201eARCHI \u2013 CZWARTKI\u201d, zapraszamy serdecznie <b>7 grudnia o godz. 17.00 do Ratusza w Rzeszowie na wyj\u0105tkowe\u00a0spotkanie!<\/b>\u00a0 Tr\u00f3jka naszych go\u015bci, porozmawia o\u00a0 tym i\u017c\u00a0\u00a0<strong>Architektura jest najwa\u017cniejsza. Piotr Lewicki wraz z<\/strong>\u00a0<strong>Grzegorzem Pi\u0105tkiem<\/strong> na temat ksi\u0105\u017cki <strong>&#8220;Rozmowy drugie\u201d Ewy Ma\u0144kowskiej-Grin<\/strong>.<\/p>\n<p style=\"text-align: justify;\">Spotykamy si\u0119 w sali \u015blub\u00f3w Ratusza Miejskiego (Rzesz\u00f3w, Rynek 1).<\/p>\n<h3 style=\"text-align: justify;\"><strong>Nasi go\u015bcie<\/strong><\/h3>\n<p>&nbsp;<\/p>\n<blockquote><p><strong>PIOTR LEWICKI<\/strong><\/p>\n<p><strong>polski architekt, reprezentuj\u0105cy Biuro Projekt\u00f3w Lewicki \u0141atak z Krakowa.<\/strong><\/p>\n<p>Piotr Lewicki i Kazimierz \u0141atak pracuj\u0105 razem nieprzerwanie od 1988 roku. Piotr Lewicki i Kazimierz \u0141atak s\u0105 absolwentami Wydzia\u0142u Architektury, a Kazimierz \u0141atak r\u00f3wnie\u017c Wydzia\u0142u In\u017cynierii L\u0105dowej Politechniki Krakowskiej. Tam te\u017c po studiach pracowali jako wyk\u0142adowcy.<br \/>\nWsp\u00f3ln\u0105 pracowni\u0119 prowadz\u0105 od 1995 roku. S\u0105 laureatami kilkudziesi\u0119ciu konkurs\u00f3w architektonicznych, autorami wielu budynk\u00f3w, nie tylko w Krakowie. Zrealizowany konkurs na zagospodarowanie placu Bohater\u00f3w Getta w Krakowie przyni\u00f3s\u0142 im nominacj\u0119 do europejskiej nagrody architektonicznej im. Ludwiga Miesa van der Rohe 2007, a osiedle mieszkalne Corte Verona we Wroc\u0142awiu &#8211; nagrod\u0119 g\u0142\u00f3wn\u0105 w konkursie Brick Award 2013<\/p><\/blockquote>\n<hr \/>\n<p>&nbsp;<\/p>\n<blockquote><p><strong>EWA MA\u0143KOWSKA-GRIN<\/strong><\/p>\n<p><strong>polska artystka, malarka, w\u0142a\u015bcicielka wydawnictwa EMG.<\/strong><\/p>\n<p>W latach 1984-1989 studiowa\u0142a na Wydziale Malarstwa w krakowskiej Akademii Sztuk Pi\u0119knych, w pracowni profesora Juliusza Joniaka, a w latach 1987-1988 na Wydziale Malarstwa Uniwersytetu Tsukuba w Japonii. W latach 1990-1991 by\u0142a stypendystk\u0105 rz\u0105du japo\u0144skiego i na tej samej uczelni studiowa\u0142a podyplomowo. Wystawia\u0142a m.in. w Nowym Jorku, Tokio, Tsukubie (Japonia), Velmarze (Niemcy) i Pradze. W 1989 roku zdoby\u0142a II nagrod\u0119 Przegl\u0105du Sztuki M\u0142odych w Krakowie.<\/p><\/blockquote>\n<hr \/>\n<p>&nbsp;<\/p>\n<blockquote><p><b>GRZEGORZ PI\u0104TEK<\/b><\/p>\n<p><strong>polski architekt, krytyk i historyk architektury,<\/strong><\/p>\n<p>w latach 2005\u20132011 redaktor miesi\u0119cznika \u201eArchitektura-Murator\u201d, od 2011 cz\u0142onek zarz\u0105du Fundacji Centrum Architektury.Absolwent Wydzia\u0142u Architektury Politechniki Warszawskiej (2006).W latach 2008-2009 koordynator cz\u0119\u015bci architektonicznej Polska!Year \u2013 polskiego sezonu kulturalnego w Wielkiej Brytanii (organizator: Instytut Adama Mickiewicza) Kurator wystaw i projekt\u00f3w artystycznych zwi\u0105zanych z architektur\u0105. W latach 2014-2017 roku sta\u0142y felietonista \u201eGazety Sto\u0142ecznej\u201d. Autor biografii Stefana Starzy\u0144skiego Sanator. Kariera Stefana Starzy\u0144skiego (Warszawa 2016). Doroczna Nagroda Ministra Kultury i Dziedzictwa Narodowego za 2008 rok, Dyplom Ministra Spraw Zagranicznych za promocj\u0119 Polski na \u015bwiecie (2009), Nagroda Literacka m.st. Warszawy w kategorii Edycja warszawska za rok 2016 za ksi\u0105\u017ck\u0119 Sanator. Kariera Stefana Starzy\u0144skiego (2017)[10]<br \/>\nnominacje w konkursach Nagroda im. Jana D\u0142ugosza[11] oraz Ksi\u0105\u017cka Historyczna Roku za ksi\u0105\u017ck\u0119 Sanator. Kariera Stefana Starzy\u0144skiego (2017)<\/p><\/blockquote>\n<hr \/>\n<p>&nbsp;<\/p>\n<blockquote><p><strong>ROZMOWY DRUGIE &#8211; ARCHITEKTURA JEST NAJWA\u017bNIEJSZA<\/strong><\/p>\n<p><strong>Ksi\u0105\u017cka , gdzie Ewa Ma\u0144kowska-Grin rozmawia z historykami sztuki i krytykami architektury:<\/strong> Mart\u0105 Le\u015bniakowsk\u0105, Ma\u0142gorzat\u0105 Omilanowsk\u0105, Mart\u0105 A. Urba\u0144sk\u0105, Grzegorzem Pi\u0105tkiem, Jackiem Purchl\u0105, Romanem Rutkowskim, Kub\u0105 Snopkiem i Andrzejem Szczerskim.\u00a0Rozwa\u017cane tematy to mi\u0119dzy innymi: chaos urbanistyczny, odpowiedzialno\u015b\u0107 za przestrze\u0144 wsp\u00f3ln\u0105, degeneracja krajobrazu, ekologia w projektowaniu i urbanistyce. Rozmowy bior\u0105 pocz\u0105tek z zagadnie\u0144 og\u00f3lnych, by w trakcie dyskusji przerodzi\u0107 si\u0119 w diagnoz\u0119 sytuacji urbanistycznej i architektonicznej Polski stawian\u0105 w oparciu o detal i konkret. Spojrzenie historyk\u00f3w sztuki i krytyk\u00f3w architektury na omawian\u0105 problematyk\u0119 w wielu miejscach r\u00f3\u017cni si\u0119 znacz\u0105co od podej\u015bcia architekt\u00f3w \u2013 rozm\u00f3wc\u00f3w pierwszego tomu serii.<\/p><\/blockquote>\n<hr \/>\n<p>&nbsp;<\/p>\n<p style=\"text-align: justify;\"><strong>\u2013&gt; Zapisy na Wydarzenie \u2013&gt;<a href=\"https:\/\/www.facebook.com\/events\/339648866502031\/\">\u00a0https:\/\/www.facebook.com\/events\/339648866502031\/<\/a><\/strong><\/p>\n<hr \/>\n<p style=\"text-align: justify;\"><strong>Po zako\u0144czeniu spotkania zapraszamy do siedziby SARP, Rynek 8 na spotkanie networkingowe z kolegami architektami.<\/strong><\/p>\n<hr \/>\n<p style=\"text-align: justify;\">\u00a0<a href=\"http:\/\/rzeszow.sarp.org.pl\/wp-content\/uploads\/2017\/11\/ARCHICZWARTKI-LEWICKI-PIATEK-MANKOWSKA-GRIN.jpg\"><img loading=\"lazy\" decoding=\"async\" class=\"aligncenter size-full wp-image-1724\" src=\"http:\/\/rzeszow.sarp.org.pl\/wp-content\/uploads\/2017\/11\/ARCHICZWARTKI-LEWICKI-PIATEK-MANKOWSKA-GRIN.jpg\" alt=\"\" width=\"1240\" height=\"1804\" \/><\/a><\/p>\n","protected":false},"excerpt":{"rendered":"<p>SPOTKANIE Z SERII ARCHICZWARTKI BLISKIE SPOTKANIA Z ARCHITEKTUR\u0104 Termin: 07-12-2017, 17:00 Rzesz\u00f3w, Rynek 1 \u2013 Ratusz (Sala \u201e\u015alub\u00f3w\u201d) W imieniu SARP oddzia\u0142 w Rzeszowie, w ramach bliskich spotka\u0144 z Architektur\u0105 \u201eARCHI \u2013 CZWARTKI\u201d, zapraszamy serdecznie 7 grudnia o godz. 17.00 do Ratusza w Rzeszowie na wyj\u0105tkowe\u00a0spotkanie!\u00a0 Tr\u00f3jka naszych go\u015bci, porozmawia o\u00a0 tym i\u017c\u00a0\u00a0Architektura jest najwa\u017cniejsza. [&hellip;]<\/p>\n","protected":false},"author":7,"featured_media":1946,"comment_status":"closed","ping_status":"open","sticky":false,"template":"","format":"standard","meta":{"footnotes":""},"categories":[55],"tags":[],"class_list":["post-1945","post","type-post","status-publish","format-standard","has-post-thumbnail","hentry","category-wydarzenia"],"publishpress_future_action":{"enabled":false,"date":"2026-05-05 17:04:35","action":"change-status","newStatus":"draft","terms":[],"taxonomy":"category","extraData":[]},"publishpress_future_workflow_manual_trigger":{"enabledWorkflows":[]},"_links":{"self":[{"href":"https:\/\/podkarpacka.iarp.pl\/index.php?rest_route=\/wp\/v2\/posts\/1945","targetHints":{"allow":["GET"]}}],"collection":[{"href":"https:\/\/podkarpacka.iarp.pl\/index.php?rest_route=\/wp\/v2\/posts"}],"about":[{"href":"https:\/\/podkarpacka.iarp.pl\/index.php?rest_route=\/wp\/v2\/types\/post"}],"author":[{"embeddable":true,"href":"https:\/\/podkarpacka.iarp.pl\/index.php?rest_route=\/wp\/v2\/users\/7"}],"replies":[{"embeddable":true,"href":"https:\/\/podkarpacka.iarp.pl\/index.php?rest_route=%2Fwp%2Fv2%2Fcomments&post=1945"}],"version-history":[{"count":1,"href":"https:\/\/podkarpacka.iarp.pl\/index.php?rest_route=\/wp\/v2\/posts\/1945\/revisions"}],"predecessor-version":[{"id":1947,"href":"https:\/\/podkarpacka.iarp.pl\/index.php?rest_route=\/wp\/v2\/posts\/1945\/revisions\/1947"}],"wp:featuredmedia":[{"embeddable":true,"href":"https:\/\/podkarpacka.iarp.pl\/index.php?rest_route=\/wp\/v2\/media\/1946"}],"wp:attachment":[{"href":"https:\/\/podkarpacka.iarp.pl\/index.php?rest_route=%2Fwp%2Fv2%2Fmedia&parent=1945"}],"wp:term":[{"taxonomy":"category","embeddable":true,"href":"https:\/\/podkarpacka.iarp.pl\/index.php?rest_route=%2Fwp%2Fv2%2Fcategories&post=1945"},{"taxonomy":"post_tag","embeddable":true,"href":"https:\/\/podkarpacka.iarp.pl\/index.php?rest_route=%2Fwp%2Fv2%2Ftags&post=1945"}],"curies":[{"name":"wp","href":"https:\/\/api.w.org\/{rel}","templated":true}]}}