{"id":1949,"date":"2017-12-07T14:51:50","date_gmt":"2017-12-07T12:51:50","guid":{"rendered":"http:\/\/podkarpacka.iarp.pl\/?p=1949"},"modified":"2017-12-07T14:52:33","modified_gmt":"2017-12-07T12:52:33","slug":"zmarl-nasz-kolega-mgr-inz-arch-zdzislaw-klodkowski","status":"publish","type":"post","link":"https:\/\/podkarpacka.iarp.pl\/?p=1949","title":{"rendered":"Zmar\u0142 nasz Kolega mgr in\u017c. arch. Zdzis\u0142aw K\u0142odkowski."},"content":{"rendered":"<p>&nbsp;<\/p>\n<h3>Z \u017calem zawiadamiamy.<br \/>\n&nbsp;<br \/>\nW dniu 6 grudnia 2017 r. zmar\u0142 <strong>nasz Kolega mgr in\u017c. arch. Zdzis\u0142aw K\u0142odkowski.<\/strong><\/p>\n<p>Pogrzeb odb\u0119dzie si\u0119 w dniu 9 grudnia 2017 r. o godz. 11.30 na cmentarzu Wilkowyja w Rzeszowie<\/h3>\n<p>&nbsp;<br \/>\nSARP O\/Rzesz\u00f3w Podkarpacka Okr\u0119gowa Izba Architekt\u00f3w<\/p>\n","protected":false},"excerpt":{"rendered":"<p>&nbsp; Z \u017calem zawiadamiamy. &nbsp; W dniu 6 grudnia 2017 r. zmar\u0142 nasz Kolega mgr in\u017c. arch. Zdzis\u0142aw K\u0142odkowski. Pogrzeb odb\u0119dzie si\u0119 w dniu 9 grudnia 2017 r. o godz. 11.30 na cmentarzu Wilkowyja w Rzeszowie &nbsp; SARP O\/Rzesz\u00f3w Podkarpacka Okr\u0119gowa Izba Architekt\u00f3w<\/p>\n","protected":false},"author":7,"featured_media":1613,"comment_status":"closed","ping_status":"open","sticky":false,"template":"","format":"standard","meta":{"footnotes":""},"categories":[56],"tags":[],"class_list":["post-1949","post","type-post","status-publish","format-standard","has-post-thumbnail","hentry","category-informacje-rady"],"publishpress_future_action":{"enabled":false,"date":"2026-05-08 16:45:55","action":"change-status","newStatus":"draft","terms":[],"taxonomy":"category","extraData":[]},"publishpress_future_workflow_manual_trigger":{"enabledWorkflows":[]},"_links":{"self":[{"href":"https:\/\/podkarpacka.iarp.pl\/index.php?rest_route=\/wp\/v2\/posts\/1949","targetHints":{"allow":["GET"]}}],"collection":[{"href":"https:\/\/podkarpacka.iarp.pl\/index.php?rest_route=\/wp\/v2\/posts"}],"about":[{"href":"https:\/\/podkarpacka.iarp.pl\/index.php?rest_route=\/wp\/v2\/types\/post"}],"author":[{"embeddable":true,"href":"https:\/\/podkarpacka.iarp.pl\/index.php?rest_route=\/wp\/v2\/users\/7"}],"replies":[{"embeddable":true,"href":"https:\/\/podkarpacka.iarp.pl\/index.php?rest_route=%2Fwp%2Fv2%2Fcomments&post=1949"}],"version-history":[{"count":4,"href":"https:\/\/podkarpacka.iarp.pl\/index.php?rest_route=\/wp\/v2\/posts\/1949\/revisions"}],"predecessor-version":[{"id":4168,"href":"https:\/\/podkarpacka.iarp.pl\/index.php?rest_route=\/wp\/v2\/posts\/1949\/revisions\/4168"}],"wp:featuredmedia":[{"embeddable":true,"href":"https:\/\/podkarpacka.iarp.pl\/index.php?rest_route=\/wp\/v2\/media\/1613"}],"wp:attachment":[{"href":"https:\/\/podkarpacka.iarp.pl\/index.php?rest_route=%2Fwp%2Fv2%2Fmedia&parent=1949"}],"wp:term":[{"taxonomy":"category","embeddable":true,"href":"https:\/\/podkarpacka.iarp.pl\/index.php?rest_route=%2Fwp%2Fv2%2Fcategories&post=1949"},{"taxonomy":"post_tag","embeddable":true,"href":"https:\/\/podkarpacka.iarp.pl\/index.php?rest_route=%2Fwp%2Fv2%2Ftags&post=1949"}],"curies":[{"name":"wp","href":"https:\/\/api.w.org\/{rel}","templated":true}]}}