{"id":1965,"date":"2017-12-15T21:55:24","date_gmt":"2017-12-15T19:55:24","guid":{"rendered":"http:\/\/podkarpacka.iarp.pl\/?p=1965"},"modified":"2018-05-22T15:32:47","modified_gmt":"2018-05-22T13:32:47","slug":"egzamin-na-uprawnienia-budowlane-2018","status":"publish","type":"post","link":"https:\/\/podkarpacka.iarp.pl\/?p=1965","title":{"rendered":"EGZAMIN NA UPRAWNIENIA BUDOWLANE 2018"},"content":{"rendered":"<p><a href=\"https:\/\/podkarpacka.iarp.pl\/wp-content\/uploads\/2015\/02\/logo-izba-male.png\"><img loading=\"lazy\" decoding=\"async\" class=\"alignleft size-full wp-image-470\" style=\"margin: 20px 20px 0px; text-align: left;\" src=\"https:\/\/podkarpacka.iarp.pl\/wp-content\/uploads\/2015\/02\/logo-izba-male.png\" alt=\"logo izba male\" width=\"140\" height=\"80\" \/><\/a><\/p>\n<h2 style=\"margin: 0px 10px 0px; text-align: left;\">EGZAMIN NA UPRAWNIENIA BUDOWLANE W PODKARPACKIEJ OKR\u0118GOWEJ IZBIE ARCHITEKT\u00d3W<\/h2>\n<hr style=\"margin: 10px 0px 25px;\" \/>\n<p>&nbsp;<\/p>\n<p>Krajowa Komisja Kwalifikacyjna Izby Architekt\u00f3w RP uprzejmie informuje, \u017ce termin<br \/>\negzaminu pisemnego na uprawnienia budowlane w specjalno\u015bci architektonicznej we<br \/>\nwszystkich rodzajach i specjalno\u015bciach nadawanych przez Izb\u0119 Architekt\u00f3w RP,<br \/>\nwymienionych w Rozporz\u0105dzeniu Ministra Infrastruktury i Rozwoju z dnia 11 wrze\u015bnia 2014r.<br \/>\nw sprawie samodzielnych funkcji technicznych w budownictwie (Dz. U. 2014 poz. 1278):<br \/>\n1. do projektowania i kierowania robotami budowlanymi bez ogranicze\u0144;<br \/>\n2. do projektowania bez ogranicze\u0144;<br \/>\n3. do kierowania robotami budowlanymi bez ogranicze\u0144;<br \/>\n4. do projektowania i kierowania robotami budowlanymi w ograniczonym zakresie;<br \/>\n5. do projektowania w ograniczonym zakresie;<\/p>\n<p class=\"p1\" style=\"text-align: justify;\"><span class=\"s1\">6. do kierowania robotami budowlanymi w ograniczonym zakresie.<\/span><\/p>\n<p class=\"p1\" style=\"text-align: justify;\"><span class=\"s1\"><strong>Uprzejmie\u00a0informujemy, \u017ce w sesji letniej\u00a0egzamin na uprawnienia budowlane w specjalno\u015bci architektonicznej bez ogranicze\u0144 odb\u0119dzie si\u0119 8\u00a0czerwca 2018r natomiast w sesji zimowej 7 grudnia 2018r.<\/strong><\/span><\/p>\n<p class=\"p1\" style=\"text-align: justify;\"><span class=\"s1\"><strong>Jednocze\u015bnie przypominamy o sk\u0142adaniu dokument\u00f3w o przeprowadzenie post\u0119powania kwalifikacyjnego do niniejszego egzaminu w nieprzekraczalnym terminie do dnia 8\u00a0marca 2018r dla sesji letniej i 7 wrze\u015bnia dla sesji zimowej.<\/strong><\/span><\/p>\n<p class=\"p1\" style=\"text-align: justify;\"><span class=\"s1\"><span class=\"s1\"><strong>Terminy egzamin\u00f3w<\/strong><\/span> na uprawnienia budowlane w specjalno\u015bci architektonicznej w 2018:<strong><br \/>\n<\/strong><\/span><\/p>\n<table style=\"height: 156px;\" width=\"607\">\n<tbody>\n<tr>\n<td width=\"170\">\n<h1 style=\"margin: -10px 0px; text-align: left;\"><span style=\"color: #808080;\"><strong>2018\u00a0ROK<\/strong><\/span><\/h1>\n<\/td>\n<td style=\"text-align: center;\" width=\"220\">\n<h5 style=\"margin: -10px 0px;\">TERMIN EGZAMINU<\/h5>\n<\/td>\n<td width=\"220\">\n<h5 style=\"margin: -10px 0px; text-align: center;\">OSTATECZNY TERMIN SK\u0141ADANIA WNIOSK\u00d3W<\/h5>\n<\/td>\n<\/tr>\n<tr>\n<td>\n<h4 style=\"margin: -10px 0px; text-align: left;\">LETNIA SESJA EGZAMINACYJNA<\/h4>\n<\/td>\n<td>\n<h3 style=\"margin: -10px 0px; text-align: center;\">8 czerwca 2018<\/h3>\n<\/td>\n<td>\n<h3 style=\"margin: -10px 0px; text-align: center;\">8 marca 2018<\/h3>\n<\/td>\n<\/tr>\n<tr>\n<td>\n<h4 style=\"margin: -10px 0px; text-align: left;\">ZIMOWA SESJA EGZAMINACYJNA<\/h4>\n<\/td>\n<td style=\"text-align: center;\">\n<h3 style=\"margin: -10px 0px;\">\u00a07 grudnia 2018<\/h3>\n<\/td>\n<td>\n<h3 style=\"margin: -10px 0px; text-align: center;\">7 wrze\u015bnia 2018<\/h3>\n<\/td>\n<\/tr>\n<\/tbody>\n<\/table>\n<p style=\"text-align: justify;\">Przypominamy o corocznych zmianach termin\u00f3w egzamin\u00f3w i sprawdzaniu aktualnych termin\u00f3w w zak\u0142adce:<strong> <a href=\"\/?page_id=433\">EGZAMIN NA UPRAWNIENIA<\/a><\/strong><\/p>\n","protected":false},"excerpt":{"rendered":"<p>EGZAMIN NA UPRAWNIENIA BUDOWLANE W PODKARPACKIEJ OKR\u0118GOWEJ IZBIE ARCHITEKT\u00d3W &nbsp; Krajowa Komisja Kwalifikacyjna Izby Architekt\u00f3w RP uprzejmie informuje, \u017ce termin egzaminu pisemnego na uprawnienia budowlane w specjalno\u015bci architektonicznej we wszystkich rodzajach i specjalno\u015bciach nadawanych przez Izb\u0119 Architekt\u00f3w RP, wymienionych w Rozporz\u0105dzeniu Ministra Infrastruktury i Rozwoju z dnia 11 wrze\u015bnia 2014r. w sprawie samodzielnych funkcji technicznych [&hellip;]<\/p>\n","protected":false},"author":7,"featured_media":1551,"comment_status":"closed","ping_status":"open","sticky":false,"template":"","format":"standard","meta":{"footnotes":""},"categories":[56],"tags":[],"class_list":["post-1965","post","type-post","status-publish","format-standard","has-post-thumbnail","hentry","category-informacje-rady"],"publishpress_future_action":{"enabled":false,"date":"2026-05-08 16:51:00","action":"change-status","newStatus":"draft","terms":[],"taxonomy":"category","extraData":[]},"publishpress_future_workflow_manual_trigger":{"enabledWorkflows":[]},"_links":{"self":[{"href":"https:\/\/podkarpacka.iarp.pl\/index.php?rest_route=\/wp\/v2\/posts\/1965","targetHints":{"allow":["GET"]}}],"collection":[{"href":"https:\/\/podkarpacka.iarp.pl\/index.php?rest_route=\/wp\/v2\/posts"}],"about":[{"href":"https:\/\/podkarpacka.iarp.pl\/index.php?rest_route=\/wp\/v2\/types\/post"}],"author":[{"embeddable":true,"href":"https:\/\/podkarpacka.iarp.pl\/index.php?rest_route=\/wp\/v2\/users\/7"}],"replies":[{"embeddable":true,"href":"https:\/\/podkarpacka.iarp.pl\/index.php?rest_route=%2Fwp%2Fv2%2Fcomments&post=1965"}],"version-history":[{"count":4,"href":"https:\/\/podkarpacka.iarp.pl\/index.php?rest_route=\/wp\/v2\/posts\/1965\/revisions"}],"predecessor-version":[{"id":2153,"href":"https:\/\/podkarpacka.iarp.pl\/index.php?rest_route=\/wp\/v2\/posts\/1965\/revisions\/2153"}],"wp:featuredmedia":[{"embeddable":true,"href":"https:\/\/podkarpacka.iarp.pl\/index.php?rest_route=\/wp\/v2\/media\/1551"}],"wp:attachment":[{"href":"https:\/\/podkarpacka.iarp.pl\/index.php?rest_route=%2Fwp%2Fv2%2Fmedia&parent=1965"}],"wp:term":[{"taxonomy":"category","embeddable":true,"href":"https:\/\/podkarpacka.iarp.pl\/index.php?rest_route=%2Fwp%2Fv2%2Fcategories&post=1965"},{"taxonomy":"post_tag","embeddable":true,"href":"https:\/\/podkarpacka.iarp.pl\/index.php?rest_route=%2Fwp%2Fv2%2Ftags&post=1965"}],"curies":[{"name":"wp","href":"https:\/\/api.w.org\/{rel}","templated":true}]}}