{"id":1976,"date":"2017-12-17T03:19:51","date_gmt":"2017-12-17T01:19:51","guid":{"rendered":"http:\/\/podkarpacka.iarp.pl\/?p=1976"},"modified":"2017-12-17T03:19:51","modified_gmt":"2017-12-17T01:19:51","slug":"zyczenia-z-okazji-swiat-bozego-narodzenia","status":"publish","type":"post","link":"https:\/\/podkarpacka.iarp.pl\/?p=1976","title":{"rendered":"\u017byczenia z okazji \u015awi\u0105t Bo\u017cego Narodzenia"},"content":{"rendered":"<h3 style=\"text-align: center;\">Z okazji nadchodz\u0105cych \u015awi\u0105t Bo\u017cego Narodzenia chcemy \u017cyczy\u0107 Pa\u0144stwu, aby aby te \u015bwi\u0119ta, a tak\u017ce ca\u0142y nadchodz\u0105cy rok up\u0142ywa\u0142 Wam w harmonii i zadumie, by nigdy nie zabrak\u0142o Wam ciep\u0142a drugiej osoby, a ka\u017cdy dzie\u0144 by\u0142 pe\u0142en niezapomnianych chwil.<\/h3>\n<p style=\"text-align: center;\">Zarz\u0105d i Pracownicy Podkarpackiej Okr\u0119gowej Izby Architekt\u00f3w RP<\/p>\n<p style=\"text-align: center;\">\n<hr \/>\n<p style=\"text-align: center;\"><a href=\"https:\/\/podkarpacka.iarp.pl\/wp-content\/uploads\/2017\/12\/kartka-swiateczna-izba-architektow.jpg\"><img loading=\"lazy\" decoding=\"async\" class=\"aligncenter size-large wp-image-1978\" src=\"https:\/\/podkarpacka.iarp.pl\/wp-content\/uploads\/2017\/12\/kartka-swiateczna-izba-architektow-1024x683.jpg\" alt=\"\" width=\"770\" height=\"514\" srcset=\"https:\/\/podkarpacka.iarp.pl\/wp-content\/uploads\/2017\/12\/kartka-swiateczna-izba-architektow-1024x683.jpg 1024w, https:\/\/podkarpacka.iarp.pl\/wp-content\/uploads\/2017\/12\/kartka-swiateczna-izba-architektow-300x200.jpg 300w, https:\/\/podkarpacka.iarp.pl\/wp-content\/uploads\/2017\/12\/kartka-swiateczna-izba-architektow-768x512.jpg 768w, https:\/\/podkarpacka.iarp.pl\/wp-content\/uploads\/2017\/12\/kartka-swiateczna-izba-architektow.jpg 1500w\" sizes=\"auto, (max-width: 770px) 100vw, 770px\" \/><\/a><\/p>\n","protected":false},"excerpt":{"rendered":"<p>Z okazji nadchodz\u0105cych \u015awi\u0105t Bo\u017cego Narodzenia chcemy \u017cyczy\u0107 Pa\u0144stwu, aby aby te \u015bwi\u0119ta, a tak\u017ce ca\u0142y nadchodz\u0105cy rok up\u0142ywa\u0142 Wam w harmonii i zadumie, by nigdy nie zabrak\u0142o Wam ciep\u0142a drugiej osoby, a ka\u017cdy dzie\u0144 by\u0142 pe\u0142en niezapomnianych chwil. Zarz\u0105d i Pracownicy Podkarpackiej Okr\u0119gowej Izby Architekt\u00f3w RP<\/p>\n","protected":false},"author":7,"featured_media":1979,"comment_status":"closed","ping_status":"open","sticky":false,"template":"","format":"standard","meta":{"footnotes":""},"categories":[56],"tags":[],"class_list":["post-1976","post","type-post","status-publish","format-standard","has-post-thumbnail","hentry","category-informacje-rady"],"publishpress_future_action":{"enabled":false,"date":"2026-05-08 16:51:00","action":"change-status","newStatus":"draft","terms":[],"taxonomy":"category","extraData":[]},"publishpress_future_workflow_manual_trigger":{"enabledWorkflows":[]},"_links":{"self":[{"href":"https:\/\/podkarpacka.iarp.pl\/index.php?rest_route=\/wp\/v2\/posts\/1976","targetHints":{"allow":["GET"]}}],"collection":[{"href":"https:\/\/podkarpacka.iarp.pl\/index.php?rest_route=\/wp\/v2\/posts"}],"about":[{"href":"https:\/\/podkarpacka.iarp.pl\/index.php?rest_route=\/wp\/v2\/types\/post"}],"author":[{"embeddable":true,"href":"https:\/\/podkarpacka.iarp.pl\/index.php?rest_route=\/wp\/v2\/users\/7"}],"replies":[{"embeddable":true,"href":"https:\/\/podkarpacka.iarp.pl\/index.php?rest_route=%2Fwp%2Fv2%2Fcomments&post=1976"}],"version-history":[{"count":2,"href":"https:\/\/podkarpacka.iarp.pl\/index.php?rest_route=\/wp\/v2\/posts\/1976\/revisions"}],"predecessor-version":[{"id":1980,"href":"https:\/\/podkarpacka.iarp.pl\/index.php?rest_route=\/wp\/v2\/posts\/1976\/revisions\/1980"}],"wp:featuredmedia":[{"embeddable":true,"href":"https:\/\/podkarpacka.iarp.pl\/index.php?rest_route=\/wp\/v2\/media\/1979"}],"wp:attachment":[{"href":"https:\/\/podkarpacka.iarp.pl\/index.php?rest_route=%2Fwp%2Fv2%2Fmedia&parent=1976"}],"wp:term":[{"taxonomy":"category","embeddable":true,"href":"https:\/\/podkarpacka.iarp.pl\/index.php?rest_route=%2Fwp%2Fv2%2Fcategories&post=1976"},{"taxonomy":"post_tag","embeddable":true,"href":"https:\/\/podkarpacka.iarp.pl\/index.php?rest_route=%2Fwp%2Fv2%2Ftags&post=1976"}],"curies":[{"name":"wp","href":"https:\/\/api.w.org\/{rel}","templated":true}]}}