{"id":1982,"date":"2018-01-31T21:11:00","date_gmt":"2018-01-31T19:11:00","guid":{"rendered":"http:\/\/podkarpacka.iarp.pl\/?p=1982"},"modified":"2018-01-31T21:17:34","modified_gmt":"2018-01-31T19:17:34","slug":"targi-budma-2018","status":"publish","type":"post","link":"https:\/\/podkarpacka.iarp.pl\/?p=1982","title":{"rendered":"TARGI BUDMA 2018"},"content":{"rendered":"<p><strong>BUDMA<\/strong>\u00a0czyli\u00a0<strong>Mi\u0119dzynarodowe Targi Budownictwa i Architektury<\/strong>, to jedno z najwa\u017cniejszych miejsc spotka\u0144 producent\u00f3w i dystrybutor\u00f3w nowoczesnych technologii i materia\u0142\u00f3w budowlanych z przedstawicielami handlu, architektami, wykonawcami i inwestorami w Europie.<\/p>\n<p>foto.: kol arch. Andrzej Depa<\/p>\n<p><a href=\"https:\/\/podkarpacka.iarp.pl\/wp-content\/uploads\/2018\/01\/27535311_10211151904972167_1730195490_o.jpg\"><img loading=\"lazy\" decoding=\"async\" class=\"aligncenter size-large wp-image-1983\" src=\"https:\/\/podkarpacka.iarp.pl\/wp-content\/uploads\/2018\/01\/27535311_10211151904972167_1730195490_o-1024x576.jpg\" alt=\"\" width=\"770\" height=\"433\" srcset=\"https:\/\/podkarpacka.iarp.pl\/wp-content\/uploads\/2018\/01\/27535311_10211151904972167_1730195490_o-1024x576.jpg 1024w, https:\/\/podkarpacka.iarp.pl\/wp-content\/uploads\/2018\/01\/27535311_10211151904972167_1730195490_o-300x169.jpg 300w, https:\/\/podkarpacka.iarp.pl\/wp-content\/uploads\/2018\/01\/27535311_10211151904972167_1730195490_o-768x432.jpg 768w, https:\/\/podkarpacka.iarp.pl\/wp-content\/uploads\/2018\/01\/27535311_10211151904972167_1730195490_o.jpg 2048w\" sizes=\"auto, (max-width: 770px) 100vw, 770px\" \/><\/a><a href=\"https:\/\/podkarpacka.iarp.pl\/wp-content\/uploads\/2018\/01\/27536754_10211151417039969_1306320894_o.jpg\"><img loading=\"lazy\" decoding=\"async\" class=\"aligncenter size-large wp-image-1985\" src=\"https:\/\/podkarpacka.iarp.pl\/wp-content\/uploads\/2018\/01\/27536754_10211151417039969_1306320894_o-1024x676.jpg\" alt=\"\" width=\"770\" height=\"508\" srcset=\"https:\/\/podkarpacka.iarp.pl\/wp-content\/uploads\/2018\/01\/27536754_10211151417039969_1306320894_o-1024x676.jpg 1024w, https:\/\/podkarpacka.iarp.pl\/wp-content\/uploads\/2018\/01\/27536754_10211151417039969_1306320894_o-300x198.jpg 300w, https:\/\/podkarpacka.iarp.pl\/wp-content\/uploads\/2018\/01\/27536754_10211151417039969_1306320894_o-768x507.jpg 768w, https:\/\/podkarpacka.iarp.pl\/wp-content\/uploads\/2018\/01\/27536754_10211151417039969_1306320894_o.jpg 2048w\" sizes=\"auto, (max-width: 770px) 100vw, 770px\" \/><\/a><a href=\"https:\/\/podkarpacka.iarp.pl\/wp-content\/uploads\/2018\/01\/27537087_10211151905092170_1193067564_o.jpg\"><img loading=\"lazy\" decoding=\"async\" class=\"aligncenter size-large wp-image-1986\" src=\"https:\/\/podkarpacka.iarp.pl\/wp-content\/uploads\/2018\/01\/27537087_10211151905092170_1193067564_o-1024x576.jpg\" alt=\"\" width=\"770\" height=\"433\" srcset=\"https:\/\/podkarpacka.iarp.pl\/wp-content\/uploads\/2018\/01\/27537087_10211151905092170_1193067564_o-1024x576.jpg 1024w, https:\/\/podkarpacka.iarp.pl\/wp-content\/uploads\/2018\/01\/27537087_10211151905092170_1193067564_o-300x169.jpg 300w, https:\/\/podkarpacka.iarp.pl\/wp-content\/uploads\/2018\/01\/27537087_10211151905092170_1193067564_o-768x432.jpg 768w, https:\/\/podkarpacka.iarp.pl\/wp-content\/uploads\/2018\/01\/27537087_10211151905092170_1193067564_o.jpg 2048w\" sizes=\"auto, (max-width: 770px) 100vw, 770px\" \/><\/a><a href=\"https:\/\/podkarpacka.iarp.pl\/wp-content\/uploads\/2018\/01\/27604552_10211151416879965_1248946407_o.jpg\"><img loading=\"lazy\" decoding=\"async\" class=\"aligncenter size-large wp-image-1987\" src=\"https:\/\/podkarpacka.iarp.pl\/wp-content\/uploads\/2018\/01\/27604552_10211151416879965_1248946407_o-1024x722.jpg\" alt=\"\" width=\"770\" height=\"543\" srcset=\"https:\/\/podkarpacka.iarp.pl\/wp-content\/uploads\/2018\/01\/27604552_10211151416879965_1248946407_o-1024x722.jpg 1024w, https:\/\/podkarpacka.iarp.pl\/wp-content\/uploads\/2018\/01\/27604552_10211151416879965_1248946407_o-300x211.jpg 300w, https:\/\/podkarpacka.iarp.pl\/wp-content\/uploads\/2018\/01\/27604552_10211151416879965_1248946407_o-768x541.jpg 768w, https:\/\/podkarpacka.iarp.pl\/wp-content\/uploads\/2018\/01\/27604552_10211151416879965_1248946407_o.jpg 2048w\" sizes=\"auto, (max-width: 770px) 100vw, 770px\" \/><\/a><a href=\"https:\/\/podkarpacka.iarp.pl\/wp-content\/uploads\/2018\/01\/27650224_10211159662526101_1871317867_o.jpg\"><img loading=\"lazy\" decoding=\"async\" class=\"aligncenter size-large wp-image-1988\" src=\"https:\/\/podkarpacka.iarp.pl\/wp-content\/uploads\/2018\/01\/27650224_10211159662526101_1871317867_o-1024x638.jpg\" alt=\"\" width=\"770\" height=\"480\" srcset=\"https:\/\/podkarpacka.iarp.pl\/wp-content\/uploads\/2018\/01\/27650224_10211159662526101_1871317867_o-1024x638.jpg 1024w, https:\/\/podkarpacka.iarp.pl\/wp-content\/uploads\/2018\/01\/27650224_10211159662526101_1871317867_o-300x187.jpg 300w, https:\/\/podkarpacka.iarp.pl\/wp-content\/uploads\/2018\/01\/27650224_10211159662526101_1871317867_o-768x479.jpg 768w, https:\/\/podkarpacka.iarp.pl\/wp-content\/uploads\/2018\/01\/27650224_10211159662526101_1871317867_o.jpg 2048w\" sizes=\"auto, (max-width: 770px) 100vw, 770px\" \/><\/a><\/p>\n","protected":false},"excerpt":{"rendered":"<p>BUDMA\u00a0czyli\u00a0Mi\u0119dzynarodowe Targi Budownictwa i Architektury, to jedno z najwa\u017cniejszych miejsc spotka\u0144 producent\u00f3w i dystrybutor\u00f3w nowoczesnych technologii i materia\u0142\u00f3w budowlanych z przedstawicielami handlu, architektami, wykonawcami i inwestorami w Europie. foto.: kol arch. Andrzej Depa<\/p>\n","protected":false},"author":7,"featured_media":1984,"comment_status":"closed","ping_status":"open","sticky":false,"template":"","format":"standard","meta":{"footnotes":""},"categories":[55],"tags":[],"class_list":["post-1982","post","type-post","status-publish","format-standard","has-post-thumbnail","hentry","category-wydarzenia"],"publishpress_future_action":{"enabled":false,"date":"2026-05-05 18:30:34","action":"change-status","newStatus":"draft","terms":[],"taxonomy":"category","extraData":[]},"publishpress_future_workflow_manual_trigger":{"enabledWorkflows":[]},"_links":{"self":[{"href":"https:\/\/podkarpacka.iarp.pl\/index.php?rest_route=\/wp\/v2\/posts\/1982","targetHints":{"allow":["GET"]}}],"collection":[{"href":"https:\/\/podkarpacka.iarp.pl\/index.php?rest_route=\/wp\/v2\/posts"}],"about":[{"href":"https:\/\/podkarpacka.iarp.pl\/index.php?rest_route=\/wp\/v2\/types\/post"}],"author":[{"embeddable":true,"href":"https:\/\/podkarpacka.iarp.pl\/index.php?rest_route=\/wp\/v2\/users\/7"}],"replies":[{"embeddable":true,"href":"https:\/\/podkarpacka.iarp.pl\/index.php?rest_route=%2Fwp%2Fv2%2Fcomments&post=1982"}],"version-history":[{"count":1,"href":"https:\/\/podkarpacka.iarp.pl\/index.php?rest_route=\/wp\/v2\/posts\/1982\/revisions"}],"predecessor-version":[{"id":1989,"href":"https:\/\/podkarpacka.iarp.pl\/index.php?rest_route=\/wp\/v2\/posts\/1982\/revisions\/1989"}],"wp:featuredmedia":[{"embeddable":true,"href":"https:\/\/podkarpacka.iarp.pl\/index.php?rest_route=\/wp\/v2\/media\/1984"}],"wp:attachment":[{"href":"https:\/\/podkarpacka.iarp.pl\/index.php?rest_route=%2Fwp%2Fv2%2Fmedia&parent=1982"}],"wp:term":[{"taxonomy":"category","embeddable":true,"href":"https:\/\/podkarpacka.iarp.pl\/index.php?rest_route=%2Fwp%2Fv2%2Fcategories&post=1982"},{"taxonomy":"post_tag","embeddable":true,"href":"https:\/\/podkarpacka.iarp.pl\/index.php?rest_route=%2Fwp%2Fv2%2Ftags&post=1982"}],"curies":[{"name":"wp","href":"https:\/\/api.w.org\/{rel}","templated":true}]}}