{"id":1990,"date":"2018-01-12T21:16:09","date_gmt":"2018-01-12T19:16:09","guid":{"rendered":"http:\/\/podkarpacka.iarp.pl\/?p=1990"},"modified":"2018-01-31T21:17:12","modified_gmt":"2018-01-31T19:17:12","slug":"1990","status":"publish","type":"post","link":"https:\/\/podkarpacka.iarp.pl\/?p=1990","title":{"rendered":"BAL ARCHITEKTA na zamku w Krasiczynie"},"content":{"rendered":"<p>O ARCHbalu 2018 s\u0142\u00f3w kilka.<\/p>\n<p><strong>BAL ARCHITEKTA na zamku w Krasiczynie mamy za sob\u0105.<\/strong><br \/>\nWydarzenie rozpocz\u0119li\u015bmy cyklem przedpo\u0142udniowych prelekcji szkoleniowych, kt\u00f3re przeprowadzili przedstawiciele firm:<br \/>\n<strong>Geze, PCI, Sparterm, MLSystem, Trilux, Wienerberger, Vinderen, Siniat, Promat, Nowy Styl Group.<\/strong><\/p>\n<p>Firma<strong>\u00a0Sparterm<\/strong>\u00a0podczas szkolenia og\u0142osi\u0142a konkurs, w kt\u00f3rym nagrod\u0105 by\u0142 pi\u0119kny biokominek.<br \/>\nNagroda trafi\u0142a do naszego kolegi\u00a0<strong>Tomka Kud\u0142y.<\/strong>\u00a0Gratulacje!<br \/>\nPodczas gdy architekci zdobywali wiedz\u0119 na szkoleniu, ich przyjaciele oraz osoby towarzysz\u0105ce- w liczbie 25 os\u00f3b- mieli dawk\u0119 wra\u017ce\u0144 umys\u0142owo-fizycznych, podczas\u00a0<strong>zorganizowanej do Przemy\u015bla wycieczki z przewodnikiem ubranym w mundur \u017co\u0142nierza CK<\/strong>. Wr\u00f3cili na obiad w stanie pewnego wyczerpania fizycznego\u00a0\ud83d\ude09\u00a0ale szcz\u0119\u015bliwi, \u017ce mieli okazj\u0119 zwiedzi\u0107: Cmentarz austryjacko-rosyjski z I wojny, Fort Zniesienie, Kopiec Tatarski sk\u0105d roztacza si\u0119 najpi\u0119kniejsza panorama miasta, Zamek Kazimierzowski (z wej\u015bciem na baszt\u0119), Katakumby Katedry Przemyskiej. Na zako\u0144czenie uczestnicy wycieczki wyszli po 256 stopniach na wie\u017c\u0119 katedraln\u0105. Mieli niez\u0142\u0105 rozgrzewk\u0119 przed balem!<br \/>\nJa w samym tylko zamku, od 9 rano do rozpocz\u0119cia balu, przesz\u0142am tylko 11 ty\u015b. krok\u00f3w, oni nie mierzyli, lecz mogli ich zrobi\u0107 du\u017co wi\u0119cej ;-).<br \/>\nNast\u0119pnie wszyscy odpoczywali\u015bmy w pokojach hotelowych.<br \/>\nPanie przygotowywa\u0142y si\u0119 do balu, niekt\u00f3re skorzysta\u0142y nawet z us\u0142ug fryzjerki i wiza\u017cystki.<br \/>\nPanowie w tym czasie kibicowali Kamilowi Stochowi, \u0107wicz\u0105c struny g\u0142osowe przed swoimi wieczornymi wyst\u0119pami na balu.<\/p>\n<p><strong>Punktualnie o godzinie 19.00\u00a0 wszyscy byli na Sali balowej.<\/strong><br \/>\nOficjalnego otwarcia\u00a0<strong>Archibalu 2018 dokona\u0142 Prezes SARP O\/ Rzesz\u00f3w kol. Marek Chrobak oraz Przewodnicz\u0105cy OPIARP kol. Andrzej Depa.<\/strong><br \/>\nPodzi\u0119kowali\u015bmy gor\u0105cymi oklaskami\u00a0<strong>naszym sponsorom -firmom, kt\u00f3re wzi\u0119\u0142y udzia\u0142 w szkoleniu.<\/strong><\/p>\n<p>W trakcie balu mieli\u015bmy dwie atrakcje:\u00a0<strong>wyst\u0119p artystyczny Pana Krzysztofa Drabika<\/strong>\u00a0<strong>(pokaz barma\u0144ski w towarzystwie pi\u0119knych tancerek) oraz spotkanie na dziedzi\u0144cu zamkowym z Kamerdynerem i Bia\u0142\u0105 Dam\u0105.<\/strong><\/p>\n<p>Zabawa taneczna przy muzyce mechanicznej trwa\u0142a bez przerwy do godziny 4.00.<br \/>\nNa sali balowej\u00a0<strong>kr\u00f3lowa\u0142y kreacje z lat 20- tych ubieg\u0142ego wieku, panie w sukienkach z fr\u0119dzlami, pi\u00f3rami, panowie w kapeluszach<\/strong>\u2026.<br \/>\nTej atmosfery nawet nie oddadz\u0105 najlepsze zdj\u0119cia.\u00a0<strong>Tam trzeba by\u0142o by\u0107!!!!<\/strong>\u00a0Kolejny raz mieli\u015bmy okazj\u0119 przekona\u0107 si\u0119, jak wspaniale tego typu wydarzenia integruj\u0105 nasze \u015brodowisko- architekt\u00f3w z Podkarpacia.<br \/>\nNie mogli\u015bmy podczas balu og\u0142osi\u0107 konkursu na najlepszy str\u00f3j lat 20-tych (i rozda\u0107 przygotowanych wcze\u015bniej nagr\u00f3d ufundowanych przez firm\u0119\u00a0<strong>Siniat i Promat)<\/strong>. Nie chcieli\u015bmy przerywa\u0107 zabawy. Nagrody te zostan\u0105 wykorzystane przy najbli\u017cszej okazji.<\/p>\n<p>Bal zako\u0144czy\u0142 si\u0119 oficjalnie o 4.00 ale niekt\u00f3rzy nie opu\u015bcili zamkowych komnat balowych do godz. 6.00, umilaj\u0105c sobie ten czas \u015bpiewem z gitar\u0105 \ud83d\ude42<\/p>\n<p><strong>Jolanta Fedaczy\u0144ska \u2013Pe\u0142nomocnik ds. zewn\u0119trznych Zarz\u0105du Sarp O\/Rzesz\u00f3w.<\/strong><\/p>\n<p><a href=\"https:\/\/podkarpacka.iarp.pl\/wp-content\/uploads\/2018\/01\/26733199_1784850604921191_1295909409_o.jpg\"><img loading=\"lazy\" decoding=\"async\" class=\"aligncenter size-large wp-image-1991\" src=\"https:\/\/podkarpacka.iarp.pl\/wp-content\/uploads\/2018\/01\/26733199_1784850604921191_1295909409_o-1024x680.jpg\" alt=\"\" width=\"770\" height=\"511\" srcset=\"https:\/\/podkarpacka.iarp.pl\/wp-content\/uploads\/2018\/01\/26733199_1784850604921191_1295909409_o-1024x680.jpg 1024w, https:\/\/podkarpacka.iarp.pl\/wp-content\/uploads\/2018\/01\/26733199_1784850604921191_1295909409_o-300x199.jpg 300w, https:\/\/podkarpacka.iarp.pl\/wp-content\/uploads\/2018\/01\/26733199_1784850604921191_1295909409_o-768x510.jpg 768w\" sizes=\"auto, (max-width: 770px) 100vw, 770px\" \/><\/a><a href=\"https:\/\/podkarpacka.iarp.pl\/wp-content\/uploads\/2018\/01\/26771788_1784835594922692_843541295_o.jpg\"><img loading=\"lazy\" decoding=\"async\" class=\"aligncenter size-large wp-image-1992\" src=\"https:\/\/podkarpacka.iarp.pl\/wp-content\/uploads\/2018\/01\/26771788_1784835594922692_843541295_o-1024x680.jpg\" alt=\"\" width=\"770\" height=\"511\" srcset=\"https:\/\/podkarpacka.iarp.pl\/wp-content\/uploads\/2018\/01\/26771788_1784835594922692_843541295_o-1024x680.jpg 1024w, https:\/\/podkarpacka.iarp.pl\/wp-content\/uploads\/2018\/01\/26771788_1784835594922692_843541295_o-300x199.jpg 300w, https:\/\/podkarpacka.iarp.pl\/wp-content\/uploads\/2018\/01\/26771788_1784835594922692_843541295_o-768x510.jpg 768w\" sizes=\"auto, (max-width: 770px) 100vw, 770px\" \/><\/a><a href=\"https:\/\/podkarpacka.iarp.pl\/wp-content\/uploads\/2018\/01\/26771801_1784866681586250_2114749384_o.jpg\"><img loading=\"lazy\" decoding=\"async\" class=\"aligncenter size-large wp-image-1993\" src=\"https:\/\/podkarpacka.iarp.pl\/wp-content\/uploads\/2018\/01\/26771801_1784866681586250_2114749384_o-1024x680.jpg\" alt=\"\" width=\"770\" height=\"511\" srcset=\"https:\/\/podkarpacka.iarp.pl\/wp-content\/uploads\/2018\/01\/26771801_1784866681586250_2114749384_o-1024x680.jpg 1024w, https:\/\/podkarpacka.iarp.pl\/wp-content\/uploads\/2018\/01\/26771801_1784866681586250_2114749384_o-300x199.jpg 300w, https:\/\/podkarpacka.iarp.pl\/wp-content\/uploads\/2018\/01\/26771801_1784866681586250_2114749384_o-768x510.jpg 768w\" sizes=\"auto, (max-width: 770px) 100vw, 770px\" \/><\/a><a href=\"https:\/\/podkarpacka.iarp.pl\/wp-content\/uploads\/2018\/01\/26781562_1784868248252760_519307525_o.jpg\"><img loading=\"lazy\" decoding=\"async\" class=\"aligncenter size-large wp-image-1994\" src=\"https:\/\/podkarpacka.iarp.pl\/wp-content\/uploads\/2018\/01\/26781562_1784868248252760_519307525_o-1024x680.jpg\" alt=\"\" width=\"770\" height=\"511\" srcset=\"https:\/\/podkarpacka.iarp.pl\/wp-content\/uploads\/2018\/01\/26781562_1784868248252760_519307525_o-1024x680.jpg 1024w, https:\/\/podkarpacka.iarp.pl\/wp-content\/uploads\/2018\/01\/26781562_1784868248252760_519307525_o-300x199.jpg 300w, https:\/\/podkarpacka.iarp.pl\/wp-content\/uploads\/2018\/01\/26781562_1784868248252760_519307525_o-768x510.jpg 768w\" sizes=\"auto, (max-width: 770px) 100vw, 770px\" \/><\/a><a href=\"https:\/\/podkarpacka.iarp.pl\/wp-content\/uploads\/2018\/01\/BAL-ARCHITEKTA.jpg\"><img loading=\"lazy\" decoding=\"async\" class=\"aligncenter size-large wp-image-1995\" src=\"https:\/\/podkarpacka.iarp.pl\/wp-content\/uploads\/2018\/01\/BAL-ARCHITEKTA-1024x437.jpg\" alt=\"\" width=\"770\" height=\"329\" srcset=\"https:\/\/podkarpacka.iarp.pl\/wp-content\/uploads\/2018\/01\/BAL-ARCHITEKTA-1024x437.jpg 1024w, https:\/\/podkarpacka.iarp.pl\/wp-content\/uploads\/2018\/01\/BAL-ARCHITEKTA-300x128.jpg 300w, https:\/\/podkarpacka.iarp.pl\/wp-content\/uploads\/2018\/01\/BAL-ARCHITEKTA-768x328.jpg 768w, https:\/\/podkarpacka.iarp.pl\/wp-content\/uploads\/2018\/01\/BAL-ARCHITEKTA-350x150.jpg 350w, https:\/\/podkarpacka.iarp.pl\/wp-content\/uploads\/2018\/01\/BAL-ARCHITEKTA-600x256.jpg 600w\" sizes=\"auto, (max-width: 770px) 100vw, 770px\" \/><\/a><a href=\"https:\/\/podkarpacka.iarp.pl\/wp-content\/uploads\/2018\/01\/Krasiczyn_Bal_2018_071.jpg\"><img loading=\"lazy\" decoding=\"async\" class=\"aligncenter size-large wp-image-1996\" src=\"https:\/\/podkarpacka.iarp.pl\/wp-content\/uploads\/2018\/01\/Krasiczyn_Bal_2018_071-1024x680.jpg\" alt=\"\" width=\"770\" height=\"511\" srcset=\"https:\/\/podkarpacka.iarp.pl\/wp-content\/uploads\/2018\/01\/Krasiczyn_Bal_2018_071-1024x680.jpg 1024w, https:\/\/podkarpacka.iarp.pl\/wp-content\/uploads\/2018\/01\/Krasiczyn_Bal_2018_071-300x199.jpg 300w, https:\/\/podkarpacka.iarp.pl\/wp-content\/uploads\/2018\/01\/Krasiczyn_Bal_2018_071-768x510.jpg 768w, https:\/\/podkarpacka.iarp.pl\/wp-content\/uploads\/2018\/01\/Krasiczyn_Bal_2018_071.jpg 1200w\" sizes=\"auto, (max-width: 770px) 100vw, 770px\" \/><\/a><a href=\"https:\/\/podkarpacka.iarp.pl\/wp-content\/uploads\/2018\/01\/Krasiczyn_Bal_2018_072-1.jpg\"><img loading=\"lazy\" decoding=\"async\" class=\"aligncenter size-large wp-image-1997\" src=\"https:\/\/podkarpacka.iarp.pl\/wp-content\/uploads\/2018\/01\/Krasiczyn_Bal_2018_072-1-1024x680.jpg\" alt=\"\" width=\"770\" height=\"511\" srcset=\"https:\/\/podkarpacka.iarp.pl\/wp-content\/uploads\/2018\/01\/Krasiczyn_Bal_2018_072-1-1024x680.jpg 1024w, https:\/\/podkarpacka.iarp.pl\/wp-content\/uploads\/2018\/01\/Krasiczyn_Bal_2018_072-1-300x199.jpg 300w, https:\/\/podkarpacka.iarp.pl\/wp-content\/uploads\/2018\/01\/Krasiczyn_Bal_2018_072-1-768x510.jpg 768w, https:\/\/podkarpacka.iarp.pl\/wp-content\/uploads\/2018\/01\/Krasiczyn_Bal_2018_072-1.jpg 1200w\" sizes=\"auto, (max-width: 770px) 100vw, 770px\" \/><\/a><a href=\"https:\/\/podkarpacka.iarp.pl\/wp-content\/uploads\/2018\/01\/PROGRAM-SZKOLENIA.jpg\"><img loading=\"lazy\" decoding=\"async\" class=\"aligncenter size-large wp-image-1999\" src=\"https:\/\/podkarpacka.iarp.pl\/wp-content\/uploads\/2018\/01\/PROGRAM-SZKOLENIA.jpg\" alt=\"\" width=\"770\" height=\"544\" srcset=\"https:\/\/podkarpacka.iarp.pl\/wp-content\/uploads\/2018\/01\/PROGRAM-SZKOLENIA.jpg 1000w, https:\/\/podkarpacka.iarp.pl\/wp-content\/uploads\/2018\/01\/PROGRAM-SZKOLENIA-300x212.jpg 300w, https:\/\/podkarpacka.iarp.pl\/wp-content\/uploads\/2018\/01\/PROGRAM-SZKOLENIA-768x543.jpg 768w\" sizes=\"auto, (max-width: 770px) 100vw, 770px\" \/><\/a><\/p>\n","protected":false},"excerpt":{"rendered":"<p>O ARCHbalu 2018 s\u0142\u00f3w kilka. BAL ARCHITEKTA na zamku w Krasiczynie mamy za sob\u0105. Wydarzenie rozpocz\u0119li\u015bmy cyklem przedpo\u0142udniowych prelekcji szkoleniowych, kt\u00f3re przeprowadzili przedstawiciele firm: Geze, PCI, Sparterm, MLSystem, Trilux, Wienerberger, Vinderen, Siniat, Promat, Nowy Styl Group. Firma\u00a0Sparterm\u00a0podczas szkolenia og\u0142osi\u0142a konkurs, w kt\u00f3rym nagrod\u0105 by\u0142 pi\u0119kny biokominek. Nagroda trafi\u0142a do naszego kolegi\u00a0Tomka Kud\u0142y.\u00a0Gratulacje! Podczas gdy architekci [&hellip;]<\/p>\n","protected":false},"author":7,"featured_media":1995,"comment_status":"closed","ping_status":"open","sticky":false,"template":"","format":"standard","meta":{"footnotes":""},"categories":[69,1,63],"tags":[],"class_list":["post-1990","post","type-post","status-publish","format-standard","has-post-thumbnail","hentry","category-aktualnosci","category-bez-kategorii","category-konferencje"],"publishpress_future_action":{"enabled":false,"date":"2026-05-05 08:08:58","action":"change-status","newStatus":"draft","terms":[],"taxonomy":"category","extraData":[]},"publishpress_future_workflow_manual_trigger":{"enabledWorkflows":[]},"_links":{"self":[{"href":"https:\/\/podkarpacka.iarp.pl\/index.php?rest_route=\/wp\/v2\/posts\/1990","targetHints":{"allow":["GET"]}}],"collection":[{"href":"https:\/\/podkarpacka.iarp.pl\/index.php?rest_route=\/wp\/v2\/posts"}],"about":[{"href":"https:\/\/podkarpacka.iarp.pl\/index.php?rest_route=\/wp\/v2\/types\/post"}],"author":[{"embeddable":true,"href":"https:\/\/podkarpacka.iarp.pl\/index.php?rest_route=\/wp\/v2\/users\/7"}],"replies":[{"embeddable":true,"href":"https:\/\/podkarpacka.iarp.pl\/index.php?rest_route=%2Fwp%2Fv2%2Fcomments&post=1990"}],"version-history":[{"count":3,"href":"https:\/\/podkarpacka.iarp.pl\/index.php?rest_route=\/wp\/v2\/posts\/1990\/revisions"}],"predecessor-version":[{"id":2002,"href":"https:\/\/podkarpacka.iarp.pl\/index.php?rest_route=\/wp\/v2\/posts\/1990\/revisions\/2002"}],"wp:featuredmedia":[{"embeddable":true,"href":"https:\/\/podkarpacka.iarp.pl\/index.php?rest_route=\/wp\/v2\/media\/1995"}],"wp:attachment":[{"href":"https:\/\/podkarpacka.iarp.pl\/index.php?rest_route=%2Fwp%2Fv2%2Fmedia&parent=1990"}],"wp:term":[{"taxonomy":"category","embeddable":true,"href":"https:\/\/podkarpacka.iarp.pl\/index.php?rest_route=%2Fwp%2Fv2%2Fcategories&post=1990"},{"taxonomy":"post_tag","embeddable":true,"href":"https:\/\/podkarpacka.iarp.pl\/index.php?rest_route=%2Fwp%2Fv2%2Ftags&post=1990"}],"curies":[{"name":"wp","href":"https:\/\/api.w.org\/{rel}","templated":true}]}}