{"id":2003,"date":"2018-01-12T21:23:31","date_gmt":"2018-01-12T19:23:31","guid":{"rendered":"http:\/\/podkarpacka.iarp.pl\/?p=2003"},"modified":"2018-01-31T21:24:10","modified_gmt":"2018-01-31T19:24:10","slug":"rozdanie-uprawnien-i-spotkanie-oplatkowe","status":"publish","type":"post","link":"https:\/\/podkarpacka.iarp.pl\/?p=2003","title":{"rendered":"ROZDANIE UPRAWNIE\u0143 I SPOTKANIE OP\u0141ATKOWE"},"content":{"rendered":"<p>W dniu\u00a0<strong>03 stycznia 2018<\/strong>\u00a0w siedzibie SARP i PKOIA w Rzeszowie, Rynek 8 odby\u0142y si\u0119 dwa wydarzenia.<\/p>\n<ul>\n<li><strong>Rozdanie Uprawnie\u0144 Budowlanych w specjalno\u015bci Architektonicznej dla nowych cz\u0142onk\u00f3w <\/strong><\/li>\n<\/ul>\n<p><strong>oraz<\/strong><\/p>\n<ul>\n<li><strong>Noworoczne Spotkanie Op\u0142atkowe SARP i PKOIA<\/strong><\/li>\n<\/ul>\n<p>Na fotorelacj\u0119 z tych wydarza\u0144 zapraszamy ju\u017c teraz:<\/p>\n<p><a href=\"https:\/\/podkarpacka.iarp.pl\/wp-content\/uploads\/2018\/01\/26828529_1764434593569690_628543195_o.jpg\"><img loading=\"lazy\" decoding=\"async\" class=\"aligncenter size-large wp-image-2006\" src=\"https:\/\/podkarpacka.iarp.pl\/wp-content\/uploads\/2018\/01\/26828529_1764434593569690_628543195_o-1024x576.jpg\" alt=\"\" width=\"770\" height=\"433\" srcset=\"https:\/\/podkarpacka.iarp.pl\/wp-content\/uploads\/2018\/01\/26828529_1764434593569690_628543195_o-1024x576.jpg 1024w, https:\/\/podkarpacka.iarp.pl\/wp-content\/uploads\/2018\/01\/26828529_1764434593569690_628543195_o-300x169.jpg 300w, https:\/\/podkarpacka.iarp.pl\/wp-content\/uploads\/2018\/01\/26828529_1764434593569690_628543195_o-768x432.jpg 768w, https:\/\/podkarpacka.iarp.pl\/wp-content\/uploads\/2018\/01\/26828529_1764434593569690_628543195_o-600x338.jpg 600w, https:\/\/podkarpacka.iarp.pl\/wp-content\/uploads\/2018\/01\/26828529_1764434593569690_628543195_o.jpg 1600w\" sizes=\"auto, (max-width: 770px) 100vw, 770px\" \/><\/a><\/p>\n<p><a href=\"https:\/\/podkarpacka.iarp.pl\/wp-content\/uploads\/2018\/01\/26853838_1764434916902991_697321563_o.jpg\"><img loading=\"lazy\" decoding=\"async\" class=\"aligncenter size-large wp-image-2007\" src=\"https:\/\/podkarpacka.iarp.pl\/wp-content\/uploads\/2018\/01\/26853838_1764434916902991_697321563_o-1024x498.jpg\" alt=\"\" width=\"770\" height=\"374\" srcset=\"https:\/\/podkarpacka.iarp.pl\/wp-content\/uploads\/2018\/01\/26853838_1764434916902991_697321563_o-1024x498.jpg 1024w, https:\/\/podkarpacka.iarp.pl\/wp-content\/uploads\/2018\/01\/26853838_1764434916902991_697321563_o-300x146.jpg 300w, https:\/\/podkarpacka.iarp.pl\/wp-content\/uploads\/2018\/01\/26853838_1764434916902991_697321563_o-768x374.jpg 768w, https:\/\/podkarpacka.iarp.pl\/wp-content\/uploads\/2018\/01\/26853838_1764434916902991_697321563_o.jpg 2048w\" sizes=\"auto, (max-width: 770px) 100vw, 770px\" \/><\/a><\/p>\n<p><a href=\"https:\/\/podkarpacka.iarp.pl\/wp-content\/uploads\/2018\/01\/26828131_1764435066902976_2091555661_o.jpg\"><img loading=\"lazy\" decoding=\"async\" class=\"aligncenter size-large wp-image-2004\" src=\"https:\/\/podkarpacka.iarp.pl\/wp-content\/uploads\/2018\/01\/26828131_1764435066902976_2091555661_o-1024x498.jpg\" alt=\"\" width=\"770\" height=\"374\" srcset=\"https:\/\/podkarpacka.iarp.pl\/wp-content\/uploads\/2018\/01\/26828131_1764435066902976_2091555661_o-1024x498.jpg 1024w, https:\/\/podkarpacka.iarp.pl\/wp-content\/uploads\/2018\/01\/26828131_1764435066902976_2091555661_o-300x146.jpg 300w, https:\/\/podkarpacka.iarp.pl\/wp-content\/uploads\/2018\/01\/26828131_1764435066902976_2091555661_o-768x374.jpg 768w, https:\/\/podkarpacka.iarp.pl\/wp-content\/uploads\/2018\/01\/26828131_1764435066902976_2091555661_o.jpg 2048w\" sizes=\"auto, (max-width: 770px) 100vw, 770px\" \/><\/a><a href=\"https:\/\/podkarpacka.iarp.pl\/wp-content\/uploads\/2018\/01\/26828480_1764434906902992_1551667116_o.jpg\"><img loading=\"lazy\" decoding=\"async\" class=\"aligncenter size-large wp-image-2005\" src=\"https:\/\/podkarpacka.iarp.pl\/wp-content\/uploads\/2018\/01\/26828480_1764434906902992_1551667116_o-1024x498.jpg\" alt=\"\" width=\"770\" height=\"374\" srcset=\"https:\/\/podkarpacka.iarp.pl\/wp-content\/uploads\/2018\/01\/26828480_1764434906902992_1551667116_o-1024x498.jpg 1024w, https:\/\/podkarpacka.iarp.pl\/wp-content\/uploads\/2018\/01\/26828480_1764434906902992_1551667116_o-300x146.jpg 300w, https:\/\/podkarpacka.iarp.pl\/wp-content\/uploads\/2018\/01\/26828480_1764434906902992_1551667116_o-768x374.jpg 768w, https:\/\/podkarpacka.iarp.pl\/wp-content\/uploads\/2018\/01\/26828480_1764434906902992_1551667116_o.jpg 2048w\" sizes=\"auto, (max-width: 770px) 100vw, 770px\" \/><\/a><\/p>\n","protected":false},"excerpt":{"rendered":"<p>W dniu\u00a003 stycznia 2018\u00a0w siedzibie SARP i PKOIA w Rzeszowie, Rynek 8 odby\u0142y si\u0119 dwa wydarzenia. Rozdanie Uprawnie\u0144 Budowlanych w specjalno\u015bci Architektonicznej dla nowych cz\u0142onk\u00f3w oraz Noworoczne Spotkanie Op\u0142atkowe SARP i PKOIA Na fotorelacj\u0119 z tych wydarza\u0144 zapraszamy ju\u017c teraz:<\/p>\n","protected":false},"author":7,"featured_media":2006,"comment_status":"closed","ping_status":"open","sticky":false,"template":"","format":"standard","meta":{"footnotes":""},"categories":[55],"tags":[],"class_list":["post-2003","post","type-post","status-publish","format-standard","has-post-thumbnail","hentry","category-wydarzenia"],"publishpress_future_action":{"enabled":false,"date":"2026-05-05 18:30:36","action":"change-status","newStatus":"draft","terms":[],"taxonomy":"category","extraData":[]},"publishpress_future_workflow_manual_trigger":{"enabledWorkflows":[]},"_links":{"self":[{"href":"https:\/\/podkarpacka.iarp.pl\/index.php?rest_route=\/wp\/v2\/posts\/2003","targetHints":{"allow":["GET"]}}],"collection":[{"href":"https:\/\/podkarpacka.iarp.pl\/index.php?rest_route=\/wp\/v2\/posts"}],"about":[{"href":"https:\/\/podkarpacka.iarp.pl\/index.php?rest_route=\/wp\/v2\/types\/post"}],"author":[{"embeddable":true,"href":"https:\/\/podkarpacka.iarp.pl\/index.php?rest_route=\/wp\/v2\/users\/7"}],"replies":[{"embeddable":true,"href":"https:\/\/podkarpacka.iarp.pl\/index.php?rest_route=%2Fwp%2Fv2%2Fcomments&post=2003"}],"version-history":[{"count":2,"href":"https:\/\/podkarpacka.iarp.pl\/index.php?rest_route=\/wp\/v2\/posts\/2003\/revisions"}],"predecessor-version":[{"id":2009,"href":"https:\/\/podkarpacka.iarp.pl\/index.php?rest_route=\/wp\/v2\/posts\/2003\/revisions\/2009"}],"wp:featuredmedia":[{"embeddable":true,"href":"https:\/\/podkarpacka.iarp.pl\/index.php?rest_route=\/wp\/v2\/media\/2006"}],"wp:attachment":[{"href":"https:\/\/podkarpacka.iarp.pl\/index.php?rest_route=%2Fwp%2Fv2%2Fmedia&parent=2003"}],"wp:term":[{"taxonomy":"category","embeddable":true,"href":"https:\/\/podkarpacka.iarp.pl\/index.php?rest_route=%2Fwp%2Fv2%2Fcategories&post=2003"},{"taxonomy":"post_tag","embeddable":true,"href":"https:\/\/podkarpacka.iarp.pl\/index.php?rest_route=%2Fwp%2Fv2%2Ftags&post=2003"}],"curies":[{"name":"wp","href":"https:\/\/api.w.org\/{rel}","templated":true}]}}