{"id":2011,"date":"2018-01-31T21:32:01","date_gmt":"2018-01-31T19:32:01","guid":{"rendered":"http:\/\/podkarpacka.iarp.pl\/?p=2011"},"modified":"2018-01-31T21:32:31","modified_gmt":"2018-01-31T19:32:31","slug":"01-02-2018-zielony-archiczwartek-jakub-gardner-mysliwiec-arch-krajobrazu","status":"publish","type":"post","link":"https:\/\/podkarpacka.iarp.pl\/?p=2011","title":{"rendered":"[01.02.2018] ZIELONY ARCHICZWARTEK \u2013 JAKUB \u201eGARDNER\u201d MY\u015aLIWIEC \u2013 ARCH. KRAJOBRAZU"},"content":{"rendered":"<p><img loading=\"lazy\" decoding=\"async\" class=\"size-full wp-image-195 alignleft\" style=\"margin: 15px 15px 0 0;\" src=\"http:\/\/rzeszow.sarp.org.pl\/wp-content\/uploads\/2016\/02\/archiczwartki-1.jpg\" alt=\"archiczwartki\" width=\"249\" height=\"165\" \/><\/p>\n<h4 style=\"text-align: right;\"><strong>SPOTKANIE Z SERII ARCHICZWARTKI<\/strong><br \/>\nBLISKIE SPOTKANIA Z ARCHITEKTUR\u0104<\/h4>\n<hr \/>\n<h5 style=\"text-align: right;\"><strong>Termin: 01-02-2018, 17:00<br \/>\nRzesz\u00f3w, Rynek 1 \u2013 Ratusz (Sala \u201e\u015alub\u00f3w\u201d)<\/strong><\/h5>\n<hr \/>\n<p style=\"text-align: justify;\">W imieniu SARP oddzia\u0142 w Rzeszowie, w ramach bliskich spotka\u0144 z Architektur\u0105 \u201eARCHI \u2013 CZWARTKI\u201d, zapraszamy serdecznie <strong>1<\/strong><b>\u00a0LUTEGO 2018r. o\u00a0 godz. 17.00 do Ratusza w Rzeszowie na wyj\u0105tkowe\u00a0spotkanie!<\/b>\u00a0 Architektura to nie tylko kubatura.\u00a0 To r\u00f3wnie\u017c ziele\u0144, kt\u00f3ra otacza form\u0119, \u0142agodzi jej struktur\u0119 i delikatnie podkre\u015bla estetyk\u0119.\u00a0<strong>Architekt Krajobrazu, Jakub My\u015bliwiec, dzia\u0142aj\u0105cy na rynku pod pseudonimem artystycznym &#8220;Gardner&#8221; <\/strong>opowie nam o swojej wieloletniej pracy w zawodzie projektanta zieleni i wykonawcy ogrod\u00f3w oraz o swojej wyj\u0105tkowej pasji &#8211; prawdziwych, zielonych \u015bcianach, kt\u00f3ra to pasja przerodzi\u0142a si\u0119 r\u00f3wnie\u017c w po\u017c\u0105dane na rynku przedsi\u0119biorstwo.<\/p>\n<p style=\"text-align: justify;\">Spotykamy si\u0119 w sali \u015blub\u00f3w Ratusza Miejskiego (Rzesz\u00f3w, Rynek 1).<\/p>\n<h3 style=\"text-align: justify;\"><strong>Nasz go\u015b\u0107<\/strong><\/h3>\n<blockquote><p><strong>JAKUB &#8220;GARDNER&#8221; MY\u015aLIWIEC<\/strong><\/p>\n<p><strong>polski architekt krajobrazu, reprezentuj\u0105cy autorsk\u0105 pracowni\u0119 zieleni Jakub Gardner Team<\/strong><\/p>\n<p>Jakub Gardner zajmowa\u0142 si\u0119 wykonawstwem oraz utrzymaniem ogrod\u00f3w i teren\u00f3w zielonych, prowadzeniem pracowni projektowej, detaliczn\u0105 i hurtow\u0105 sprzeda\u017c\u0105 ro\u015blin i materia\u0142\u00f3w ogrodniczych, produkcj\u0105 ro\u015blinn\u0105, produkcj\u0105 pod\u0142o\u017cy ogrodniczych, dystrybucj\u0105 nawierzchni ekologicznych. Poza ogrodami, m.in.: promocj\u0105 przedsi\u0119biorczo\u015bci, wspieraniem rozwoju lider\u00f3w spo\u0142ecznych, rozwoju regionalnego, nowoczesnymi us\u0142ugami internetowymi, grafik\u0105 reklamow\u0105 i internetow\u0105, marketingiem, copywritingiem.<\/p>\n<p>Obecnie jego priorytetami zawodowymi s\u0105 w\u0142asna praktyka projektowa pod mark\u0105 Jakub Gardner Team oraz niezale\u017cna firma Ziele\u0144 We Wn\u0119trzach zak\u0142adaj\u0105ca zielone \u015bciany &#8211; ogrody wertykalne, kt\u00f3re s\u0105 r\u00f3wnie\u017c jego absolutn\u0105 pasj\u0105.<\/p><\/blockquote>\n<hr \/>\n<p style=\"text-align: justify;\"><strong>\u2013&gt; Zapisy na Wydarzenie \u2013&gt;<a href=\"https:\/\/www.facebook.com\/events\/1788415074794323\">https:\/\/www.facebook.com\/events\/1788415074794323<\/a><\/strong><\/p>\n<hr \/>\n<p style=\"text-align: justify;\"><strong>Po zako\u0144czeniu spotkania zapraszamy do siedziby SARP, Rynek 8 na spotkanie networkingowe z kolegami architektami przy pysznej Kawie od Kawa Rzeszowska i przepysznym jedzeniu orientalnym od Curry Me.<\/strong><\/p>\n","protected":false},"excerpt":{"rendered":"<p>SPOTKANIE Z SERII ARCHICZWARTKI BLISKIE SPOTKANIA Z ARCHITEKTUR\u0104 Termin: 01-02-2018, 17:00 Rzesz\u00f3w, Rynek 1 \u2013 Ratusz (Sala \u201e\u015alub\u00f3w\u201d) W imieniu SARP oddzia\u0142 w Rzeszowie, w ramach bliskich spotka\u0144 z Architektur\u0105 \u201eARCHI \u2013 CZWARTKI\u201d, zapraszamy serdecznie 1\u00a0LUTEGO 2018r. o\u00a0 godz. 17.00 do Ratusza w Rzeszowie na wyj\u0105tkowe\u00a0spotkanie!\u00a0 Architektura to nie tylko kubatura.\u00a0 To r\u00f3wnie\u017c ziele\u0144, kt\u00f3ra [&hellip;]<\/p>\n","protected":false},"author":7,"featured_media":2012,"comment_status":"closed","ping_status":"open","sticky":false,"template":"","format":"standard","meta":{"footnotes":""},"categories":[65],"tags":[],"class_list":["post-2011","post","type-post","status-publish","format-standard","has-post-thumbnail","hentry","category-partonaty"],"publishpress_future_action":{"enabled":false,"date":"2026-05-05 15:57:55","action":"change-status","newStatus":"draft","terms":[],"taxonomy":"category","extraData":[]},"publishpress_future_workflow_manual_trigger":{"enabledWorkflows":[]},"_links":{"self":[{"href":"https:\/\/podkarpacka.iarp.pl\/index.php?rest_route=\/wp\/v2\/posts\/2011","targetHints":{"allow":["GET"]}}],"collection":[{"href":"https:\/\/podkarpacka.iarp.pl\/index.php?rest_route=\/wp\/v2\/posts"}],"about":[{"href":"https:\/\/podkarpacka.iarp.pl\/index.php?rest_route=\/wp\/v2\/types\/post"}],"author":[{"embeddable":true,"href":"https:\/\/podkarpacka.iarp.pl\/index.php?rest_route=\/wp\/v2\/users\/7"}],"replies":[{"embeddable":true,"href":"https:\/\/podkarpacka.iarp.pl\/index.php?rest_route=%2Fwp%2Fv2%2Fcomments&post=2011"}],"version-history":[{"count":1,"href":"https:\/\/podkarpacka.iarp.pl\/index.php?rest_route=\/wp\/v2\/posts\/2011\/revisions"}],"predecessor-version":[{"id":2013,"href":"https:\/\/podkarpacka.iarp.pl\/index.php?rest_route=\/wp\/v2\/posts\/2011\/revisions\/2013"}],"wp:featuredmedia":[{"embeddable":true,"href":"https:\/\/podkarpacka.iarp.pl\/index.php?rest_route=\/wp\/v2\/media\/2012"}],"wp:attachment":[{"href":"https:\/\/podkarpacka.iarp.pl\/index.php?rest_route=%2Fwp%2Fv2%2Fmedia&parent=2011"}],"wp:term":[{"taxonomy":"category","embeddable":true,"href":"https:\/\/podkarpacka.iarp.pl\/index.php?rest_route=%2Fwp%2Fv2%2Fcategories&post=2011"},{"taxonomy":"post_tag","embeddable":true,"href":"https:\/\/podkarpacka.iarp.pl\/index.php?rest_route=%2Fwp%2Fv2%2Ftags&post=2011"}],"curies":[{"name":"wp","href":"https:\/\/api.w.org\/{rel}","templated":true}]}}