{"id":2017,"date":"2018-02-20T20:35:30","date_gmt":"2018-02-20T18:35:30","guid":{"rendered":"http:\/\/podkarpacka.iarp.pl\/?p=2017"},"modified":"2018-02-24T20:37:49","modified_gmt":"2018-02-24T18:37:49","slug":"23-03-2018-czwarty-sprawozdawczo-wyborczy-zjazd-podkarpackiej-okregowej-izby-architektow-rp-ktory-bedzie-poprzedzony-zebraniami-obwodowymi","status":"publish","type":"post","link":"https:\/\/podkarpacka.iarp.pl\/?p=2017","title":{"rendered":"[ 23.03.2018 ] Czwarty Sprawozdawczo-Wyborczy Zjazd Podkarpackiej Okr\u0119gowej Izby Architekt\u00f3w RP, kt\u00f3ry b\u0119dzie poprzedzony zebraniami obwodowymi"},"content":{"rendered":"<p><strong>Cz\u0142onkowie Podkarpackiej Okr\u0119gowej Izby Architekt\u00f3w<\/strong><\/p>\n<p><strong>Zawiadomienie o Zebraniach Obwodowych i IV Sprawozdawczo-Wyborczym Okr\u0119gowym Zje\u017adzie Podkarpackie] Okr\u0119gowej Izby Architekt\u00f3w RP<\/strong><\/p>\n<p>Rada Podkarpackiej Okr\u0119gowej Izby Architekt\u00f3w RP zgodnie z Uchwa\u0142\u0105 Nr<br \/>\n023\/2018 i Nr 024\/2018 z dnia 7 lutego 2018 roku oraz na podstawie Uchwa\u0142y Nr 9<br \/>\nI Krajowego Zjazdu Izby Architekt\u00f3w z dnia 19 stycznia 2002 roku (z p\u00f3\u017ano zmianami)<br \/>\nzawiadamia,<strong> \u017ce Zebrania Obwodowe, kt\u00f3re poprzedz\u0105 IV Sprawozdawczo-Wyborczy<\/strong><br \/>\n<strong>Okr\u0119gowy Zjazd Podkarpackiej Okr\u0119gowej Izby Architekt\u00f3w RP odb\u0119d\u0105 si\u0119 w budynku<\/strong><br \/>\n<strong>Hotelu Metropolitan, Rzesz\u00f3w ul. S\u0142owackiego 16<\/strong><\/p>\n<p>w dw\u00f3ch salach konferencyjnych.<\/p>\n<ul>\n<li><strong>23 marca 2018r. o godzinie 10:00 w pierwszym terminie<\/strong><\/li>\n<li><strong>23 marca 2018r. o godzinie 10:3o w drugim terminie<\/strong><\/li>\n<\/ul>\n<p>Podzia\u0142 na obwody nr 1 i nr 2 dokonany zosta\u0142 na podstawie alfabetycznej<br \/>\nlisty cz\u0142onk\u00f3w i obejmuje:<\/p>\n<ul>\n<li><strong>Obw\u00f3d nr 1 cz\u0142onk\u00f3w PKOIA RP od A do \u0141<\/strong><\/li>\n<li><strong>Obw\u00f3d nr 2 cz\u0142onk\u00f3w PKOIA RP od M do \u017b<\/strong><\/li>\n<\/ul>\n<p>&nbsp;<\/p>\n<ul>\n<li>R\u00f3wnocze\u015bnie przypominam, \u017ce w Okr\u0119gach przekraczaj\u0105cych 200 cz\u0142onk\u00f3w Zjazdy<br \/>\nSprawozdawczo &#8211; Wyborcze i Zjazdy Sprawozdawcze odbywaj\u0105 si\u0119 poprzez delegat\u00f3w<br \/>\nwybranych na Zebraniach Obwodowych.<\/li>\n<li><strong>IV &#8211; Sprawozdawczo-Wyborczy Okr\u0119gowy Zjazd odb\u0119dzie sie po zako\u0144czeniu Zebra\u0144<\/strong><br \/>\n<strong>Obwodowych oko\u0142o godz. 14-tej .<\/strong><\/li>\n<li>Zapraszaj\u0105c do uczestnictwa w obradach, przypominamy Kole\u017cankom i Kolegom,<br \/>\n\u017ce uczestnictwo to jest prawem i obowi\u0105zkiem ka\u017cdego cz\u0142onka Izby. W razie przeszkody<br \/>\nuniemo\u017cliwiaj\u0105cej cz\u0142onkowi udzia\u0142 w obradach, winien on usprawiedliwi\u0107 na pi\u015bmie swoj\u0105<br \/>\nnieobecno\u015b\u0107 w ci\u0105gu 7-miu dni od powstania tej przeszkody, pod rygorem zwrotu<br \/>\nponiesionych przez Izb\u0119 udokumentowanych koszt\u00f3w uczestnictwa.<\/li>\n<li>Sprawozdania organ\u00f3w Podkarpackiej Okr\u0119gowej Izby Architekt\u00f3w RP wraz<br \/>\nz wykonaniem bud\u017cetu za 2017 f. i planem bud\u017cetu na 2018 r. zostan\u0105 przes\u0142ane na 14<br \/>\ndni przed Zjazdem.<\/li>\n<\/ul>\n<p>Z kole\u017ce\u0144skim pozdrowieniem<\/p>\n<p><strong>Przewodnicz\u0105cy\u00a0<\/strong><\/p>\n<p><strong>Andrzej Depa<\/strong><\/p>\n<hr \/>\n<p>&nbsp;<\/p>\n<p><strong><a href=\"https:\/\/podkarpacka.iarp.pl\/wp-content\/uploads\/2018\/02\/zjazd-izba.jpg\"><img loading=\"lazy\" decoding=\"async\" class=\"aligncenter size-large wp-image-2019\" src=\"https:\/\/podkarpacka.iarp.pl\/wp-content\/uploads\/2018\/02\/zjazd-izba-681x1024.jpg\" alt=\"\" width=\"681\" height=\"1024\" srcset=\"https:\/\/podkarpacka.iarp.pl\/wp-content\/uploads\/2018\/02\/zjazd-izba-681x1024.jpg 681w, https:\/\/podkarpacka.iarp.pl\/wp-content\/uploads\/2018\/02\/zjazd-izba-199x300.jpg 199w, https:\/\/podkarpacka.iarp.pl\/wp-content\/uploads\/2018\/02\/zjazd-izba-768x1155.jpg 768w, https:\/\/podkarpacka.iarp.pl\/wp-content\/uploads\/2018\/02\/zjazd-izba.jpg 1585w\" sizes=\"auto, (max-width: 681px) 100vw, 681px\" \/><\/a><\/strong><\/p>\n<p>&nbsp;<\/p>\n<hr \/>\n<p>&nbsp;<\/p>\n","protected":false},"excerpt":{"rendered":"<p>Cz\u0142onkowie Podkarpackiej Okr\u0119gowej Izby Architekt\u00f3w Zawiadomienie o Zebraniach Obwodowych i IV Sprawozdawczo-Wyborczym Okr\u0119gowym Zje\u017adzie Podkarpackie] Okr\u0119gowej Izby Architekt\u00f3w RP Rada Podkarpackiej Okr\u0119gowej Izby Architekt\u00f3w RP zgodnie z Uchwa\u0142\u0105 Nr 023\/2018 i Nr 024\/2018 z dnia 7 lutego 2018 roku oraz na podstawie Uchwa\u0142y Nr 9 I Krajowego Zjazdu Izby Architekt\u00f3w z dnia 19 stycznia 2002 [&hellip;]<\/p>\n","protected":false},"author":7,"featured_media":2018,"comment_status":"closed","ping_status":"open","sticky":false,"template":"","format":"standard","meta":{"footnotes":""},"categories":[56,55],"tags":[],"class_list":["post-2017","post","type-post","status-publish","format-standard","has-post-thumbnail","hentry","category-informacje-rady","category-wydarzenia"],"publishpress_future_action":{"enabled":false,"date":"2026-05-05 18:30:20","action":"change-status","newStatus":"draft","terms":[],"taxonomy":"category","extraData":[]},"publishpress_future_workflow_manual_trigger":{"enabledWorkflows":[]},"_links":{"self":[{"href":"https:\/\/podkarpacka.iarp.pl\/index.php?rest_route=\/wp\/v2\/posts\/2017","targetHints":{"allow":["GET"]}}],"collection":[{"href":"https:\/\/podkarpacka.iarp.pl\/index.php?rest_route=\/wp\/v2\/posts"}],"about":[{"href":"https:\/\/podkarpacka.iarp.pl\/index.php?rest_route=\/wp\/v2\/types\/post"}],"author":[{"embeddable":true,"href":"https:\/\/podkarpacka.iarp.pl\/index.php?rest_route=\/wp\/v2\/users\/7"}],"replies":[{"embeddable":true,"href":"https:\/\/podkarpacka.iarp.pl\/index.php?rest_route=%2Fwp%2Fv2%2Fcomments&post=2017"}],"version-history":[{"count":2,"href":"https:\/\/podkarpacka.iarp.pl\/index.php?rest_route=\/wp\/v2\/posts\/2017\/revisions"}],"predecessor-version":[{"id":2021,"href":"https:\/\/podkarpacka.iarp.pl\/index.php?rest_route=\/wp\/v2\/posts\/2017\/revisions\/2021"}],"wp:featuredmedia":[{"embeddable":true,"href":"https:\/\/podkarpacka.iarp.pl\/index.php?rest_route=\/wp\/v2\/media\/2018"}],"wp:attachment":[{"href":"https:\/\/podkarpacka.iarp.pl\/index.php?rest_route=%2Fwp%2Fv2%2Fmedia&parent=2017"}],"wp:term":[{"taxonomy":"category","embeddable":true,"href":"https:\/\/podkarpacka.iarp.pl\/index.php?rest_route=%2Fwp%2Fv2%2Fcategories&post=2017"},{"taxonomy":"post_tag","embeddable":true,"href":"https:\/\/podkarpacka.iarp.pl\/index.php?rest_route=%2Fwp%2Fv2%2Ftags&post=2017"}],"curies":[{"name":"wp","href":"https:\/\/api.w.org\/{rel}","templated":true}]}}