{"id":2036,"date":"2018-03-24T13:53:00","date_gmt":"2018-03-24T11:53:00","guid":{"rendered":"http:\/\/podkarpacka.iarp.pl\/?p=2036"},"modified":"2018-03-25T03:55:31","modified_gmt":"2018-03-25T01:55:31","slug":"06-04-2018-archi-piatek-lobos-barnas-smart-congress","status":"publish","type":"post","link":"https:\/\/podkarpacka.iarp.pl\/?p=2036","title":{"rendered":"[06.04.2018] ARCHI-PI\u0104TEK \u2013 \u0141OBOS &#038; BARNA\u015a \u2013 SMART CONGRESS"},"content":{"rendered":"<p><img loading=\"lazy\" decoding=\"async\" class=\"size-full wp-image-195 alignleft\" style=\"margin: 15px 15px 0 0;\" src=\"http:\/\/rzeszow.sarp.org.pl\/wp-content\/uploads\/2016\/02\/archiczwartki-1.jpg\" alt=\"archiczwartki\" width=\"249\" height=\"165\" \/><\/p>\n<h4 style=\"text-align: right;\"><strong>SPOTKANIE Z SERII ARCHICZWARTKI<\/strong><br \/>\nBLISKIE SPOTKANIA Z ARCHITEKTUR\u0104<\/h4>\n<hr \/>\n<h5 style=\"text-align: right;\"><strong>Termin: 06-04-2018, 16:45<br \/>\nHala Podpromie w Rzeszowie, Parter<\/strong><\/h5>\n<hr \/>\n<p>W imieniu SARP oddzia\u0142 w Rzeszowie, w ramach bliskich spotka\u0144 z Architektur\u0105 \u201eARCHI \u2013 <del>CZWARTKI\u201d<\/del>, zapraszamy serdecznie tym razem <strong>w PI\u0104TEK!<\/strong><\/p>\n<p><strong><span style=\"color: #ff0000;\"><a href=\"http:\/\/rzeszow.sarp.org.pl\/wp-content\/uploads\/2018\/03\/smart-congress.jpg\"><img loading=\"lazy\" decoding=\"async\" class=\" wp-image-2043 alignleft\" src=\"http:\/\/rzeszow.sarp.org.pl\/wp-content\/uploads\/2018\/03\/smart-congress.jpg\" alt=\"\" width=\"147\" height=\"147\" \/><\/a>6 kwietnia o godz. 16.45<\/span> do Sali na Hali Podpromie w Rzeszowie<\/strong>\u00a0gdzie, w ramach <strong>kongresu\u00a0 SMART PROJECT, BUILDING &amp; CITY<\/strong> spotka si\u0119 z nami wielu niesamowitych go\u015bci, mi\u0119dzy innymi: <strong>MACIEJ \u0141OBOS z MWM Building Design Group<\/strong> w Rzeszowie oraz <strong>BOGUS\u0141AW BARNA\u015a z BXB Studio <\/strong>z Krakowa, kt\u00f3rzy wraz z zaproszonymi go\u015b\u0107mi porusz\u0105 niezwykle gor\u0105cy temat &#8220;<strong>Wykorzystania nowoczesnych Technologii w Projektowaniu&#8221;.<\/strong><\/p>\n<p style=\"text-align: justify;\">Spotykamy si\u0119 tym razem na <strong>Hali Podpromie w Rzeszowie<\/strong>, w specjalnie przygotowanej przez organizator\u00f3w kongresu sali.<\/p>\n<p>&nbsp;<\/p>\n<p><strong>Przypominamy, \u017ce udzia\u0142 w wydarzeniu jest darmowy, tym razem jednak ze wzgl\u0119d\u00f3w organizacyjnych obowi\u0105zuje rejestracja:<\/strong><\/p>\n<blockquote class=\"wp-embedded-content\" data-secret=\"34w13sG2Hh\"><p><a href=\"http:\/\/budownictwo.targirzeszowskie.pl\/pl\/rejestracja-uczestnika\/\">Rejestracja uczestnika<\/a><\/p><\/blockquote>\n<p><iframe loading=\"lazy\" class=\"wp-embedded-content\" sandbox=\"allow-scripts\" security=\"restricted\" style=\"position: absolute; clip: rect(1px, 1px, 1px, 1px);\" src=\"http:\/\/budownictwo.targirzeszowskie.pl\/pl\/rejestracja-uczestnika\/embed\/#?secret=34w13sG2Hh\" data-secret=\"34w13sG2Hh\" width=\"600\" height=\"338\" title=\"&#8222;Rejestracja uczestnika&#8221; &#8212; Podkarpackie Targi Budownictwa\" frameborder=\"0\" marginwidth=\"0\" marginheight=\"0\" scrolling=\"no\"><\/iframe><\/p>\n<hr \/>\n<h3 style=\"text-align: justify;\"><strong>Nasi go\u015bcie:<\/strong><\/h3>\n<h3 style=\"text-align: justify;\"><strong style=\"font-size: 16px;\">MACIEJ \u0141OBOS<\/strong><\/h3>\n<ul>\n<li style=\"list-style-type: none;\">\n<ul>\n<li><strong>architekt, projektant<\/strong><\/li>\n<\/ul>\n<hr \/>\n<ul>\n<li>\u201eMaciej \u0141obos ur. 1972 w Przeworsku. Architekt, absolwent WA Politechniki Krakowskiej(1991-1997). Za\u0142o\u017cyciel (od 2000 r.) , wsp\u00f3lnik i projektant w MWM Building Design Group (dawniej MWM Architekci).Wsp\u00f3\u0142autor kilkudziesi\u0119ciu projekt\u00f3w, m.in Galeria<br \/>\nRzesz\u00f3w, Hotel Ar\u0142am\u00f3w, Osiedle Nasz Gaj, Okr\u0105g\u0142a K\u0142adka, Centrum Handlowe IKEA Lublin, Galeria Sanowa, Osiedle Wis\u0142ok.<\/li>\n<\/ul>\n<\/li>\n<\/ul>\n<p><strong>Motto:<\/strong> \u201e<em>Najwi\u0119kszym niebezpiecze\u0144stwem dla wi\u0119kszo\u015bci z nas nie jest to, \u017ce mierzymy za wysoko i nie osi\u0105gamy celu, ale to \u017ce mierzymy za nisko i cel osi\u0105gamy.<\/em>\u201d &#8211; Micha\u0142 Anio\u0142<\/p>\n<p><strong>BOGUS\u0141AW BARNA\u015a<\/strong><\/p>\n<ul>\n<li style=\"list-style-type: none;\">\n<ul>\n<li><strong>architekt, projektant<\/strong><\/li>\n<\/ul>\n<\/li>\n<li style=\"list-style-type: none;\">\n<hr \/>\n<ul>\n<li>\u201ew\u015br\u00f3d 20 najbardziej utalentowanych m\u0142odych pracowni architektonicznych \u015bwiata\u201d wg\u00a0<a href=\"http:\/\/www.wallpaper.com\/architects-directory\/2014\" target=\"_blank\" rel=\"noopener\">Wallpaper* Architects Directory 2014<\/a>\u201e<\/li>\n<li>w gronie 15 najlepszych polskich architekt\u00f3w przed czterdziestk\u0105\u201d wg\u00a0<a href=\"http:\/\/www.propertydesign.pl\/architektura_biura\/106\/top_15_najlepszych_architektow_przed_czterdziestka,4666.html\" target=\"_blank\" rel=\"noopener\">\u00a0Property Design 2015<\/a><\/li>\n<\/ul>\n<p>Posiada uprawnienia budowlane w specjalno\u015bci architektonicznej do projektowania bez ogranicze\u0144 nr Rz\/A-05\/11. Jest cz\u0142onkiem Ma\u0142oposkiej Okr\u0119gowej Izby Architekt\u00f3w RP.<\/p>\n<p>Uko\u0144czy\u0142 studia na Wydziale Architektury Politechniki Krakowskiej oraz Fachhochschule Muenster w Niemczech.<\/p>\n<p>W grudniu 2009 roku za\u0142o\u017cy\u0142 interdyscyplinarn\u0105 pracowni\u0119 projektow\u0105 BXBstudio, skupiaj\u0105c wieloletnie do\u015bwiadczenie zawodowe zdobyte w Polsce, Anglii oraz Szkocji, pracuj\u0105c m.in. w Londynie u\u00a0Normana Fostera\u00a0\u2013 jednego z najwybitniejszych wsp\u00f3\u0142czesnych architekt\u00f3w na \u015bwiecie, pracowni Make Architects czy krakowskiej pracowni Ingarden &amp; Ewy Architekci.<\/li>\n<\/ul>\n<hr \/>\n<p style=\"text-align: justify;\"><b>Po zako\u0144czeniu spotkania zapraszamy na uroczyst\u0105 gal\u0119 na Hali Podpromie oraz na spotkanie networkingowe z kolegami architektami przy muzyce i pocz\u0119stunku\u00a0.<\/b><\/p>\n<hr \/>\n<p><a href=\"http:\/\/rzeszow.sarp.org.pl\/wp-content\/uploads\/2018\/03\/Archiczwartek-piatek-bxb-barnas-lobos-mwm-2.jpg\"><img loading=\"lazy\" decoding=\"async\" class=\"aligncenter size-full wp-image-2046\" src=\"http:\/\/rzeszow.sarp.org.pl\/wp-content\/uploads\/2018\/03\/Archiczwartek-piatek-bxb-barnas-lobos-mwm-2.jpg\" alt=\"\" width=\"1240\" height=\"1804\" \/><\/a><\/p>\n","protected":false},"excerpt":{"rendered":"<p>SPOTKANIE Z SERII ARCHICZWARTKI BLISKIE SPOTKANIA Z ARCHITEKTUR\u0104 Termin: 06-04-2018, 16:45 Hala Podpromie w Rzeszowie, Parter W imieniu SARP oddzia\u0142 w Rzeszowie, w ramach bliskich spotka\u0144 z Architektur\u0105 \u201eARCHI \u2013 CZWARTKI\u201d, zapraszamy serdecznie tym razem w PI\u0104TEK! 6 kwietnia o godz. 16.45 do Sali na Hali Podpromie w Rzeszowie\u00a0gdzie, w ramach kongresu\u00a0 SMART PROJECT, BUILDING [&hellip;]<\/p>\n","protected":false},"author":7,"featured_media":2037,"comment_status":"closed","ping_status":"open","sticky":false,"template":"","format":"standard","meta":{"footnotes":""},"categories":[55],"tags":[],"class_list":["post-2036","post","type-post","status-publish","format-standard","has-post-thumbnail","hentry","category-wydarzenia"],"publishpress_future_action":{"enabled":false,"date":"2026-05-05 18:35:17","action":"change-status","newStatus":"draft","terms":[],"taxonomy":"category","extraData":[]},"publishpress_future_workflow_manual_trigger":{"enabledWorkflows":[]},"_links":{"self":[{"href":"https:\/\/podkarpacka.iarp.pl\/index.php?rest_route=\/wp\/v2\/posts\/2036","targetHints":{"allow":["GET"]}}],"collection":[{"href":"https:\/\/podkarpacka.iarp.pl\/index.php?rest_route=\/wp\/v2\/posts"}],"about":[{"href":"https:\/\/podkarpacka.iarp.pl\/index.php?rest_route=\/wp\/v2\/types\/post"}],"author":[{"embeddable":true,"href":"https:\/\/podkarpacka.iarp.pl\/index.php?rest_route=\/wp\/v2\/users\/7"}],"replies":[{"embeddable":true,"href":"https:\/\/podkarpacka.iarp.pl\/index.php?rest_route=%2Fwp%2Fv2%2Fcomments&post=2036"}],"version-history":[{"count":1,"href":"https:\/\/podkarpacka.iarp.pl\/index.php?rest_route=\/wp\/v2\/posts\/2036\/revisions"}],"predecessor-version":[{"id":2038,"href":"https:\/\/podkarpacka.iarp.pl\/index.php?rest_route=\/wp\/v2\/posts\/2036\/revisions\/2038"}],"wp:featuredmedia":[{"embeddable":true,"href":"https:\/\/podkarpacka.iarp.pl\/index.php?rest_route=\/wp\/v2\/media\/2037"}],"wp:attachment":[{"href":"https:\/\/podkarpacka.iarp.pl\/index.php?rest_route=%2Fwp%2Fv2%2Fmedia&parent=2036"}],"wp:term":[{"taxonomy":"category","embeddable":true,"href":"https:\/\/podkarpacka.iarp.pl\/index.php?rest_route=%2Fwp%2Fv2%2Fcategories&post=2036"},{"taxonomy":"post_tag","embeddable":true,"href":"https:\/\/podkarpacka.iarp.pl\/index.php?rest_route=%2Fwp%2Fv2%2Ftags&post=2036"}],"curies":[{"name":"wp","href":"https:\/\/api.w.org\/{rel}","templated":true}]}}