{"id":2039,"date":"2018-04-04T21:55:34","date_gmt":"2018-04-04T19:55:34","guid":{"rendered":"http:\/\/podkarpacka.iarp.pl\/?p=2039"},"modified":"2018-04-13T02:52:27","modified_gmt":"2018-04-13T00:52:27","slug":"iv-sprawozdawczo-wyborczy-okregowy-zjazd-podkarpackiej-okregowej-izby-architektow-rp","status":"publish","type":"post","link":"https:\/\/podkarpacka.iarp.pl\/?p=2039","title":{"rendered":"IV Zjazd Sprawozdawczo-Wyborczy PKOIA RP, zebrania obwodowe oraz wyb\u00f3r nowych w\u0142adz."},"content":{"rendered":"<p><strong>23 marca 2018r odby\u0142 si\u0119 IV Zjazd Sprawozdawczo-Wyborczy Podkarpackiej Okr\u0119gowej Izby Architekt\u00f3w RP, by\u0142 on poprzedzony zebraniami obwodowymi.\u00a0<\/strong>Zebrania obwodowe trwa\u0142y od godz. 10:00 do godz. 14:00, za\u015b p\u00f3\u017aniejszy zjazd wybranych delegat\u00f3w zako\u0144czy\u0142 si\u0119 o godz. 22:30.<\/p>\n<div>Podczas Zjazdu go\u015bcili\u015bmy przedstawicela KRIA Piotra Andrzejewskiego, kt\u00f3ry przedstawi\u0142 sprawozdanie z bie\u017c\u0105cych spraw i prac Izby Architekt\u00f3w,<br \/>\nprzedstawiciela Podkarpackiej Okr\u0119gowej Izby In\u017cynier\u00f3w Budownictwa pana Grzegorza Dubika (p.o. przewodnicz\u0105cego PKOIIB,<br \/>\na tak\u017ce prezesa SARP o. Rzesz\u00f3w Marka Chrobaka.<\/div>\n<div><\/div>\n<div><a href=\"https:\/\/podkarpacka.iarp.pl\/wp-content\/uploads\/2018\/03\/PKOIA-IV-ZJAZD.jpg\"><img loading=\"lazy\" decoding=\"async\" class=\"alignnone wp-image-2099 size-large\" src=\"https:\/\/podkarpacka.iarp.pl\/wp-content\/uploads\/2018\/03\/PKOIA-IV-ZJAZD-1024x498.jpg\" alt=\"\" width=\"770\" height=\"374\" srcset=\"https:\/\/podkarpacka.iarp.pl\/wp-content\/uploads\/2018\/03\/PKOIA-IV-ZJAZD-1024x498.jpg 1024w, https:\/\/podkarpacka.iarp.pl\/wp-content\/uploads\/2018\/03\/PKOIA-IV-ZJAZD-300x146.jpg 300w, https:\/\/podkarpacka.iarp.pl\/wp-content\/uploads\/2018\/03\/PKOIA-IV-ZJAZD-768x373.jpg 768w, https:\/\/podkarpacka.iarp.pl\/wp-content\/uploads\/2018\/03\/PKOIA-IV-ZJAZD-600x292.jpg 600w, https:\/\/podkarpacka.iarp.pl\/wp-content\/uploads\/2018\/03\/PKOIA-IV-ZJAZD.jpg 1210w\" sizes=\"auto, (max-width: 770px) 100vw, 770px\" \/><\/a><\/div>\n<div>\n<hr \/>\n<\/div>\n<div>\u00a0<strong>Serdecznie dzi\u0119kujemy dotychczasowym w\u0142adzom III kadencji PKOIA za ci\u0119\u017ck\u0105 prac\u0119 w\u0142o\u017con\u0105 w rzetelne wykonywanie powierzonych im obowi\u0105zk\u00f3w<\/strong>.<br \/>\nPodzi\u0119kowania nale\u017c\u0105 si\u0119 ust\u0119puj\u0105cym kole\u017cankom i kolegom, a tak\u017ce tym, kt\u00f3rzy ko\u0144cz\u0105c prac\u0119 w organach PKOIA, postanowili zako\u0144czy\u0107 prac\u0119 w zawodzie architekta (kole\u017canka Barbara Sipowicz &#8211; wice przewodnicz\u0105ca Rady PKOIA, kol. Ma\u0142gorzata Wnorowska &#8211; przewodnicz\u0105ca OKR, kol. Czes\u0142aw Wajdowicz- skarbnik Rady PKOIA).<\/div>\n<div>\n<hr \/>\n<\/div>\n<div>\n<div id=\"attachment_2103\" style=\"width: 780px\" class=\"wp-caption alignnone\"><a href=\"https:\/\/podkarpacka.iarp.pl\/wp-content\/uploads\/2016\/03\/PKOIA-23.jpg\"><img loading=\"lazy\" decoding=\"async\" aria-describedby=\"caption-attachment-2103\" class=\"wp-image-2103 size-large\" src=\"https:\/\/podkarpacka.iarp.pl\/wp-content\/uploads\/2016\/03\/PKOIA-23-1024x874.jpg\" alt=\"\" width=\"770\" height=\"657\" srcset=\"https:\/\/podkarpacka.iarp.pl\/wp-content\/uploads\/2016\/03\/PKOIA-23-1024x874.jpg 1024w, https:\/\/podkarpacka.iarp.pl\/wp-content\/uploads\/2016\/03\/PKOIA-23-300x256.jpg 300w, https:\/\/podkarpacka.iarp.pl\/wp-content\/uploads\/2016\/03\/PKOIA-23-768x655.jpg 768w\" sizes=\"auto, (max-width: 770px) 100vw, 770px\" \/><\/a><p id=\"caption-attachment-2103\" class=\"wp-caption-text\">Szczeg\u00f3lne podzi\u0119kowania sk\u0142adamy ust\u0119puj\u0105cemu przewodnicz\u0105cemu PKOIA Andrzejowi Depie, za pe\u0142nienie obowi\u0105zk\u00f3w przez dwie kadencje oraz reprezentowanie podkarpackich architekt\u00f3w z najwy\u017cszym zaanga\u017cowaniem.<\/p><\/div>\n<hr \/>\n<\/div>\n<p><strong>Podczas zjazdu zosta\u0142y wybrane nowe w\u0142adze do pracy w poszczeg\u00f3lnych organach PKOIA.\u00a0\u00a0<\/strong><br \/>\nPrzewodnicz\u0105c\u0105 Podkarpackiej Okr\u0119gowej Izby Architekt\u00f3w wybrana zosta\u0142a\u00a0 kol. architekt Renata \u015awi\u0119ci\u0144ska.<br \/>\n(Absolwentka Politechniki Krakowskiej Wydzia\u0142 Architektury i Urbanistyki (1989r.), od 1991r. cz\u0142onek SARP o. Rzesz\u00f3w, od 2007r. cz\u0142onek Zarz\u0105du SARP o. Rzesz\u00f3w, w 2016r. V-ce Prezes SARP o. Rzesz\u00f3w, od grudnia 2016r. cz\u0142onek GKR struktury Naczelne SARP, 2014-2018- cz\u0142onek Rady PKOIA, od 25 lat wsp\u00f3lnie z m\u0119\u017cem prowadzi pracowni\u0119 projektow\u0105 na terenie Krosna).<\/p>\n<p><strong>Przewodnicz\u0105cymi poszczeg\u00f3lnych organ\u00f3w zostali wybrani:<\/strong><br \/>\nOkr\u0119gowej Komisji Rewizyjnej: kol. architekt Stefan Stempin<br \/>\nOkr\u0119gowej Komisji Kwalifikacyjnej: kol. architekt Marek Lasko\u015b<br \/>\nOkr\u0119gowego S\u0105du Dyscyplinarnego: kol. architekt Maciej Trybus<br \/>\nOkr\u0119gowym Rzecznikiem Odpowiedzialno\u015bci Zawodowej: kol. architekt Andrzej Ma\u0142ek<\/p>\n\n\t\t<style type=\"text\/css\">\n\t\t\t#gallery-1 {\n\t\t\t\tmargin: auto;\n\t\t\t}\n\t\t\t#gallery-1 .gallery-item {\n\t\t\t\tfloat: left;\n\t\t\t\tmargin-top: 10px;\n\t\t\t\ttext-align: center;\n\t\t\t\twidth: 33%;\n\t\t\t}\n\t\t\t#gallery-1 img {\n\t\t\t\tborder: 2px solid #cfcfcf;\n\t\t\t}\n\t\t\t#gallery-1 .gallery-caption {\n\t\t\t\tmargin-left: 0;\n\t\t\t}\n\t\t\t\/* see gallery_shortcode() in wp-includes\/media.php *\/\n\t\t<\/style>\n\t\t<div id='gallery-1' class='gallery galleryid-2039 gallery-columns-3 gallery-size-thumbnail'><dl class='gallery-item'>\n\t\t\t<dt class='gallery-icon landscape'>\n\t\t\t\t<a href='https:\/\/podkarpacka.iarp.pl\/?attachment_id=2102'><img loading=\"lazy\" decoding=\"async\" width=\"150\" height=\"150\" src=\"https:\/\/podkarpacka.iarp.pl\/wp-content\/uploads\/2016\/03\/PKOIA-22-150x150.jpg\" class=\"attachment-thumbnail size-thumbnail\" alt=\"\" \/><\/a>\n\t\t\t<\/dt><\/dl><dl class='gallery-item'>\n\t\t\t<dt class='gallery-icon landscape'>\n\t\t\t\t<a href='https:\/\/podkarpacka.iarp.pl\/?attachment_id=2077'><img loading=\"lazy\" decoding=\"async\" width=\"150\" height=\"150\" src=\"https:\/\/podkarpacka.iarp.pl\/wp-content\/uploads\/2018\/04\/20180323_103022-150x150.jpg\" class=\"attachment-thumbnail size-thumbnail\" alt=\"\" \/><\/a>\n\t\t\t<\/dt><\/dl><dl class='gallery-item'>\n\t\t\t<dt class='gallery-icon landscape'>\n\t\t\t\t<a href='https:\/\/podkarpacka.iarp.pl\/?attachment_id=2084'><img loading=\"lazy\" decoding=\"async\" width=\"150\" height=\"150\" src=\"https:\/\/podkarpacka.iarp.pl\/wp-content\/uploads\/2018\/04\/20180323_102011-150x150.jpg\" class=\"attachment-thumbnail size-thumbnail\" alt=\"\" \/><\/a>\n\t\t\t<\/dt><\/dl><br style=\"clear: both\" \/><dl class='gallery-item'>\n\t\t\t<dt class='gallery-icon landscape'>\n\t\t\t\t<a href='https:\/\/podkarpacka.iarp.pl\/?attachment_id=2081'><img loading=\"lazy\" decoding=\"async\" width=\"150\" height=\"150\" src=\"https:\/\/podkarpacka.iarp.pl\/wp-content\/uploads\/2018\/04\/20180323_101927-150x150.jpg\" class=\"attachment-thumbnail size-thumbnail\" alt=\"\" \/><\/a>\n\t\t\t<\/dt><\/dl><dl class='gallery-item'>\n\t\t\t<dt class='gallery-icon landscape'>\n\t\t\t\t<a href='https:\/\/podkarpacka.iarp.pl\/?attachment_id=2070'><img loading=\"lazy\" decoding=\"async\" width=\"150\" height=\"150\" src=\"https:\/\/podkarpacka.iarp.pl\/wp-content\/uploads\/2018\/04\/20180323_102058-150x150.jpg\" class=\"attachment-thumbnail size-thumbnail\" alt=\"\" \/><\/a>\n\t\t\t<\/dt><\/dl><dl class='gallery-item'>\n\t\t\t<dt class='gallery-icon landscape'>\n\t\t\t\t<a href='https:\/\/podkarpacka.iarp.pl\/?attachment_id=2080'><img loading=\"lazy\" decoding=\"async\" width=\"150\" height=\"150\" src=\"https:\/\/podkarpacka.iarp.pl\/wp-content\/uploads\/2018\/04\/20180323_101839-150x150.jpg\" class=\"attachment-thumbnail size-thumbnail\" alt=\"\" \/><\/a>\n\t\t\t<\/dt><\/dl><br style=\"clear: both\" \/><dl class='gallery-item'>\n\t\t\t<dt class='gallery-icon landscape'>\n\t\t\t\t<a href='https:\/\/podkarpacka.iarp.pl\/?attachment_id=2086'><img loading=\"lazy\" decoding=\"async\" width=\"150\" height=\"150\" src=\"https:\/\/podkarpacka.iarp.pl\/wp-content\/uploads\/2018\/04\/20180323_173736-150x150.jpg\" class=\"attachment-thumbnail size-thumbnail\" alt=\"\" \/><\/a>\n\t\t\t<\/dt><\/dl><dl class='gallery-item'>\n\t\t\t<dt class='gallery-icon landscape'>\n\t\t\t\t<a href='https:\/\/podkarpacka.iarp.pl\/?attachment_id=2072'><img loading=\"lazy\" decoding=\"async\" width=\"150\" height=\"150\" src=\"https:\/\/podkarpacka.iarp.pl\/wp-content\/uploads\/2018\/04\/20180323_102817-150x150.jpg\" class=\"attachment-thumbnail size-thumbnail\" alt=\"\" \/><\/a>\n\t\t\t<\/dt><\/dl><dl class='gallery-item'>\n\t\t\t<dt class='gallery-icon landscape'>\n\t\t\t\t<a href='https:\/\/podkarpacka.iarp.pl\/?attachment_id=2087'><img loading=\"lazy\" decoding=\"async\" width=\"150\" height=\"150\" src=\"https:\/\/podkarpacka.iarp.pl\/wp-content\/uploads\/2018\/04\/20180323_173753-150x150.jpg\" class=\"attachment-thumbnail size-thumbnail\" alt=\"\" \/><\/a>\n\t\t\t<\/dt><\/dl><br style=\"clear: both\" \/>\n\t\t<\/div>\n\n<p>Do 5 kwietnia 2018r ukonstytuowa\u0142y si\u0119 wszystkie nowe organy Podkarpackiej Okr\u0119gowej Izby Architekt\u00f3w. Pe\u0142na lista w\u0142adz dost\u0119pna jest w zak\u0142adce\u00a0<a href=\"https:\/\/podkarpacka.iarp.pl\/?page_id=407\" target=\"_blank\" rel=\"noopener noreferrer\" data-saferedirecturl=\"https:\/\/www.google.com\/url?hl=en&amp;q=https:\/\/podkarpacka.iarp.pl\/?page_id%3D407&amp;source=gmail&amp;ust=1523665182814000&amp;usg=AFQjCNFDA3Wci1qwZJooCXh3S0qokWEWZQ\">Struktura PKOIA<\/a><\/p>\n<div id=\"attachment_2105\" style=\"width: 780px\" class=\"wp-caption alignnone\"><a href=\"https:\/\/podkarpacka.iarp.pl\/wp-content\/uploads\/2016\/03\/PKOIA-Ukonstytuowanie-si\u0119-w\u0142adz.jpg\"><img loading=\"lazy\" decoding=\"async\" aria-describedby=\"caption-attachment-2105\" class=\"wp-image-2105 size-large\" src=\"https:\/\/podkarpacka.iarp.pl\/wp-content\/uploads\/2016\/03\/PKOIA-Ukonstytuowanie-si\u0119-w\u0142adz-1024x498.jpg\" alt=\"\" width=\"770\" height=\"374\" srcset=\"https:\/\/podkarpacka.iarp.pl\/wp-content\/uploads\/2016\/03\/PKOIA-Ukonstytuowanie-si\u0119-w\u0142adz-1024x498.jpg 1024w, https:\/\/podkarpacka.iarp.pl\/wp-content\/uploads\/2016\/03\/PKOIA-Ukonstytuowanie-si\u0119-w\u0142adz-300x146.jpg 300w, https:\/\/podkarpacka.iarp.pl\/wp-content\/uploads\/2016\/03\/PKOIA-Ukonstytuowanie-si\u0119-w\u0142adz-768x373.jpg 768w, https:\/\/podkarpacka.iarp.pl\/wp-content\/uploads\/2016\/03\/PKOIA-Ukonstytuowanie-si\u0119-w\u0142adz.jpg 1210w\" sizes=\"auto, (max-width: 770px) 100vw, 770px\" \/><\/a><p id=\"caption-attachment-2105\" class=\"wp-caption-text\">W obecnej sytuacji prawnej, w\u0142adze Izby czeka wiele wyzwa\u0144 i obowi\u0105zk\u00f3w, dlatego \u017cyczymy im du\u017co zdrowia i wytrwa\u0142o\u015bci w pracy spo\u0142ecznej na rzecz cz\u0142onk\u00f3w Izby.<\/p><\/div>\n","protected":false},"excerpt":{"rendered":"<p>23 marca 2018r odby\u0142 si\u0119 IV Zjazd Sprawozdawczo-Wyborczy Podkarpackiej Okr\u0119gowej Izby Architekt\u00f3w RP, by\u0142 on poprzedzony zebraniami obwodowymi.\u00a0Zebrania obwodowe trwa\u0142y od godz. 10:00 do godz. 14:00, za\u015b p\u00f3\u017aniejszy zjazd wybranych delegat\u00f3w zako\u0144czy\u0142 si\u0119 o godz. 22:30. Podczas Zjazdu go\u015bcili\u015bmy przedstawicela KRIA Piotra Andrzejewskiego, kt\u00f3ry przedstawi\u0142 sprawozdanie z bie\u017c\u0105cych spraw i prac Izby Architekt\u00f3w, przedstawiciela Podkarpackiej [&hellip;]<\/p>\n","protected":false},"author":7,"featured_media":2043,"comment_status":"closed","ping_status":"open","sticky":false,"template":"","format":"standard","meta":{"footnotes":""},"categories":[56],"tags":[],"class_list":["post-2039","post","type-post","status-publish","format-standard","has-post-thumbnail","hentry","category-informacje-rady"],"publishpress_future_action":{"enabled":false,"date":"2026-05-08 15:39:50","action":"change-status","newStatus":"draft","terms":[],"taxonomy":"category","extraData":[]},"publishpress_future_workflow_manual_trigger":{"enabledWorkflows":[]},"_links":{"self":[{"href":"https:\/\/podkarpacka.iarp.pl\/index.php?rest_route=\/wp\/v2\/posts\/2039","targetHints":{"allow":["GET"]}}],"collection":[{"href":"https:\/\/podkarpacka.iarp.pl\/index.php?rest_route=\/wp\/v2\/posts"}],"about":[{"href":"https:\/\/podkarpacka.iarp.pl\/index.php?rest_route=\/wp\/v2\/types\/post"}],"author":[{"embeddable":true,"href":"https:\/\/podkarpacka.iarp.pl\/index.php?rest_route=\/wp\/v2\/users\/7"}],"replies":[{"embeddable":true,"href":"https:\/\/podkarpacka.iarp.pl\/index.php?rest_route=%2Fwp%2Fv2%2Fcomments&post=2039"}],"version-history":[{"count":7,"href":"https:\/\/podkarpacka.iarp.pl\/index.php?rest_route=\/wp\/v2\/posts\/2039\/revisions"}],"predecessor-version":[{"id":2116,"href":"https:\/\/podkarpacka.iarp.pl\/index.php?rest_route=\/wp\/v2\/posts\/2039\/revisions\/2116"}],"wp:featuredmedia":[{"embeddable":true,"href":"https:\/\/podkarpacka.iarp.pl\/index.php?rest_route=\/wp\/v2\/media\/2043"}],"wp:attachment":[{"href":"https:\/\/podkarpacka.iarp.pl\/index.php?rest_route=%2Fwp%2Fv2%2Fmedia&parent=2039"}],"wp:term":[{"taxonomy":"category","embeddable":true,"href":"https:\/\/podkarpacka.iarp.pl\/index.php?rest_route=%2Fwp%2Fv2%2Fcategories&post=2039"},{"taxonomy":"post_tag","embeddable":true,"href":"https:\/\/podkarpacka.iarp.pl\/index.php?rest_route=%2Fwp%2Fv2%2Ftags&post=2039"}],"curies":[{"name":"wp","href":"https:\/\/api.w.org\/{rel}","templated":true}]}}