{"id":2048,"date":"2018-03-26T17:31:37","date_gmt":"2018-03-26T15:31:37","guid":{"rendered":"http:\/\/podkarpacka.iarp.pl\/?p=2048"},"modified":"2018-03-31T21:10:38","modified_gmt":"2018-03-31T19:10:38","slug":"wnioski-o-obowiazkowe-oc-architekta","status":"publish","type":"post","link":"https:\/\/podkarpacka.iarp.pl\/?p=2048","title":{"rendered":"Wnioski o obowi\u0105zkowe OC architekta\u00a0\u00a0"},"content":{"rendered":"<table border=\"0\" cellspacing=\"0\" cellpadding=\"0\">\n<tbody>\n<tr>\n<td width=\"600\">\n<p align=\"center\"><img decoding=\"async\" class=\"CToWUd\" src=\"https:\/\/ci3.googleusercontent.com\/proxy\/MjFJnh_8YoLRrJR_fVfXX-oPp62NnoyEw61sLStwkgDuQiq0UDOsNHuY9OZeIw3aDy7nJjuKmltyH4TYH-7fTXHI_r7sM5DeNC8r1Mgir1FP_xEzvXEielOyHfB7AVqYvR0PdmhEsziqImg0C58rd9ECpYtDGI7BfSpWaorMnNPvTt_Kq-7TOGqOogRmObJeQK43Pvy6wg=s0-d-e1-ft#https:\/\/static.iarp.pl\/mailing\/logo\/iarp_oc_20180322\/iarp__22a87667751f9776bf3ddb2ff061cb7e_77de91fbdae775dc6d32887d77ac0ee1.jpg\" alt=\"Izba Architekt\u00f3w RP\" \/><\/p>\n<\/td>\n<\/tr>\n<\/tbody>\n<\/table>\n<p><strong>Od dzi\u015b mo\u017cna sk\u0142ada\u0107 wnioski o obowi\u0105zkowe OC architekta\u00a0<\/strong><\/p>\n<p>W extranecie IARP udost\u0119pniony zosta\u0142 elektroniczny wniosek umo\u017cliwiaj\u0105cy wznowienie obowi\u0105zkowej polisy OC na rok ubezpieczeniowy 2018\/2019.<\/p>\n<p><strong>Wniosek nale\u017cy z\u0142o\u017cy\u0107 nie p\u00f3\u017aniej, ni\u017c do 14 kwietnia.<\/strong><strong>\u00a0<\/strong><\/p>\n<p><strong>OC pracowni o po\u0142ow\u0119 ta\u0144sze\u00a0<\/strong><\/p>\n<p>Ka\u017cdy architekt<strong>\u00a0prowadz\u0105cy jednoosobow\u0105 dzia\u0142alno\u015b\u0107 gospodarcz\u0105<\/strong>\u00a0b\u0119dzie m\u00f3g\u0142 zawrze\u0107 dodatkow\u0105 polis\u0119\u00a0<strong>OC pracowni z 50% rabatem,\u00a0<\/strong>ale tylko do sumy 250 tys. z\u0142. Dodatkowo otrzyma tak\u017ce 15% zni\u017cki na OC obowi\u0105zkowe. Z oferty rabatowej mo\u017cna skorzysta\u0107\u00a0<strong>wy\u0142\u0105cznie przy sk\u0142adaniu wniosku o zawarcie polisy obowi\u0105zkowej.\u00a0<\/strong><\/p>\n<p><a href=\"https:\/\/extranet.iarp.pl\/\" target=\"_blank\" rel=\"noopener\" data-saferedirecturl=\"https:\/\/www.google.com\/url?hl=pl&amp;q=https:\/\/extranet.iarp.pl\/&amp;source=gmail&amp;ust=1522161251469000&amp;usg=AFQjCNH6tSsAUkobFN502Xhz4wwvYJpgxQ\"><strong>Zaloguj si\u0119 do systemu IARP &gt;&gt;<\/strong><\/a><\/p>\n<p><strong>Jak z\u0142o\u017cy\u0107 wniosek<\/strong><\/p>\n<p>Aby skutecznie wznowi\u0107 polis\u0119 trzeba wykona\u0107 pi\u0119\u0107 prostych krok\u00f3w:<\/p>\n<ol start=\"1\" type=\"1\">\n<li>Zaloguj si\u0119 na swoje konto w systemie IARP \u2013 login to zawsze numer przynale\u017cno\u015bci do Izby.<\/li>\n<li>Wybierz zak\u0142adk\u0119 \u201eUbezpieczenia\u201d i nast\u0119pnie \u201eObowi\u0105zkowe OC\u00a0<strong>2018\/2019<\/strong>\u201d.<\/li>\n<li>Wype\u0142nij wniosek o Obowi\u0105zkowe OC i, je\u015bli chcesz, wnioski dotycz\u0105ce dodatkowych ryzyk. Uwaga: tylko teraz mo\u017cesz skorzysta\u0107 z promocji na ubezpieczenie OC Pracowni Architektonicznej.<\/li>\n<li>Je\u015bli wniosek zosta\u0142 z\u0142o\u017cony poprawnie, otrzymasz e-mail z potwierdzeniem. W e-mailu b\u0119dzie tak\u017ce podany numer konta, na kt\u00f3ry w ci\u0105gu 10 dni nale\u017cy przela\u0107 p\u0142atno\u015b\u0107.<\/li>\n<li>Po zaksi\u0119gowaniu sk\u0142adki lub raty w systemie dost\u0119pna b\u0119dzie polisa potwierdzaj\u0105ca zawarcie ubezpieczenia OC.<\/li>\n<\/ol>\n<p>&nbsp;<\/p>\n<p>Architekci ubezpieczaj\u0105cy si\u0119 na podstawow\u0105 sum\u0119 ubezpieczenia \u2013 50 tys. euro, b\u0119d\u0105 mogli op\u0142aci\u0107 sk\u0142adk\u0119 tylko jednorazowo, czyli 156 z\u0142 za ca\u0142y rok 2018\/2019.<\/p>\n<p><strong>WA\u017bNE &#8211; zmiana numeru konta.<\/strong>\u00a0Wszystkie sk\u0142adki za obowi\u0105zkowe OC prosimy wp\u0142aca\u0107 na konto: Alior Bank SA 38 2490 0005 0000 4600 6116 6390<\/p>\n<p>W razie pyta\u0144 zawsze mo\u017cna skontaktowa\u0107 si\u0119 z firm\u0105 iExpert.pl pod numerem telefonu\u00a0<strong>22 646 42 42<\/strong>.<\/p>\n<p><a href=\"https:\/\/extranet.iarp.pl\/\" target=\"_blank\" rel=\"noopener\" data-saferedirecturl=\"https:\/\/www.google.com\/url?hl=pl&amp;q=https:\/\/extranet.iarp.pl\/&amp;source=gmail&amp;ust=1522161251469000&amp;usg=AFQjCNH6tSsAUkobFN502Xhz4wwvYJpgxQ\"><strong>Zaloguj si\u0119 do systemu IARP &gt;&gt;<\/strong><\/a><\/p>\n","protected":false},"excerpt":{"rendered":"<p>Od dzi\u015b mo\u017cna sk\u0142ada\u0107 wnioski o obowi\u0105zkowe OC architekta\u00a0 W extranecie IARP udost\u0119pniony zosta\u0142 elektroniczny wniosek umo\u017cliwiaj\u0105cy wznowienie obowi\u0105zkowej polisy OC na rok ubezpieczeniowy 2018\/2019. Wniosek nale\u017cy z\u0142o\u017cy\u0107 nie p\u00f3\u017aniej, ni\u017c do 14 kwietnia.\u00a0 OC pracowni o po\u0142ow\u0119 ta\u0144sze\u00a0 Ka\u017cdy architekt\u00a0prowadz\u0105cy jednoosobow\u0105 dzia\u0142alno\u015b\u0107 gospodarcz\u0105\u00a0b\u0119dzie m\u00f3g\u0142 zawrze\u0107 dodatkow\u0105 polis\u0119\u00a0OC pracowni z 50% rabatem,\u00a0ale tylko do sumy [&hellip;]<\/p>\n","protected":false},"author":7,"featured_media":2049,"comment_status":"closed","ping_status":"open","sticky":false,"template":"","format":"standard","meta":{"footnotes":""},"categories":[56],"tags":[],"class_list":["post-2048","post","type-post","status-publish","format-standard","has-post-thumbnail","hentry","category-informacje-rady"],"publishpress_future_action":{"enabled":false,"date":"2026-05-08 15:40:36","action":"change-status","newStatus":"draft","terms":[],"taxonomy":"category","extraData":[]},"publishpress_future_workflow_manual_trigger":{"enabledWorkflows":[]},"_links":{"self":[{"href":"https:\/\/podkarpacka.iarp.pl\/index.php?rest_route=\/wp\/v2\/posts\/2048","targetHints":{"allow":["GET"]}}],"collection":[{"href":"https:\/\/podkarpacka.iarp.pl\/index.php?rest_route=\/wp\/v2\/posts"}],"about":[{"href":"https:\/\/podkarpacka.iarp.pl\/index.php?rest_route=\/wp\/v2\/types\/post"}],"author":[{"embeddable":true,"href":"https:\/\/podkarpacka.iarp.pl\/index.php?rest_route=\/wp\/v2\/users\/7"}],"replies":[{"embeddable":true,"href":"https:\/\/podkarpacka.iarp.pl\/index.php?rest_route=%2Fwp%2Fv2%2Fcomments&post=2048"}],"version-history":[{"count":1,"href":"https:\/\/podkarpacka.iarp.pl\/index.php?rest_route=\/wp\/v2\/posts\/2048\/revisions"}],"predecessor-version":[{"id":2050,"href":"https:\/\/podkarpacka.iarp.pl\/index.php?rest_route=\/wp\/v2\/posts\/2048\/revisions\/2050"}],"wp:featuredmedia":[{"embeddable":true,"href":"https:\/\/podkarpacka.iarp.pl\/index.php?rest_route=\/wp\/v2\/media\/2049"}],"wp:attachment":[{"href":"https:\/\/podkarpacka.iarp.pl\/index.php?rest_route=%2Fwp%2Fv2%2Fmedia&parent=2048"}],"wp:term":[{"taxonomy":"category","embeddable":true,"href":"https:\/\/podkarpacka.iarp.pl\/index.php?rest_route=%2Fwp%2Fv2%2Fcategories&post=2048"},{"taxonomy":"post_tag","embeddable":true,"href":"https:\/\/podkarpacka.iarp.pl\/index.php?rest_route=%2Fwp%2Fv2%2Ftags&post=2048"}],"curies":[{"name":"wp","href":"https:\/\/api.w.org\/{rel}","templated":true}]}}