{"id":2054,"date":"2018-03-27T15:00:40","date_gmt":"2018-03-27T13:00:40","guid":{"rendered":"http:\/\/podkarpacka.iarp.pl\/?p=2054"},"modified":"2018-03-31T21:10:52","modified_gmt":"2018-03-31T19:10:52","slug":"zyczenia-z-okazji-swiat-wielkanocnych-2","status":"publish","type":"post","link":"https:\/\/podkarpacka.iarp.pl\/?p=2054","title":{"rendered":"\u017byczenia z okazji \u015awi\u0105t Wielkanocnych"},"content":{"rendered":"<p style=\"text-align: center;\"><strong>Weso\u0142ych \u015awi\u0105t Wielkanocnych i rado\u015bci p\u0142yn\u0105cej ze Zmartwychwstania Pa\u0144skiego <\/strong><\/p>\n<p style=\"text-align: center;\"><strong>oraz\u00a0<\/strong><strong>serdecznych spotka\u0144 w gronie rodziny i w\u015br\u00f3d przyjaci\u00f3\u0142<\/strong><\/p>\n<p style=\"text-align: center;\"><strong>\u017cyczy<\/strong><\/p>\n<div class=\"padding-style-1\">\n<p style=\"text-align: center;\"><strong>Podkarpacka Okr\u0119gowa Izba Architekt\u00f3w RP<\/strong><\/p>\n<div id=\"attachment_2055\" style=\"width: 780px\" class=\"wp-caption aligncenter\"><a href=\"https:\/\/podkarpacka.iarp.pl\/wp-content\/uploads\/2018\/03\/PKOIA.jpg\"><img loading=\"lazy\" decoding=\"async\" aria-describedby=\"caption-attachment-2055\" class=\"wp-image-2055 size-large\" src=\"https:\/\/podkarpacka.iarp.pl\/wp-content\/uploads\/2018\/03\/PKOIA-1024x753.jpg\" alt=\"\" width=\"770\" height=\"566\" srcset=\"https:\/\/podkarpacka.iarp.pl\/wp-content\/uploads\/2018\/03\/PKOIA-1024x753.jpg 1024w, https:\/\/podkarpacka.iarp.pl\/wp-content\/uploads\/2018\/03\/PKOIA-300x221.jpg 300w, https:\/\/podkarpacka.iarp.pl\/wp-content\/uploads\/2018\/03\/PKOIA-768x565.jpg 768w, https:\/\/podkarpacka.iarp.pl\/wp-content\/uploads\/2018\/03\/PKOIA-190x140.jpg 190w, https:\/\/podkarpacka.iarp.pl\/wp-content\/uploads\/2018\/03\/PKOIA-600x441.jpg 600w, https:\/\/podkarpacka.iarp.pl\/wp-content\/uploads\/2018\/03\/PKOIA.jpg 1945w\" sizes=\"auto, (max-width: 770px) 100vw, 770px\" \/><\/a><p id=\"caption-attachment-2055\" class=\"wp-caption-text\">Sebastiano Ricci 1659-1734 \u2013 w\u0142oski malarz okresu rokoka, tw\u00f3rca malarstwa dekoracyjnego Obraz: Wniebowst\u0105pienie\u00a0\u2013 Rzym, S. S. Apostoli<\/p><\/div>\n<\/div>\n","protected":false},"excerpt":{"rendered":"<p>Weso\u0142ych \u015awi\u0105t Wielkanocnych i rado\u015bci p\u0142yn\u0105cej ze Zmartwychwstania Pa\u0144skiego oraz\u00a0serdecznych spotka\u0144 w gronie rodziny i w\u015br\u00f3d przyjaci\u00f3\u0142 \u017cyczy Podkarpacka Okr\u0119gowa Izba Architekt\u00f3w RP<\/p>\n","protected":false},"author":7,"featured_media":2055,"comment_status":"closed","ping_status":"open","sticky":false,"template":"","format":"standard","meta":{"footnotes":""},"categories":[1,56],"tags":[],"class_list":["post-2054","post","type-post","status-publish","format-standard","has-post-thumbnail","hentry","category-bez-kategorii","category-informacje-rady"],"publishpress_future_action":{"enabled":false,"date":"2026-05-06 06:30:47","action":"change-status","newStatus":"draft","terms":[],"taxonomy":"category","extraData":[]},"publishpress_future_workflow_manual_trigger":{"enabledWorkflows":[]},"_links":{"self":[{"href":"https:\/\/podkarpacka.iarp.pl\/index.php?rest_route=\/wp\/v2\/posts\/2054","targetHints":{"allow":["GET"]}}],"collection":[{"href":"https:\/\/podkarpacka.iarp.pl\/index.php?rest_route=\/wp\/v2\/posts"}],"about":[{"href":"https:\/\/podkarpacka.iarp.pl\/index.php?rest_route=\/wp\/v2\/types\/post"}],"author":[{"embeddable":true,"href":"https:\/\/podkarpacka.iarp.pl\/index.php?rest_route=\/wp\/v2\/users\/7"}],"replies":[{"embeddable":true,"href":"https:\/\/podkarpacka.iarp.pl\/index.php?rest_route=%2Fwp%2Fv2%2Fcomments&post=2054"}],"version-history":[{"count":3,"href":"https:\/\/podkarpacka.iarp.pl\/index.php?rest_route=\/wp\/v2\/posts\/2054\/revisions"}],"predecessor-version":[{"id":2058,"href":"https:\/\/podkarpacka.iarp.pl\/index.php?rest_route=\/wp\/v2\/posts\/2054\/revisions\/2058"}],"wp:featuredmedia":[{"embeddable":true,"href":"https:\/\/podkarpacka.iarp.pl\/index.php?rest_route=\/wp\/v2\/media\/2055"}],"wp:attachment":[{"href":"https:\/\/podkarpacka.iarp.pl\/index.php?rest_route=%2Fwp%2Fv2%2Fmedia&parent=2054"}],"wp:term":[{"taxonomy":"category","embeddable":true,"href":"https:\/\/podkarpacka.iarp.pl\/index.php?rest_route=%2Fwp%2Fv2%2Fcategories&post=2054"},{"taxonomy":"post_tag","embeddable":true,"href":"https:\/\/podkarpacka.iarp.pl\/index.php?rest_route=%2Fwp%2Fv2%2Ftags&post=2054"}],"curies":[{"name":"wp","href":"https:\/\/api.w.org\/{rel}","templated":true}]}}