{"id":2119,"date":"2018-05-04T16:49:27","date_gmt":"2018-05-04T14:49:27","guid":{"rendered":"http:\/\/podkarpacka.iarp.pl\/?p=2119"},"modified":"2018-05-04T16:49:27","modified_gmt":"2018-05-04T14:49:27","slug":"obchody-uroczystosci-3-go-maja-pkoia-i-sarp-2018r","status":"publish","type":"post","link":"https:\/\/podkarpacka.iarp.pl\/?p=2119","title":{"rendered":"Obchody Uroczysto\u015bci 3-go Maja PKOIA i SARP &#8211; 2018r."},"content":{"rendered":"<p>SARP Rzesz\u00f3w i Podkarpacka Okr\u0119gowa Izba Architekt\u00f3w RP uczestnicz\u0105 w\u00a0obchodach 3-go Maja na Rynku w Rzeszowie.<\/p>\n<p><a href=\"https:\/\/podkarpacka.iarp.pl\/wp-content\/uploads\/2018\/05\/Obchody-3go-maja-SARP-PKOIA-8.jpg\"><img loading=\"lazy\" decoding=\"async\" class=\"alignnone wp-image-2122 size-full\" src=\"https:\/\/podkarpacka.iarp.pl\/wp-content\/uploads\/2018\/05\/Obchody-3go-maja-SARP-PKOIA-8.jpg\" alt=\"\" width=\"1000\" height=\"750\" srcset=\"https:\/\/podkarpacka.iarp.pl\/wp-content\/uploads\/2018\/05\/Obchody-3go-maja-SARP-PKOIA-8.jpg 1000w, https:\/\/podkarpacka.iarp.pl\/wp-content\/uploads\/2018\/05\/Obchody-3go-maja-SARP-PKOIA-8-300x225.jpg 300w, https:\/\/podkarpacka.iarp.pl\/wp-content\/uploads\/2018\/05\/Obchody-3go-maja-SARP-PKOIA-8-768x576.jpg 768w\" sizes=\"auto, (max-width: 1000px) 100vw, 1000px\" \/><\/a><\/p>\n<p><a href=\"https:\/\/podkarpacka.iarp.pl\/wp-content\/uploads\/2018\/05\/Obchody-3go-maja-SARP-PKOIA-10.jpg\"><img loading=\"lazy\" decoding=\"async\" class=\"alignnone wp-image-2124 size-full\" src=\"https:\/\/podkarpacka.iarp.pl\/wp-content\/uploads\/2018\/05\/Obchody-3go-maja-SARP-PKOIA-10.jpg\" alt=\"\" width=\"1000\" height=\"486\" srcset=\"https:\/\/podkarpacka.iarp.pl\/wp-content\/uploads\/2018\/05\/Obchody-3go-maja-SARP-PKOIA-10.jpg 1000w, https:\/\/podkarpacka.iarp.pl\/wp-content\/uploads\/2018\/05\/Obchody-3go-maja-SARP-PKOIA-10-300x146.jpg 300w, https:\/\/podkarpacka.iarp.pl\/wp-content\/uploads\/2018\/05\/Obchody-3go-maja-SARP-PKOIA-10-768x373.jpg 768w\" sizes=\"auto, (max-width: 1000px) 100vw, 1000px\" \/><\/a><\/p>\n<p><a href=\"https:\/\/podkarpacka.iarp.pl\/wp-content\/uploads\/2018\/05\/Obchody-3go-maja-SARP-PKOIA-11.jpg\"><img loading=\"lazy\" decoding=\"async\" class=\"alignnone wp-image-2125 size-full\" src=\"https:\/\/podkarpacka.iarp.pl\/wp-content\/uploads\/2018\/05\/Obchody-3go-maja-SARP-PKOIA-11.jpg\" alt=\"\" width=\"1000\" height=\"486\" srcset=\"https:\/\/podkarpacka.iarp.pl\/wp-content\/uploads\/2018\/05\/Obchody-3go-maja-SARP-PKOIA-11.jpg 1000w, https:\/\/podkarpacka.iarp.pl\/wp-content\/uploads\/2018\/05\/Obchody-3go-maja-SARP-PKOIA-11-300x146.jpg 300w, https:\/\/podkarpacka.iarp.pl\/wp-content\/uploads\/2018\/05\/Obchody-3go-maja-SARP-PKOIA-11-768x373.jpg 768w\" sizes=\"auto, (max-width: 1000px) 100vw, 1000px\" \/><\/a><\/p>\n<p><a href=\"https:\/\/podkarpacka.iarp.pl\/wp-content\/uploads\/2018\/05\/Obchody-3go-maja-SARP-PKOIA-13a.jpg\"><img loading=\"lazy\" decoding=\"async\" class=\"alignnone wp-image-2131 size-full\" src=\"https:\/\/podkarpacka.iarp.pl\/wp-content\/uploads\/2018\/05\/Obchody-3go-maja-SARP-PKOIA-13a.jpg\" alt=\"\" width=\"1000\" height=\"486\" srcset=\"https:\/\/podkarpacka.iarp.pl\/wp-content\/uploads\/2018\/05\/Obchody-3go-maja-SARP-PKOIA-13a.jpg 1000w, https:\/\/podkarpacka.iarp.pl\/wp-content\/uploads\/2018\/05\/Obchody-3go-maja-SARP-PKOIA-13a-300x146.jpg 300w, https:\/\/podkarpacka.iarp.pl\/wp-content\/uploads\/2018\/05\/Obchody-3go-maja-SARP-PKOIA-13a-768x373.jpg 768w\" sizes=\"auto, (max-width: 1000px) 100vw, 1000px\" \/><\/a><\/p>\n<p><a href=\"https:\/\/podkarpacka.iarp.pl\/wp-content\/uploads\/2018\/05\/Obchody-3go-maja-SARP-PKOIA-12aa.jpg\"><img loading=\"lazy\" decoding=\"async\" class=\"alignnone wp-image-2133 size-full\" src=\"https:\/\/podkarpacka.iarp.pl\/wp-content\/uploads\/2018\/05\/Obchody-3go-maja-SARP-PKOIA-12aa.jpg\" alt=\"\" width=\"1000\" height=\"1533\" srcset=\"https:\/\/podkarpacka.iarp.pl\/wp-content\/uploads\/2018\/05\/Obchody-3go-maja-SARP-PKOIA-12aa.jpg 1000w, https:\/\/podkarpacka.iarp.pl\/wp-content\/uploads\/2018\/05\/Obchody-3go-maja-SARP-PKOIA-12aa-196x300.jpg 196w, https:\/\/podkarpacka.iarp.pl\/wp-content\/uploads\/2018\/05\/Obchody-3go-maja-SARP-PKOIA-12aa-768x1177.jpg 768w, https:\/\/podkarpacka.iarp.pl\/wp-content\/uploads\/2018\/05\/Obchody-3go-maja-SARP-PKOIA-12aa-668x1024.jpg 668w\" sizes=\"auto, (max-width: 1000px) 100vw, 1000px\" \/><\/a><\/p>\n<p><a href=\"https:\/\/podkarpacka.iarp.pl\/wp-content\/uploads\/2018\/05\/Obchody-3go-maja-SARP-PKOIA-14aa.jpg\"><img loading=\"lazy\" decoding=\"async\" class=\"alignnone wp-image-2132 size-full\" src=\"https:\/\/podkarpacka.iarp.pl\/wp-content\/uploads\/2018\/05\/Obchody-3go-maja-SARP-PKOIA-14aa.jpg\" alt=\"\" width=\"1000\" height=\"1765\" srcset=\"https:\/\/podkarpacka.iarp.pl\/wp-content\/uploads\/2018\/05\/Obchody-3go-maja-SARP-PKOIA-14aa.jpg 1000w, https:\/\/podkarpacka.iarp.pl\/wp-content\/uploads\/2018\/05\/Obchody-3go-maja-SARP-PKOIA-14aa-170x300.jpg 170w, https:\/\/podkarpacka.iarp.pl\/wp-content\/uploads\/2018\/05\/Obchody-3go-maja-SARP-PKOIA-14aa-768x1356.jpg 768w, https:\/\/podkarpacka.iarp.pl\/wp-content\/uploads\/2018\/05\/Obchody-3go-maja-SARP-PKOIA-14aa-580x1024.jpg 580w\" sizes=\"auto, (max-width: 1000px) 100vw, 1000px\" \/><\/a><a href=\"https:\/\/podkarpacka.iarp.pl\/wp-content\/uploads\/2018\/05\/Obchody-3go-maja-SARP-PKOIA-7.jpg\"><img loading=\"lazy\" decoding=\"async\" class=\"alignnone wp-image-2121 size-full\" src=\"https:\/\/podkarpacka.iarp.pl\/wp-content\/uploads\/2018\/05\/Obchody-3go-maja-SARP-PKOIA-7.jpg\" alt=\"\" width=\"750\" height=\"1000\" srcset=\"https:\/\/podkarpacka.iarp.pl\/wp-content\/uploads\/2018\/05\/Obchody-3go-maja-SARP-PKOIA-7.jpg 750w, https:\/\/podkarpacka.iarp.pl\/wp-content\/uploads\/2018\/05\/Obchody-3go-maja-SARP-PKOIA-7-225x300.jpg 225w\" sizes=\"auto, (max-width: 750px) 100vw, 750px\" \/><\/a><\/p>\n","protected":false},"excerpt":{"rendered":"<p>SARP Rzesz\u00f3w i Podkarpacka Okr\u0119gowa Izba Architekt\u00f3w RP uczestnicz\u0105 w\u00a0obchodach 3-go Maja na Rynku w Rzeszowie.<\/p>\n","protected":false},"author":7,"featured_media":2123,"comment_status":"closed","ping_status":"open","sticky":false,"template":"","format":"standard","meta":{"footnotes":""},"categories":[55],"tags":[],"class_list":["post-2119","post","type-post","status-publish","format-standard","has-post-thumbnail","hentry","category-wydarzenia"],"publishpress_future_action":{"enabled":false,"date":"2026-05-05 20:01:51","action":"change-status","newStatus":"draft","terms":[],"taxonomy":"category","extraData":[]},"publishpress_future_workflow_manual_trigger":{"enabledWorkflows":[]},"_links":{"self":[{"href":"https:\/\/podkarpacka.iarp.pl\/index.php?rest_route=\/wp\/v2\/posts\/2119","targetHints":{"allow":["GET"]}}],"collection":[{"href":"https:\/\/podkarpacka.iarp.pl\/index.php?rest_route=\/wp\/v2\/posts"}],"about":[{"href":"https:\/\/podkarpacka.iarp.pl\/index.php?rest_route=\/wp\/v2\/types\/post"}],"author":[{"embeddable":true,"href":"https:\/\/podkarpacka.iarp.pl\/index.php?rest_route=\/wp\/v2\/users\/7"}],"replies":[{"embeddable":true,"href":"https:\/\/podkarpacka.iarp.pl\/index.php?rest_route=%2Fwp%2Fv2%2Fcomments&post=2119"}],"version-history":[{"count":2,"href":"https:\/\/podkarpacka.iarp.pl\/index.php?rest_route=\/wp\/v2\/posts\/2119\/revisions"}],"predecessor-version":[{"id":3706,"href":"https:\/\/podkarpacka.iarp.pl\/index.php?rest_route=\/wp\/v2\/posts\/2119\/revisions\/3706"}],"wp:featuredmedia":[{"embeddable":true,"href":"https:\/\/podkarpacka.iarp.pl\/index.php?rest_route=\/wp\/v2\/media\/2123"}],"wp:attachment":[{"href":"https:\/\/podkarpacka.iarp.pl\/index.php?rest_route=%2Fwp%2Fv2%2Fmedia&parent=2119"}],"wp:term":[{"taxonomy":"category","embeddable":true,"href":"https:\/\/podkarpacka.iarp.pl\/index.php?rest_route=%2Fwp%2Fv2%2Fcategories&post=2119"},{"taxonomy":"post_tag","embeddable":true,"href":"https:\/\/podkarpacka.iarp.pl\/index.php?rest_route=%2Fwp%2Fv2%2Ftags&post=2119"}],"curies":[{"name":"wp","href":"https:\/\/api.w.org\/{rel}","templated":true}]}}