{"id":2162,"date":"2018-05-25T14:58:08","date_gmt":"2018-05-25T12:58:08","guid":{"rendered":"http:\/\/podkarpacka.iarp.pl\/?p=2162"},"modified":"2018-05-25T14:59:19","modified_gmt":"2018-05-25T12:59:19","slug":"polityka-prywatnosci-dla-czlonkow-i-kandydatow-na-czlonkow-izby-architektow-rzeczypospolitej-polskiej","status":"publish","type":"post","link":"https:\/\/podkarpacka.iarp.pl\/?p=2162","title":{"rendered":"POLITYKA PRYWATNO\u015aCI DLA CZ\u0141ONK\u00d3W I KANDYDAT\u00d3W NA CZ\u0141ONK\u00d3W IZBY ARCHITEKT\u00d3W RZECZYPOSPOLITEJ POLSKIEJ"},"content":{"rendered":"<p style=\"font-weight: 400;\">Szanowne Kole\u017canki, Szanowni Koledzy,<\/p>\n<p style=\"font-weight: 400;\">W zwi\u0105zku z konieczno\u015bci\u0105 stosowania od 25 maja 2018 r. postanowie\u0144 og\u00f3lnego rozporz\u0105dzenia o ochronie danych osobowych z dnia 27 kwietnia 2016 r. (RODO) uprzejmie informujemy, \u017ce w dniu 23 maja 2018 roku Krajowa Rada Izby Architekt\u00f3w RP przyj\u0119\u0142a uchwa\u0142\u0119 nr O-012-IV-2018, na mocy kt\u00f3rej przyj\u0119ta zosta\u0142a Polityka Bezpiecze\u0144stwa Danych w Izbie Architekt\u00f3w RP oraz dokumentacja ochrony danych, stanowi\u0105ca wype\u0142nienie obowi\u0105zk\u00f3w ustanowionych na mocy RODO. Z pe\u0142n\u0105 tre\u015bci\u0105 Polityki Bezpiecze\u0144stwa mo\u017cna si\u0119 zapozna\u0107 na stronie internetowej\u00a0<a href=\"http:\/\/www.izbaarchitektow.pl\/\" data-saferedirecturl=\"https:\/\/www.google.com\/url?hl=pl&amp;q=http:\/\/www.izbaarchitektow.pl&amp;source=gmail&amp;ust=1527339073505000&amp;usg=AFQjCNEzqOD2iz6kze3prmXzBI8hTPKy8A\">www.izbaarchitektow.pl<\/a>. Jednocze\u015bnie uprzejmie informujemy, \u017ce w ramach realizacji obowi\u0105zk\u00f3w wynikaj\u0105cych z RODO, maj\u0105cych na celu zapewnienie bezpiecze\u0144stwa i zgodno\u015bci z prawem przetwarzania danych osobowych Podkarpacka Okr\u0119gowa Izba Architekt\u00f3w RP prowadzi dalsze dzia\u0142ania maj\u0105ce na celu przyj\u0119cie dokument\u00f3w wykonawczych do przyj\u0119tej przez Krajow\u0105 Rad\u0119 Izby Architekt\u00f3w Polityki Bezpiecze\u0144stwa Danych, o kt\u00f3rych b\u0119d\u0105 \u00a0Pa\u0144stwo na bie\u017c\u0105co informowani.<\/p>\n<p style=\"font-weight: 400;\">Do niniejszej wiadomo\u015bci za\u0142\u0105czamy tre\u015b\u0107 klauzuli informacyjnej adresowanej do wszystkich cz\u0142onk\u00f3w PKOIA, stanowi\u0105cej realizacj\u0119 obowi\u0105zku administratora okre\u015blonego w art. 13 ust. 1 i 2 RODO.<\/p>\n<p style=\"font-weight: 400;\">Przewodnicz\u0105ca Rady<br \/>\nPodkarpackiej Okr\u0119gowej Izby Architekt\u00f3w RP<br \/>\narchitekt Renata \u015awi\u0119ci\u0144ska<\/p>\n<p>&nbsp;<\/p>\n<hr \/>\n<p>&nbsp;<\/p>\n<h3 style=\"text-align: left;\">Za\u0142\u0105cznik Nr 2 do Uchwa\u0142y Krajowej Rady Izby Architekt\u00f3w RP Nr O-012-IV-2018 z dnia 23 maja 2018<br \/>\nPOLITYKA PRYWATNO\u015aCI DLA CZ\u0141ONK\u00d3W I KANDYDAT\u00d3W NA CZ\u0141ONK\u00d3W IZBY ARCHITEKT\u00d3W RZECZYPOSPOLITEJ POLSKIEJ<\/h3>\n<hr \/>\n<p>Zgodnie z art. 13 ust. 1 i ust. 2 og\u00f3lnego rozporz\u0105dzenia o ochronie danych osobowych z dnia 27 kwietnia 2016 r. (RODO) informuj\u0119, i\u017c:<br \/>\n1) Administratorem Pa\u0144stwa danych osobowych jest Izba Architekt\u00f3w Rzeczypospolitej Polskiej, z siedzib\u0105 w Warszawie, ul. Stawki 2A, NIP: 5252228219 (dalej: IARP). Wsp\u00f3\u0142administratorem zbioru danych jest w\u0142a\u015bciwa dla Pa\u0144stwa terytorialnie Okr\u0119gowa Izba Architekt\u00f3w (dalej: Izba Okr\u0119gowa). Wykaz danych adresowych i kontaktowych Izb Okr\u0119gowych opublikowany zosta\u0142 na stronie internetowej Izby Krajowej: http:\/\/www.izbaarchitektow.pl\/pokaz.php?id=33.<\/p>\n<p style=\"text-align: left;\">2) Przetwarzamy wy\u0142\u0105cznie dane, kt\u00f3re zosta\u0142y przez Pa\u0144stwa udost\u0119pnione dobrowolnie w zwi\u0105zku z cz\u0142onkostwem lub ubieganiem si\u0119 o cz\u0142onkostwo w IARP. Zakres przetwarzanych danych wynika z tre\u015bci Statutu Izby Architekt\u00f3w Rzeczypospolitej Polskiej oraz z Ustawy z dnia 15 grudnia 2000 r. o samorz\u0105dach zawodowych architekt\u00f3w oraz in\u017cynier\u00f3w budownictwa. Mi\u0119dzy innymi przetwarzamy nast\u0119puj\u0105ce Pa\u0144stwa dane osobowe: imi\u0119, nazwisko, telefon kontaktowy, numer PESEL, numer dowodu to\u017csamo\u015bci, zdj\u0119cie, dane adresowe, informacje o wykszta\u0142ceniu, oraz informacje o przebiegu wykonywania zawodu.<\/p>\n<p style=\"text-align: left;\">3) Mo\u017cliwe jest przetwarzanie przez IARP oraz w\u0142a\u015bciw\u0105 Izb\u0119 Okr\u0119gow\u0105 Pa\u0144stwa danych szczeg\u00f3lnych kategorii: danych o stanie zdrowia, podanych przez Pa\u0144stwa dobrowolnie w zwi\u0105zku z ubieganiem si\u0119 o skorzystanie z kt\u00f3rej\u015b z form wsparcia oferowanej przez IARP lub Izb\u0119 Okr\u0119gow\u0105 jak r\u00f3wnie\u017c informacji o wyrokach karnych \u2013 przekazane nam bezpo\u015brednio przez s\u0105d powszechny (np. informacj\u0119 o prawomocnym zakazie wykonywania zawodu architekta).<\/p>\n<p style=\"text-align: left;\">4) Dane osobowe przetwarzane b\u0119d\u0105 w celu:<br \/>\na) realizacji obowi\u0105zk\u00f3w ustawowych oraz statutowych przez IARP oraz Izb\u0119 Okr\u0119gow\u0105;<br \/>\nb) przekazywania Pa\u0144stwu informacji na temat aktywno\u015bci i funkcjonowania samorz\u0105du;<br \/>\nc) wydawania czasopism Izbowych oraz innych publikacji, w tym pisma \u201eZaw\u00f3d:Architekt\u201d oraz newsletter\u00f3w;<br \/>\nd) tworzenia statystyk, zestawie\u0144, podsumowa\u0144 jak i w celach historycznych i archiwalnych.<\/p>\n<p style=\"text-align: left;\">5) Odbiorcami Pa\u0144stwa danych mog\u0105 by\u0107 urz\u0119dy pa\u0144stwowe i organy administracji publicznej (np. GUNB, s\u0105dy), poczta polska oraz firmy kurierskie \u2013 na potrzeby wysy\u0142ki korespondencji jak r\u00f3wnie\u017c inne instytucje lub firmy realizuj\u0105ce z naszego upowa\u017cnienia zadania wymagaj\u0105ce dost\u0119pu do niekt\u00f3rych z Pa\u0144stwa danych osobowych.<\/p>\n<p style=\"text-align: left;\">6) IARP w zwi\u0105zku z realizacj\u0105 ustawowego obowi\u0105zku prowadzenia rejestru architekt\u00f3w i nadzoru nad wykonywaniem zawodu zaufania publicznego wymagaj\u0105cego mo\u017cliwo\u015bci weryfikacji uprawnie\u0144 architekt\u00f3w, w interesie publicznym prowadzi i upublicznia na swoich stronach internetowych rejestr wszystkich os\u00f3b, posiadaj\u0105cych uprawnienia architekta. W rejestrze ujawniane i upubliczniane s\u0105 nast\u0119puj\u0105ce dane: imi\u0119 i nazwisko architekta, numer wpisu, nazwa Izby Okr\u0119gowej, do kt\u00f3rej przynale\u017cy architekt. Rejestr dost\u0119pny jest na stronie IARP: https:\/\/extranet.iarp.pl\/lista\/ jak r\u00f3wnie\u017c na stronach Izb Okr\u0119gowych w zakresie ich w\u0142a\u015bciwo\u015bci terytorialnej.<\/p>\n<p style=\"text-align: left;\">7) Podstaw\u0105 przetwarzania Pa\u0144stwa danych osobowych jest realizacja obowi\u0105zku wynikaj\u0105cego z Ustawy z dnia 15 grudnia 2000 r. o samorz\u0105dach zawodowych architekt\u00f3w oraz in\u017cynier\u00f3w budownictwa. W okre\u015bleniu do danych podanych przez Pa\u0144stwa dobrowolnie w zwi\u0105zku z bie\u017c\u0105c\u0105 dzia\u0142alno\u015bci\u0105 Izby (np. publikacji prasowych, udzia\u0142u w Organach IARP lub Izb Okr\u0119gowych, korzystania z r\u00f3\u017cnych form wsparcia) podstaw\u0105 przetwarzania jest Pa\u0144stwa dobrowolna zgoda.<\/p>\n<p style=\"text-align: left;\">8) W ramach naszych dzia\u0142a\u0144 jako administratora Pa\u0144stwa danych mo\u017cliwe jest przekazanie niekt\u00f3rych z tych danych za granic\u0119 \u2013 w tym poza terytorium Unii Europejskiej. Takie dzia\u0142anie podejmowane jest z Pa\u0144stwa inicjatywy i na Pa\u0144stwa wniosek i wi\u0105\u017ce si\u0119 z procesem potwierdzania uprawnie\u0144 do wykonywania zawodu architekta.<\/p>\n<p style=\"text-align: left;\">9) Przekazane przez Pa\u0144stwa dane osobowe b\u0119d\u0105 przechowywane przez IARP wieczy\u015bcie. Wi\u0105\u017ce si\u0119 to z konieczno\u015bci\u0105 zachowania danych dla cel\u00f3w historycznych, statystycznych oraz umo\u017cliwienia Pa\u0144stwu mo\u017cliwo\u015bci ewentualnego kontynuowania cz\u0142onkostwa w IARP i zachowania ci\u0105g\u0142o\u015bci historii wykonywania zawodu, co wi\u0105\u017ce si\u0119 z realizacj\u0105 ustawowego obowi\u0105zku pe\u0142nienia nadzoru nad wykonywaniem zawodu architekta.<\/p>\n<p style=\"text-align: left;\">10) Posiadacie Pa\u0144stwo prawo dost\u0119pu do tre\u015bci swoich danych oraz prawo ich sprostowania, ograniczenia przetwarzania lub usuni\u0119cia danych. Przys\u0142uguje Pa\u0144stwu tak\u017ce prawo wniesienia sprzeciwu w zakresie przetwarzania, prawo do cofni\u0119cia zgody w dowolnym momencie bez wp\u0142ywu na zgodno\u015b\u0107 z prawem przetwarzania, kt\u00f3rego dokonano na podstawie zgody przed jej cofni\u0119ciem. Dyspozycja taka nie b\u0119dzie skuteczna wobec danych, kt\u00f3re jeste\u015bmy zobowi\u0105zani przetwarza\u0107 zgodnie z obowi\u0105zuj\u0105cymi przepisami prawa lub w ramach realizacji prawnie uzasadnionego interesu IARP albo Izby Okr\u0119gowej.<\/p>\n<p style=\"text-align: left;\">11) Posiadacie Pa\u0144stwo prawo wniesienia skargi do Prezesa Urz\u0119du Ochrony Danych Osobowych (PUODO) gdy uznacie Pa\u0144stwo, i\u017c przetwarzanie podanych przez Pa\u0144stwa danych osobowych narusza przepisy og\u00f3lnego rozporz\u0105dzenia o ochronie danych osobowych z dnia 27 kwietnia 2016 r. (RODO).<\/p>\n<p style=\"text-align: left;\">12) Podanie przez Pa\u0144stwa danych osobowych jest konieczne do ubiegania si\u0119 o cz\u0142onkostwo w IARP.<\/p>\n<p style=\"text-align: left;\">13) Ani IARP, ani Izba Okr\u0119gowa, ani \u017caden podmiot, kt\u00f3remu zostan\u0105 powierzone Pa\u0144stwa dane osobowe nie stosuje profilowania w rozumieniu RODO ani nie podejmuje zautomatyzowanych decyzji opartych na profilowaniu.<\/p>\n","protected":false},"excerpt":{"rendered":"<p>Szanowne Kole\u017canki, Szanowni Koledzy, W zwi\u0105zku z konieczno\u015bci\u0105 stosowania od 25 maja 2018 r. postanowie\u0144 og\u00f3lnego rozporz\u0105dzenia o ochronie danych osobowych z dnia 27 kwietnia 2016 r. (RODO) uprzejmie informujemy, \u017ce w dniu 23 maja 2018 roku Krajowa Rada Izby Architekt\u00f3w RP przyj\u0119\u0142a uchwa\u0142\u0119 nr O-012-IV-2018, na mocy kt\u00f3rej przyj\u0119ta zosta\u0142a Polityka Bezpiecze\u0144stwa Danych w [&hellip;]<\/p>\n","protected":false},"author":7,"featured_media":2167,"comment_status":"closed","ping_status":"open","sticky":false,"template":"","format":"standard","meta":{"footnotes":""},"categories":[56],"tags":[],"class_list":["post-2162","post","type-post","status-publish","format-standard","has-post-thumbnail","hentry","category-informacje-rady"],"publishpress_future_action":{"enabled":false,"date":"2026-05-08 15:39:50","action":"change-status","newStatus":"draft","terms":[],"taxonomy":"category","extraData":[]},"publishpress_future_workflow_manual_trigger":{"enabledWorkflows":[]},"_links":{"self":[{"href":"https:\/\/podkarpacka.iarp.pl\/index.php?rest_route=\/wp\/v2\/posts\/2162","targetHints":{"allow":["GET"]}}],"collection":[{"href":"https:\/\/podkarpacka.iarp.pl\/index.php?rest_route=\/wp\/v2\/posts"}],"about":[{"href":"https:\/\/podkarpacka.iarp.pl\/index.php?rest_route=\/wp\/v2\/types\/post"}],"author":[{"embeddable":true,"href":"https:\/\/podkarpacka.iarp.pl\/index.php?rest_route=\/wp\/v2\/users\/7"}],"replies":[{"embeddable":true,"href":"https:\/\/podkarpacka.iarp.pl\/index.php?rest_route=%2Fwp%2Fv2%2Fcomments&post=2162"}],"version-history":[{"count":5,"href":"https:\/\/podkarpacka.iarp.pl\/index.php?rest_route=\/wp\/v2\/posts\/2162\/revisions"}],"predecessor-version":[{"id":2168,"href":"https:\/\/podkarpacka.iarp.pl\/index.php?rest_route=\/wp\/v2\/posts\/2162\/revisions\/2168"}],"wp:featuredmedia":[{"embeddable":true,"href":"https:\/\/podkarpacka.iarp.pl\/index.php?rest_route=\/wp\/v2\/media\/2167"}],"wp:attachment":[{"href":"https:\/\/podkarpacka.iarp.pl\/index.php?rest_route=%2Fwp%2Fv2%2Fmedia&parent=2162"}],"wp:term":[{"taxonomy":"category","embeddable":true,"href":"https:\/\/podkarpacka.iarp.pl\/index.php?rest_route=%2Fwp%2Fv2%2Fcategories&post=2162"},{"taxonomy":"post_tag","embeddable":true,"href":"https:\/\/podkarpacka.iarp.pl\/index.php?rest_route=%2Fwp%2Fv2%2Ftags&post=2162"}],"curies":[{"name":"wp","href":"https:\/\/api.w.org\/{rel}","templated":true}]}}