{"id":2173,"date":"2018-06-12T22:42:07","date_gmt":"2018-06-12T20:42:07","guid":{"rendered":"http:\/\/podkarpacka.iarp.pl\/?p=2173"},"modified":"2018-06-12T22:42:07","modified_gmt":"2018-06-12T20:42:07","slug":"szkolenie-fakro-rodo-w-zawodzie-architekta-rejestracja","status":"publish","type":"post","link":"https:\/\/podkarpacka.iarp.pl\/?p=2173","title":{"rendered":"SZKOLENIE: FAKRO+ RODO W ZAWODZIE ARCHITEKTA: REJESTRACJA"},"content":{"rendered":"<p style=\"font-weight: 400;\"><strong>Szanowni Pa\u0144stwo.<\/strong><\/p>\n<p style=\"font-weight: 400;\"><strong>Drogie Kole\u017canki i Koledzy.<\/strong><\/p>\n<p style=\"font-weight: 400;\"><strong>Podkarpacka Okr\u0119gowa Izba Architekt\u00f3w oraz SARP Oddzia\u0142 Rzesz\u00f3w uprzejmie informuje o organizacji w dniach\u00a06-8.07.2018podw\u00f3jnego, wyjazdowego szkolenia w Nowym S\u0105czu i Muszynie pt.:\u00a0FARKO i \u201eRODO w zawodzie architekta\u201d\u00a0po\u0142\u0105czonego z wieloma atrakcjami.<\/strong><\/p>\n<p style=\"font-weight: 400;\"><em>Cel szkolenia: Zapoznanie si\u0119 z podstawowymi zasadami i poj\u0119ciami wynikaj\u0105cymi z Rozporz\u0105dzenia Parlamentu Europejskiego i Rady 2016\/679 w sprawie ochrony os\u00f3b fizycznych w zwi\u0105zku z przetwarzaniem danych osobowych i w sprawie swobodnego przep\u0142ywu takich danych oraz uchylenia dyrektywy 95\/46\/ER (og\u00f3lne rozporz\u0105dzenia o ochronie danych). Szczeg\u00f3lny nacisk po\u0142o\u017cony zostanie na praktyczne aspekty stosowania powy\u017cszego rozporz\u0105dzenia w zawodzie architekta ze wskazaniem niezb\u0119dnej dokumentacji i podstawowych zasad jej prowadzenia oraz proces\u00f3w, kt\u00f3re nale\u017cy w tym zakresie wdro\u017cy\u0107 .<\/em><\/p>\n<p style=\"font-weight: 400;\"><strong>Wyjazd przewidujemy dla maksymalnie 35 os\u00f3b, kt\u00f3re s\u0105\u00a0<u>zar\u00f3wno<\/u>\u00a0cz\u0142onkami Izby jak i SARPu.\u00a0Je\u017celi zostan\u0105 miejsca, to mog\u0105 si\u0119 zapisywa\u0107 SARP-owicze, kt\u00f3rzy jeszcze nie nale\u017c\u0105 do IARP oraz ich osoby towarzysz\u0105ce.<\/strong><strong>\u00a0\u00a0<\/strong><\/p>\n<p style=\"font-weight: 400;\"><strong>Natomiast\u00a0udzia\u0142 w\u00a0<\/strong><strong>szkoleniu z RODO jest bezp\u0142atne<\/strong><strong>\u00a0(szkolenie IARP). To bardzo wa\u017cne; ka\u017cdy cz\u0142onek Izby mo\u017ce sam dojecha\u0107 w sobot\u0119 i uczestniczy\u0107 w szkoleniu RODO.<\/strong><\/p>\n<hr \/>\n<p style=\"font-weight: 400;\"><strong>ZAPISY RUSZAJ\u0104\u00a0 14.06.2018 roku o godzinie 8:00\u00a0!!!\u00a0<\/strong><\/p>\n<p><strong><a href=\"http:\/\/rzeszow.sarp.org.pl\/index.php\/2018\/06\/11\/szkolenie-w-muszynie-rodo-fakro-rejestracja\/\" data-saferedirecturl=\"https:\/\/www.google.com\/url?hl=pl&amp;q=http:\/\/rzeszow.sarp.org.pl\/index.php\/2018\/06\/11\/szkolenie-w-muszynie-rodo-fakro-rejestracja\/&amp;source=gmail&amp;ust=1528922291883000&amp;usg=AFQjCNFAo0AZvv7pW8g96ykBmvqldQgRPQ\">LINK DO REJESTRACJI:<br \/>\n<\/a><\/strong><strong><a href=\"http:\/\/rzeszow.sarp.org.pl\/index.php\/2018\/06\/11\/szkolenie-w-muszynie-rodo-fakro-rejestracja\/\" data-saferedirecturl=\"https:\/\/www.google.com\/url?hl=pl&amp;q=http:\/\/rzeszow.sarp.org.pl\/index.php\/2018\/06\/11\/szkolenie-w-muszynie-rodo-fakro-rejestracja\/&amp;source=gmail&amp;ust=1528922291883000&amp;usg=AFQjCNFAo0AZvv7pW8g96ykBmvqldQgRPQ\">http:\/\/rzeszow.sarp.org.pl\/index.php\/2018\/06\/11\/szkolenie-w-muszynie-rodo-fakro-rejestracja\/<\/a><\/strong><\/p>\n<p>Je\u017celi chcesz bra\u0107 z nami udzia\u0142 w tym niezwyk\u0142ym wydarzeniu, dokonaj rezerwacji dzi\u015b uzupe\u0142niaj\u0105c i wysy\u0142aj\u0105c poni\u017cszy formularz.<\/p>\n<p>Zapisy i wp\u0142aty b\u0119d\u0105 prowadzone do 25 czerwca 2018r. lub wyczerpania ilo\u015bci miejsc.<\/p>\n","protected":false},"excerpt":{"rendered":"<p>Szanowni Pa\u0144stwo. Drogie Kole\u017canki i Koledzy. Podkarpacka Okr\u0119gowa Izba Architekt\u00f3w oraz SARP Oddzia\u0142 Rzesz\u00f3w uprzejmie informuje o organizacji w dniach\u00a06-8.07.2018podw\u00f3jnego, wyjazdowego szkolenia w Nowym S\u0105czu i Muszynie pt.:\u00a0FARKO i \u201eRODO w zawodzie architekta\u201d\u00a0po\u0142\u0105czonego z wieloma atrakcjami. Cel szkolenia: Zapoznanie si\u0119 z podstawowymi zasadami i poj\u0119ciami wynikaj\u0105cymi z Rozporz\u0105dzenia Parlamentu Europejskiego i Rady 2016\/679 w sprawie [&hellip;]<\/p>\n","protected":false},"author":7,"featured_media":2174,"comment_status":"closed","ping_status":"open","sticky":false,"template":"","format":"standard","meta":{"footnotes":""},"categories":[69,57],"tags":[],"class_list":["post-2173","post","type-post","status-publish","format-standard","has-post-thumbnail","hentry","category-aktualnosci","category-szkolenia"],"publishpress_future_action":{"enabled":false,"date":"2026-05-05 00:37:32","action":"change-status","newStatus":"draft","terms":[],"taxonomy":"category","extraData":[]},"publishpress_future_workflow_manual_trigger":{"enabledWorkflows":[]},"_links":{"self":[{"href":"https:\/\/podkarpacka.iarp.pl\/index.php?rest_route=\/wp\/v2\/posts\/2173","targetHints":{"allow":["GET"]}}],"collection":[{"href":"https:\/\/podkarpacka.iarp.pl\/index.php?rest_route=\/wp\/v2\/posts"}],"about":[{"href":"https:\/\/podkarpacka.iarp.pl\/index.php?rest_route=\/wp\/v2\/types\/post"}],"author":[{"embeddable":true,"href":"https:\/\/podkarpacka.iarp.pl\/index.php?rest_route=\/wp\/v2\/users\/7"}],"replies":[{"embeddable":true,"href":"https:\/\/podkarpacka.iarp.pl\/index.php?rest_route=%2Fwp%2Fv2%2Fcomments&post=2173"}],"version-history":[{"count":1,"href":"https:\/\/podkarpacka.iarp.pl\/index.php?rest_route=\/wp\/v2\/posts\/2173\/revisions"}],"predecessor-version":[{"id":2175,"href":"https:\/\/podkarpacka.iarp.pl\/index.php?rest_route=\/wp\/v2\/posts\/2173\/revisions\/2175"}],"wp:featuredmedia":[{"embeddable":true,"href":"https:\/\/podkarpacka.iarp.pl\/index.php?rest_route=\/wp\/v2\/media\/2174"}],"wp:attachment":[{"href":"https:\/\/podkarpacka.iarp.pl\/index.php?rest_route=%2Fwp%2Fv2%2Fmedia&parent=2173"}],"wp:term":[{"taxonomy":"category","embeddable":true,"href":"https:\/\/podkarpacka.iarp.pl\/index.php?rest_route=%2Fwp%2Fv2%2Fcategories&post=2173"},{"taxonomy":"post_tag","embeddable":true,"href":"https:\/\/podkarpacka.iarp.pl\/index.php?rest_route=%2Fwp%2Fv2%2Ftags&post=2173"}],"curies":[{"name":"wp","href":"https:\/\/api.w.org\/{rel}","templated":true}]}}