{"id":2191,"date":"2018-07-21T16:50:29","date_gmt":"2018-07-21T14:50:29","guid":{"rendered":"http:\/\/podkarpacka.iarp.pl\/?p=2191"},"modified":"2018-10-10T22:36:44","modified_gmt":"2018-10-10T20:36:44","slug":"zmarla-nasza-kolezanka-mgr-inz-arch-krystyna-nowaczynska-degorska","status":"publish","type":"post","link":"https:\/\/podkarpacka.iarp.pl\/?p=2191","title":{"rendered":"Zmar\u0142a nasza Kole\u017canka mgr in\u017c. arch. Krystyna Nowaczy\u0144ska-Deg\u00f3rska"},"content":{"rendered":"<h3>Z \u017calem zawiadamiamy.<\/h3>\n<p>W dniu 21 lipca 2018r. zmar\u0142a\u00a0<strong>nasza Kole\u017canka mgr in\u017c. arch. Krystyna Nowaczy\u0144ska-Deg\u00f3rska<\/strong><\/p>\n<p>Pogrzeb odb\u0119dzie si\u0119 w dniu 26 lipca 2018 r. o godz. 14:30 na cmentarzu Wilkowyja w Rzeszowie<\/p>\n<p>SARP O\/Rzesz\u00f3w Podkarpacka Okr\u0119gowa Izba Architekt\u00f3w<\/p>\n","protected":false},"excerpt":{"rendered":"<p>Z \u017calem zawiadamiamy. W dniu 21 lipca 2018r. zmar\u0142a\u00a0nasza Kole\u017canka mgr in\u017c. arch. Krystyna Nowaczy\u0144ska-Deg\u00f3rska Pogrzeb odb\u0119dzie si\u0119 w dniu 26 lipca 2018 r. o godz. 14:30 na cmentarzu Wilkowyja w Rzeszowie SARP O\/Rzesz\u00f3w Podkarpacka Okr\u0119gowa Izba Architekt\u00f3w<\/p>\n","protected":false},"author":7,"featured_media":1613,"comment_status":"closed","ping_status":"open","sticky":false,"template":"","format":"standard","meta":{"footnotes":""},"categories":[56],"tags":[],"class_list":["post-2191","post","type-post","status-publish","format-standard","has-post-thumbnail","hentry","category-informacje-rady"],"publishpress_future_action":{"enabled":false,"date":"2026-05-08 15:39:22","action":"change-status","newStatus":"draft","terms":[],"taxonomy":"category","extraData":[]},"publishpress_future_workflow_manual_trigger":{"enabledWorkflows":[]},"_links":{"self":[{"href":"https:\/\/podkarpacka.iarp.pl\/index.php?rest_route=\/wp\/v2\/posts\/2191","targetHints":{"allow":["GET"]}}],"collection":[{"href":"https:\/\/podkarpacka.iarp.pl\/index.php?rest_route=\/wp\/v2\/posts"}],"about":[{"href":"https:\/\/podkarpacka.iarp.pl\/index.php?rest_route=\/wp\/v2\/types\/post"}],"author":[{"embeddable":true,"href":"https:\/\/podkarpacka.iarp.pl\/index.php?rest_route=\/wp\/v2\/users\/7"}],"replies":[{"embeddable":true,"href":"https:\/\/podkarpacka.iarp.pl\/index.php?rest_route=%2Fwp%2Fv2%2Fcomments&post=2191"}],"version-history":[{"count":3,"href":"https:\/\/podkarpacka.iarp.pl\/index.php?rest_route=\/wp\/v2\/posts\/2191\/revisions"}],"predecessor-version":[{"id":4167,"href":"https:\/\/podkarpacka.iarp.pl\/index.php?rest_route=\/wp\/v2\/posts\/2191\/revisions\/4167"}],"wp:featuredmedia":[{"embeddable":true,"href":"https:\/\/podkarpacka.iarp.pl\/index.php?rest_route=\/wp\/v2\/media\/1613"}],"wp:attachment":[{"href":"https:\/\/podkarpacka.iarp.pl\/index.php?rest_route=%2Fwp%2Fv2%2Fmedia&parent=2191"}],"wp:term":[{"taxonomy":"category","embeddable":true,"href":"https:\/\/podkarpacka.iarp.pl\/index.php?rest_route=%2Fwp%2Fv2%2Fcategories&post=2191"},{"taxonomy":"post_tag","embeddable":true,"href":"https:\/\/podkarpacka.iarp.pl\/index.php?rest_route=%2Fwp%2Fv2%2Ftags&post=2191"}],"curies":[{"name":"wp","href":"https:\/\/api.w.org\/{rel}","templated":true}]}}