{"id":2194,"date":"2018-10-09T20:35:54","date_gmt":"2018-10-09T18:35:54","guid":{"rendered":"http:\/\/podkarpacka.iarp.pl\/?p=2194"},"modified":"2018-10-30T16:05:38","modified_gmt":"2018-10-30T14:05:38","slug":"podkarpacki-przeglad-architektury","status":"publish","type":"post","link":"https:\/\/podkarpacka.iarp.pl\/?p=2194","title":{"rendered":"Podkarpacki Przegl\u0105d Architektury &#8211; ZMIANA TERMINU"},"content":{"rendered":"\r\n<p class=\"has-regular-font-size has-vivid-red-color\"><span style=\"color: #ff0000;\"><strong>Uwaga!!! Decyzj\u0105 organizator\u00f3w z dnia 11.10.2018 informujemy i\u017c: \u201eTermin sk\u0142adania prac zosta\u0142 przesuni\u0119ty na\u00a0 5 listopada 2018 roku.\u201d<\/strong><\/span><\/p>\r\n\r\n\r\n<hr \/>\r\n\r\n<strong><\/strong>\r\n\r\n<strong>Informacja uzupe\u0142niaj\u0105ca:<\/strong> W konkursie udzia\u0142 mog\u0105 bra\u0107 zar\u00f3wno <strong>architekci<\/strong> jak i <strong>projektanci wn\u0119trz.<\/strong> W konkursie mo\u017cna sk\u0142ada\u0107 zar\u00f3wno prace z zakresu <strong>architektury<\/strong> jak i <strong>aran\u017cacji wn\u0119trz.<\/strong>\r\n\r\n<strong> <\/strong>\r\n\r\n<hr class=\"wp-block-separator\" \/>\r\n\r\n<strong> <\/strong>\r\n\r\n<strong>Wytyczne dotycz\u0105ce formy i zawarto\u015bci zg\u0142oszenia do PPA<\/strong>\r\n\r\n<strong> <\/strong>\r\n<ol class=\"wp-block-list\">\r\n \t<li>Zg\u0142oszenie nale\u017cy dostarczy\u0107 w formie drukowanej na planszach A3 i w formie cyfrowej (PDF)\r\nna p\u0142ycie.<\/li>\r\n \t<li>Zg\u0142oszenie mo\u017ce mie\u0107 do 4 stron.<\/li>\r\n \t<li>Zg\u0142oszenia powinno zawiera\u0107:\r\na. informacje podstawowe wg schematu:\r\n-obiekt\r\n-lokalizacja obiektu\r\n-kategoria obiektu\r\n-rok uko\u0144czenia\r\n-autorzy\r\n-inwestor\r\n-adres mailowy do autor\u00f3w\r\nb. kr\u00f3tki opis\r\nc. cz\u0119\u015b\u0107 rysunkow\u0105 zawieraj\u0105c\u0105<\/li>\r\n<\/ol>\r\n<strong> <\/strong>\r\n<ul class=\"wp-block-list\">\r\n \t<li>sytuacj\u0119 w dowolnej skali<\/li>\r\n \t<li>rzut parteru i ewentualnie inne rzuty<\/li>\r\n \t<li>co najmniej trzy zdj\u0119cia obiektu<\/li>\r\n \t<li>inne dowolne materia\u0142y<\/li>\r\n<\/ul>\r\n\r\n<hr \/>\r\n\r\n<strong>Terminy<\/strong>\r\n\r\n<strong> <\/strong>\r\n<ol class=\"wp-block-list\">\r\n \t<li>data og\u0142oszenia 24 sierpnia 2018<\/li>\r\n \t<li>data przyjmowania zg\u0142osze\u0144 15 pa\u017adziernika 2018<\/li>\r\n \t<li>rozstrzygni\u0119cie I etapu 15 listopada 2018<\/li>\r\n \t<li>rozstrzygni\u0119cie II etapu 15 stycznia 2018<\/li>\r\n \t<li>og\u0142oszenie wynik\u00f3w podczas Targ\u00f3w Budownictwa- hala Podpromie-\r\ni wr\u0119czenie nagr\u00f3d i wystawa Rzesz\u00f3w &#8211; luty 2019<\/li>\r\n \t<li>wystawa siedziba SARP i PKOIA, trasa podziemna- luty- kwiecie\u0144 2019<\/li>\r\n<\/ol>\r\n&nbsp;\r\n\r\n<hr \/>\r\n\r\n<strong>Szanowne Kole\u017canki, Szanowni Koledzy,<\/strong>\r\n\r\nZarz\u0105d wraz z Kolegium S\u0119dzi\u00f3w Konkursowych Rzeszowskiego Oddzia\u0142u SARP przy\r\nwsp\u00f3\u0142pracy z Rad\u0105 PKOIA RP inicjuje cykliczne wydarzenie pod nazw\u0105 Podkarpacki Przegl\u0105d\r\nArchitektury (PPA). Naszym celem jest usystematyzowanie osi\u0105gni\u0119\u0107 architekt\u00f3w dzia\u0142aj\u0105cych w\r\nnaszym regionie i popularyzacja architektury w mo\u017cliwie szerokiej skali. Przegl\u0105d skupia si\u0119 na\r\nzrealizowanych obiektach projektowanych przez architekt\u00f3w zamieszkuj\u0105cych na terenie\r\nwojew\u00f3dztwa podkarpackiego.\r\n\r\n<strong>W ramach kolejnych edycji Przegl\u0105du planujemy:<\/strong>\r\n<p style=\"padding-left: 30px;\">&#8211; przeprowadzanie konkursu na najlepsze realizacje z ostatnich trzech lat,\r\n&#8211; wystaw\u0119 nagrodzonych realizacji,\r\n&#8211; uroczysty finisa\u017c wystawy po\u0142\u0105czony z wr\u0119czaniem nagr\u00f3d w konkursie PPA,\r\n&#8211; okoliczno\u015bciowe publikacje zwi\u0105zane z kolejnymi edycjami PPA,\r\n&#8211; uruchomienie strony internetowej dokumentuj\u0105cej kolejne przegl\u0105dy,<\/p>\r\nZe wzgl\u0119du na d\u0142ugi czas, kt\u00f3ry min\u0105\u0142 od ostatniej prezentacji realizacji architekt\u00f3w\r\nPodkarpacia, pierwsza edycja Przegl\u0105du obejmuje minione, ostatnie trzy lata 2015-2017. Nast\u0119pne\r\nedycje b\u0119d\u0105 odbywa\u0107 si\u0119 w cyklu dwuletnim.\r\nSukces tego przedsi\u0119wzi\u0119cia zale\u017cy od Was. Dlatego gor\u0105co zach\u0119camy do zg\u0142aszania swoich\r\nosi\u0105gni\u0119\u0107.\r\n\r\n<strong>Regulamin PPA<\/strong>\r\n<p style=\"padding-left: 30px;\">1. Organizatorami Podkarpackiego Przegl\u0105du Architektury (PPA) s\u0105 SARP O. Rzesz\u00f3w i\r\nPodkarpacka Okr\u0119gowa Izba Architekt\u00f3w.\r\n2. PPA odbywa si\u0119 w cyklu dwuletnim.\r\n3. Udzia\u0142 w PPA jest bezp\u0142atny.\r\n4. Zg\u0142oszenia do PPA mog\u0105 dokona\u0107 wy\u0142\u0105cznie autorzy projektu, a w razie nie mo\u017cno\u015bci\r\ndokonania zg\u0142oszenia, przez g\u0142\u00f3wnego projektanta z przyczy\u0144 obiektywnych, cz\u0142onek zespo\u0142u\r\nprojektowego\u2013 w\u0142a\u015bciciel biura projektowego, inwestor lub wykonawca projektu. Prawo\r\nnazwania Uczestnikami przys\u0142uguje zespo\u0142owy autorskiemu.\r\n5. Liczba zg\u0142oszonych przez jednego uczestnika projekt\u00f3w jest nieograniczona.\r\n6. Decyzja o ilo\u015bci prac eksponowanych w wystawie pokonkursowym, nale\u017cy do organizator\u00f3w\r\nkonkursu.\r\n7. Zgod\u0119 na wystawienie konkretniej pracy ka\u017cdorazowo wyra\u017ca uczestnik.\r\n8. Za przygotowanie zg\u0142osze\u0144 wg wytycznych Organizatora odpowiadaj\u0105 Uczestnicy. Wytyczne\r\nte zamieszczone s\u0105 poni\u017cej.\r\n9. Spe\u0142nienie wytycznych formalnych dotycz\u0105cych zg\u0142oszenia jest jedynym kryterium\r\nkwalifikuj\u0105cym do PPA.\r\n10. Koszty przygotowania zg\u0142oszenia pokrywaj\u0105 Uczestnicy.<\/p>\r\n<p style=\"padding-left: 30px;\">11. Ka\u017cda realizacja zg\u0142oszona do PPA i spe\u0142niaj\u0105ca warunki niniejszego regulaminu bierze udzia\u0142\r\nw Konkursie.\r\n12. Do PPA \u201818 mog\u0105 zosta\u0107 zg\u0142oszone realizacje architektoniczne z lat 2015-2017 z obszaru\r\nPodkarpacia.\r\n13. Wszelkie terminy b\u0119d\u0105 podane na stronie internetowej wydarzenia.\r\n14. Wszelkie zmiany i uzupe\u0142nienia regulaminu nale\u017c\u0105 do Organizatora.\r\n15. Organizator porozumiewa si\u0119 z Uczestnikami za pomoc\u0105 strony internetowej i poczty\r\nelektronicznej.\r\nRegulamin Konkursu na najlepsze realizacje w ramach PPA \u201918\r\n1. Konkurs odbywa si\u0119 w dw\u00f3ch etapach.\r\n2. Sk\u0142ad jury b\u0119dzie og\u0142oszony przez Organizatora na stronie internetowej wydarzenia. Jurorzy\r\nzostan\u0105 wybrani spo\u015br\u00f3d cz\u0142onk\u00f3w Kolegium S\u0119dzi\u00f3w Konkursowych SARP o. Rzesz\u00f3w\r\nzg\u0142oszone przez SARP oraz cz\u0142onk\u00f3w Izby Architekt\u00f3w zg\u0142oszonych przez Organa Izby.\r\n3. Jury sk\u0142ada si\u0119 z cz\u0142onk\u00f3w powo\u0142anych na zasadzie r\u00f3wnego parytetu (50% SARP +50% IZBA)\r\noraz Przewodnicz\u0105cego. Przewodnicz\u0105cym Jury zostaje osoba, b\u0119d\u0105ca r\u00f3wnolegle cz\u0142onkiem\r\nSARP i Izby.\r\n4. Realizacje b\u0119d\u0105 oceniane w pi\u0119ciu kategoriach:\r\na. obiekty u\u017cyteczno\u015bci publicznej \/ UP \/\r\nb. obiekty mieszkaniowe w zabudowie wielorodzinnej \/ MW \/\r\nc. domy mieszkalne jednorodzinne \/ MJ \/\r\nd. obiekty przemys\u0142owe i infrastrukturalne \/ P i I \/\r\ne. przestrze\u0144 publiczna i zespo\u0142y urbanistyczne \/ PB i ZU \/\r\n5. Kategorie obejmuj\u0105 obiekty nowe, rozbudowywane i zabytkowe.<\/p>\r\n<strong>ETAP I<\/strong>\r\n<p style=\"padding-left: 30px;\">1. W pierwszym etapie konkursu bior\u0105 udzia\u0142 wszystkie realizacje zg\u0142oszone do PPA i spe\u0142niaj\u0105ce\r\nwarunki regulaminu PPA.\r\n2. W ramach ka\u017cdej kategorii (a-e) jury wybiera 5 najlepszych realizacji. Zostaj\u0105 one\r\nnominowane do drugiego etapu Konkursu.<\/p>\r\n<strong>ETAP II<\/strong>\r\n<p style=\"padding-left: 30px;\">1. Autorzy prac zakwalifikowanych do drugiego etapu zobowi\u0105zani s\u0105 do przygotowania\r\nprezentacji na 1-3 sztywnych planszach w formacie 100x70cm.\r\n2. Jury przeprowadza wizje lokaln\u0105 we wszystkich realizacjach zakwalifikowanych do\r\ndrugiego etapu.\r\n3. Jury przyznaje 3 nagrody i 2 wyr\u00f3\u017cnienia w ka\u017cdej z kategorii.<\/p>\r\n<p style=\"padding-left: 30px;\">4. Spo\u015br\u00f3d realizacji nagrodzonych 1. nagrodami w poszczeg\u00f3lnych kategoriach jury\r\nwybiera jedn\u0105 prac\u0119 kt\u00f3rej przyznaje nagrod\u0119 g\u0142\u00f3wn\u0105 &#8211; Grand Prix PPA.\r\n5. Organizator zastrzega sobie w szczeg\u00f3lnych przypadkach prawo do zmiany liczby i\r\npodzia\u0142u nagr\u00f3d (np. nagrody ex aequo).\r\n6. Wszystkie nagrody i wyr\u00f3\u017cnienia maj\u0105 charakter honorowy.<\/p>\r\n","protected":false},"excerpt":{"rendered":"Uwaga!!! Decyzj\u0105 organizator\u00f3w z dnia 11.10.2018 informujemy i\u017c: \u201eTermin sk\u0142adania prac zosta\u0142 przesuni\u0119ty na\u00a0 5 listopada 2018 roku.\u201d Informacja uzupe\u0142niaj\u0105ca: W konkursie udzia\u0142 mog\u0105 bra\u0107 zar\u00f3wno architekci jak i projektanci wn\u0119trz. W konkursie mo\u017cna sk\u0142ada\u0107 zar\u00f3wno prace z zakresu architektury jak i aran\u017cacji wn\u0119trz. Wytyczne dotycz\u0105ce formy i zawarto\u015bci zg\u0142oszenia do PPA Zg\u0142oszenie nale\u017cy dostarczy\u0107 [...]","protected":false},"author":7,"featured_media":2201,"comment_status":"closed","ping_status":"open","sticky":false,"template":"","format":"standard","meta":{"footnotes":""},"categories":[56,62],"tags":[],"class_list":["post-2194","post","type-post","status-publish","format-standard","has-post-thumbnail","hentry","category-informacje-rady","category-konkursy"],"publishpress_future_action":{"enabled":false,"date":"2026-05-08 15:17:35","action":"change-status","newStatus":"draft","terms":[],"taxonomy":"category","extraData":[]},"publishpress_future_workflow_manual_trigger":{"enabledWorkflows":[]},"_links":{"self":[{"href":"https:\/\/podkarpacka.iarp.pl\/index.php?rest_route=\/wp\/v2\/posts\/2194","targetHints":{"allow":["GET"]}}],"collection":[{"href":"https:\/\/podkarpacka.iarp.pl\/index.php?rest_route=\/wp\/v2\/posts"}],"about":[{"href":"https:\/\/podkarpacka.iarp.pl\/index.php?rest_route=\/wp\/v2\/types\/post"}],"author":[{"embeddable":true,"href":"https:\/\/podkarpacka.iarp.pl\/index.php?rest_route=\/wp\/v2\/users\/7"}],"replies":[{"embeddable":true,"href":"https:\/\/podkarpacka.iarp.pl\/index.php?rest_route=%2Fwp%2Fv2%2Fcomments&post=2194"}],"version-history":[{"count":8,"href":"https:\/\/podkarpacka.iarp.pl\/index.php?rest_route=\/wp\/v2\/posts\/2194\/revisions"}],"predecessor-version":[{"id":2208,"href":"https:\/\/podkarpacka.iarp.pl\/index.php?rest_route=\/wp\/v2\/posts\/2194\/revisions\/2208"}],"wp:featuredmedia":[{"embeddable":true,"href":"https:\/\/podkarpacka.iarp.pl\/index.php?rest_route=\/wp\/v2\/media\/2201"}],"wp:attachment":[{"href":"https:\/\/podkarpacka.iarp.pl\/index.php?rest_route=%2Fwp%2Fv2%2Fmedia&parent=2194"}],"wp:term":[{"taxonomy":"category","embeddable":true,"href":"https:\/\/podkarpacka.iarp.pl\/index.php?rest_route=%2Fwp%2Fv2%2Fcategories&post=2194"},{"taxonomy":"post_tag","embeddable":true,"href":"https:\/\/podkarpacka.iarp.pl\/index.php?rest_route=%2Fwp%2Fv2%2Ftags&post=2194"}],"curies":[{"name":"wp","href":"https:\/\/api.w.org\/{rel}","templated":true}]}}