{"id":2209,"date":"2018-11-04T16:36:44","date_gmt":"2018-11-04T14:36:44","guid":{"rendered":"http:\/\/podkarpacka.iarp.pl\/?p=2209"},"modified":"2018-11-04T16:37:22","modified_gmt":"2018-11-04T14:37:22","slug":"2209","status":"publish","type":"post","link":"https:\/\/podkarpacka.iarp.pl\/?p=2209","title":{"rendered":"SZKOLENIE:  Wymagania w zakresie ochrony przed ha\u0142asem w budownictwie mieszkaniowym"},"content":{"rendered":"<p>W imieniu Instytutu Techniki Budowlanej zapraszamy Pa\u0144stwa na szkolenie pt.\u201d Wymagania w zakresie ochrony przed ha\u0142asem w budownictwie mieszkaniowym \u2013 klasyfikacja akustyczna obiekt\u00f3w mieszkalnych, kt\u00f3re odb\u0119dzie si\u0119 w dniu 4 grudnia 2018r o godzinie 11 w Warszawie (informacja szczeg\u00f3\u0142owa odno\u015bnie szkolenia poni\u017cej:<\/p>\n<p><a href=\"https:\/\/podkarpacka.iarp.pl\/wp-content\/uploads\/2018\/11\/szkolenie-itb-akustyka.jpg\"><img loading=\"lazy\" decoding=\"async\" class=\"aligncenter size-large wp-image-2211\" src=\"https:\/\/podkarpacka.iarp.pl\/wp-content\/uploads\/2018\/11\/szkolenie-itb-akustyka-732x1024.jpg\" alt=\"\" width=\"732\" height=\"1024\" srcset=\"https:\/\/podkarpacka.iarp.pl\/wp-content\/uploads\/2018\/11\/szkolenie-itb-akustyka-732x1024.jpg 732w, https:\/\/podkarpacka.iarp.pl\/wp-content\/uploads\/2018\/11\/szkolenie-itb-akustyka-214x300.jpg 214w, https:\/\/podkarpacka.iarp.pl\/wp-content\/uploads\/2018\/11\/szkolenie-itb-akustyka-768x1075.jpg 768w, https:\/\/podkarpacka.iarp.pl\/wp-content\/uploads\/2018\/11\/szkolenie-itb-akustyka.jpg 1776w\" sizes=\"auto, (max-width: 732px) 100vw, 732px\" \/><\/a><a href=\"https:\/\/podkarpacka.iarp.pl\/wp-content\/uploads\/2018\/11\/szkolenie-itb-akustyka-2.jpg\"><img loading=\"lazy\" decoding=\"async\" class=\"aligncenter size-large wp-image-2212\" src=\"https:\/\/podkarpacka.iarp.pl\/wp-content\/uploads\/2018\/11\/szkolenie-itb-akustyka-2-744x1024.jpg\" alt=\"\" width=\"744\" height=\"1024\" srcset=\"https:\/\/podkarpacka.iarp.pl\/wp-content\/uploads\/2018\/11\/szkolenie-itb-akustyka-2-744x1024.jpg 744w, https:\/\/podkarpacka.iarp.pl\/wp-content\/uploads\/2018\/11\/szkolenie-itb-akustyka-2-218x300.jpg 218w, https:\/\/podkarpacka.iarp.pl\/wp-content\/uploads\/2018\/11\/szkolenie-itb-akustyka-2-768x1057.jpg 768w, https:\/\/podkarpacka.iarp.pl\/wp-content\/uploads\/2018\/11\/szkolenie-itb-akustyka-2.jpg 1844w\" sizes=\"auto, (max-width: 744px) 100vw, 744px\" \/><\/a><\/p>\n","protected":false},"excerpt":{"rendered":"<p>W imieniu Instytutu Techniki Budowlanej zapraszamy Pa\u0144stwa na szkolenie pt.\u201d Wymagania w zakresie ochrony przed ha\u0142asem w budownictwie mieszkaniowym \u2013 klasyfikacja akustyczna obiekt\u00f3w mieszkalnych, kt\u00f3re odb\u0119dzie si\u0119 w dniu 4 grudnia 2018r o godzinie 11 w Warszawie (informacja szczeg\u00f3\u0142owa odno\u015bnie szkolenia poni\u017cej:<\/p>\n","protected":false},"author":7,"featured_media":2210,"comment_status":"closed","ping_status":"open","sticky":false,"template":"","format":"standard","meta":{"footnotes":""},"categories":[66,57,59],"tags":[],"class_list":["post-2209","post","type-post","status-publish","format-standard","has-post-thumbnail","hentry","category-polecane","category-szkolenia","category-szkolenia-komercyjne"],"publishpress_future_action":{"enabled":false,"date":"2026-05-04 22:47:22","action":"change-status","newStatus":"draft","terms":[],"taxonomy":"category","extraData":[]},"publishpress_future_workflow_manual_trigger":{"enabledWorkflows":[]},"_links":{"self":[{"href":"https:\/\/podkarpacka.iarp.pl\/index.php?rest_route=\/wp\/v2\/posts\/2209","targetHints":{"allow":["GET"]}}],"collection":[{"href":"https:\/\/podkarpacka.iarp.pl\/index.php?rest_route=\/wp\/v2\/posts"}],"about":[{"href":"https:\/\/podkarpacka.iarp.pl\/index.php?rest_route=\/wp\/v2\/types\/post"}],"author":[{"embeddable":true,"href":"https:\/\/podkarpacka.iarp.pl\/index.php?rest_route=\/wp\/v2\/users\/7"}],"replies":[{"embeddable":true,"href":"https:\/\/podkarpacka.iarp.pl\/index.php?rest_route=%2Fwp%2Fv2%2Fcomments&post=2209"}],"version-history":[{"count":2,"href":"https:\/\/podkarpacka.iarp.pl\/index.php?rest_route=\/wp\/v2\/posts\/2209\/revisions"}],"predecessor-version":[{"id":2214,"href":"https:\/\/podkarpacka.iarp.pl\/index.php?rest_route=\/wp\/v2\/posts\/2209\/revisions\/2214"}],"wp:featuredmedia":[{"embeddable":true,"href":"https:\/\/podkarpacka.iarp.pl\/index.php?rest_route=\/wp\/v2\/media\/2210"}],"wp:attachment":[{"href":"https:\/\/podkarpacka.iarp.pl\/index.php?rest_route=%2Fwp%2Fv2%2Fmedia&parent=2209"}],"wp:term":[{"taxonomy":"category","embeddable":true,"href":"https:\/\/podkarpacka.iarp.pl\/index.php?rest_route=%2Fwp%2Fv2%2Fcategories&post=2209"},{"taxonomy":"post_tag","embeddable":true,"href":"https:\/\/podkarpacka.iarp.pl\/index.php?rest_route=%2Fwp%2Fv2%2Ftags&post=2209"}],"curies":[{"name":"wp","href":"https:\/\/api.w.org\/{rel}","templated":true}]}}