{"id":2216,"date":"2018-11-04T16:57:15","date_gmt":"2018-11-04T14:57:15","guid":{"rendered":"http:\/\/podkarpacka.iarp.pl\/?p=2216"},"modified":"2018-11-07T01:59:35","modified_gmt":"2018-11-06T23:59:35","slug":"konkursu-dzieciecy-archi-christmas-2018-na-architektoniczna-ozdobe-swiateczna","status":"publish","type":"post","link":"https:\/\/podkarpacka.iarp.pl\/?p=2216","title":{"rendered":"Konkurs &#8220;Dzieci\u0119cy  Archi \u2013 Christmas 2018\u201d na \u201earchitektoniczn\u0105 ozdob\u0119 \u015bwi\u0105teczn\u0105\u201d."},"content":{"rendered":"<p>Dziewczynki i Ch\u0142opcy!<br \/>\nJe\u017celi otrzymali\u015bcie to zaproszenie do wsp\u00f3lnej zabawy, to oznacza, \u017ce kto\u015b z Waszych bliskich (Mama, Tata, Babcia, Dziadek, a mo\u017ce Ciocia lub Wujek) s\u0105 architektami. A mo\u017ce ka\u017cdy z nich \ud83d\ude42<br \/>\nMoi drodzy- ju\u017c nied\u0142ugo najpi\u0119kniejsze w roku \u015awi\u0119ta Bo\u017cego Narodzenia.<br \/>\nB\u0119dziemy ubiera\u0107 \u015bwi\u0105teczne drzewka- choinki. W naszym biurze architekt\u00f3w tak\u017ce.<br \/>\nTymczasem zupe\u0142nie nie mamy ozd\u00f3b choinkowych \ud83d\ude41<br \/>\nW zwi\u0105zku z tym chcieliby\u015bmy zaprosi\u0107 Was do wsp\u00f3lnej zabawy w &#8220;ma\u0142ego architekta&#8221;.<br \/>\nSpr\u00f3bujcie przez chwil\u0119 by\u0107 jak Wasi bliscy doro\u015bli i &#8220;zaprojektujcie&#8221; dla nas pi\u0119kne ozdoby choinkowe.<br \/>\nNa pewno znajdziecie chwilk\u0119 czasu aby wzi\u0105\u0107 udzia\u0142 w proponowanej przez nas zabawie:<br \/>\n&#8220;Dzieci\u0119cy ARCHI- Christmas&#8221;- konkurs na architektoniczn\u0105 ozdob\u0119 \u015bwi\u0105teczn\u0105:<br \/>\nTo mo\u017ce by\u0107 wszystko, co mo\u017cna powiesi\u0107 na choince \u015bwi\u0105tecznej: ba\u0144ka, anio\u0142ek, szopka, \u0142a\u0144cuch, figurka, zabawka- wszystko co Wam przyjdzie do g\u0142owy \ud83d\ude42<br \/>\nNie narzucamy Wam techniki wykonania ozdoby. Mo\u017ce to by\u0107: papier, bibu\u0142a, kartonik, tektura, sklejka, plastelina, patyczki, druciki, tkanina, koraliki itp.<br \/>\nU\u017cyjcie swojej wyobra\u017ani &#8220;ma\u0142ych architekt\u00f3w&#8221;. Sprawd\u017acie czy bycie architektem to takie proste zadanie ;). Dzieciaki- na przygotowanie architektonicznej ozdoby \u015bwi\u0105tecznej macie ca\u0142y miesi\u0105c listopad. To bardzo du\u017co czasu.<br \/>\nPrzygotowan\u0105, podpisan\u0105 Waszym imieniem i nazwiskiem oraz podanym wiekiem ozdob\u0119 \u015bwi\u0105teczn\u0105 przywie\u017acie wraz ze swoim doros\u0142ym architektem (Mam\u0105, Tata, Babci\u0105, Dziadziem, Cioci\u0105 czy Wujkiem) do naszego biura Podkarpackiej Okr\u0119gowej Izby<br \/>\nArchitekt\u00f3w i SARP o. Rzesz\u00f3w &#8211; Rzesz\u00f3w i ul. Rynek 8. w dniach od 3- do 7 grudnia 2018r.<br \/>\nB\u0119dzie tam na Was czeka\u0142a \u015bwi\u0105teczna choinka.<br \/>\nA teraz uwaga!<br \/>\nZawieszacie ozdob\u0119 w miejscu powieszonych niespodzianek- s\u0142odyczy. S\u0142odycze b\u0119d\u0105 r\u00f3\u017cne wi\u0119c kto szybciej przywiezie ozdob\u0119 b\u0119dzie mia\u0142 ich wi\u0119kszy wyb\u00f3r \ud83d\ude42 Robimy wi\u0119c &#8220;wymian\u0119- Wasza praca za jedn\u0105 wisz\u0105c\u0105 &#8220;s\u0142odko\u015b\u0107&#8221;. To taka malutka nagroda za wykonan\u0105 prac\u0119. Lecz to nie wszystko. Wasze pi\u0119kne prace oceni p\u00f3\u017aniej profesjonalne<br \/>\njury doros\u0142ych architekt\u00f3w, kt\u00f3re wybierze najpi\u0119kniejsz\u0105 architektoniczn\u0105 ozdob\u0119<br \/>\n\u015bwi\u0105teczn\u0105 na 2018r.<br \/>\nB\u0119d\u0105 DWIE g\u0142\u00f3wne nagrody. Zostan\u0105 one sfotografowane, a ich zdj\u0119cia<br \/>\numie\u015bcimy na naszych \u015bwi\u0105tecznych karteczkach z \u017cyczeniami, kt\u00f3re rozsy\u0142amy do wszystkich architekt\u00f3w z ca\u0142ego Podkarpacia, wa\u017cnych instytucji, os\u00f3b oraz naszych biur w ca\u0142ej Polsce.<br \/>\nB\u0119d\u0105 tak\u017ce nagrody rzeczowe niespodzianki!<br \/>\nNa og\u0142oszenie wynik\u00f3w naszego konkursu- zabawy zapraszamy Was z Waszymi opiekunami w dniu 19 grudnia 2018r. o godz. 17.<br \/>\nW tym dniu spotkamy si\u0119 tam wszyscy. Przyjdzie wielu architekt\u00f3w, \u017ceby\u015bmy przy tej okazji z\u0142o\u017cyli sobie \u017cyczenia \u015bwi\u0105teczne. B\u0119dzie wi\u0119c bardzo uroczy\u015bcie i \u015bwi\u0105tecznie.<br \/>\nZapraszamy \ud83d\ude42 i do dzie\u0142a!<\/p>\n<p><a href=\"https:\/\/podkarpacka.iarp.pl\/wp-content\/uploads\/2018\/11\/archi-chrismass-0.jpg\"><img loading=\"lazy\" decoding=\"async\" class=\"aligncenter size-large wp-image-2217\" src=\"https:\/\/podkarpacka.iarp.pl\/wp-content\/uploads\/2018\/11\/archi-chrismass-0-698x1024.jpg\" alt=\"\" width=\"698\" height=\"1024\" srcset=\"https:\/\/podkarpacka.iarp.pl\/wp-content\/uploads\/2018\/11\/archi-chrismass-0-698x1024.jpg 698w, https:\/\/podkarpacka.iarp.pl\/wp-content\/uploads\/2018\/11\/archi-chrismass-0-205x300.jpg 205w, https:\/\/podkarpacka.iarp.pl\/wp-content\/uploads\/2018\/11\/archi-chrismass-0-768x1126.jpg 768w, https:\/\/podkarpacka.iarp.pl\/wp-content\/uploads\/2018\/11\/archi-chrismass-0.jpg 1066w\" sizes=\"auto, (max-width: 698px) 100vw, 698px\" \/><\/a><\/p>\n<p><a href=\"https:\/\/podkarpacka.iarp.pl\/wp-content\/uploads\/2018\/11\/archi-chrismass-2.jpg\"><img loading=\"lazy\" decoding=\"async\" class=\"aligncenter size-large wp-image-2218\" src=\"https:\/\/podkarpacka.iarp.pl\/wp-content\/uploads\/2018\/11\/archi-chrismass-2-674x1024.jpg\" alt=\"\" width=\"674\" height=\"1024\" srcset=\"https:\/\/podkarpacka.iarp.pl\/wp-content\/uploads\/2018\/11\/archi-chrismass-2-674x1024.jpg 674w, https:\/\/podkarpacka.iarp.pl\/wp-content\/uploads\/2018\/11\/archi-chrismass-2-197x300.jpg 197w, https:\/\/podkarpacka.iarp.pl\/wp-content\/uploads\/2018\/11\/archi-chrismass-2-768x1167.jpg 768w, https:\/\/podkarpacka.iarp.pl\/wp-content\/uploads\/2018\/11\/archi-chrismass-2.jpg 1026w\" sizes=\"auto, (max-width: 674px) 100vw, 674px\" \/><\/a><a href=\"https:\/\/podkarpacka.iarp.pl\/wp-content\/uploads\/2018\/11\/archi-chrismass-3.jpg\"><img loading=\"lazy\" decoding=\"async\" class=\"aligncenter size-large wp-image-2219\" src=\"https:\/\/podkarpacka.iarp.pl\/wp-content\/uploads\/2018\/11\/archi-chrismass-3-737x1024.jpg\" alt=\"\" width=\"737\" height=\"1024\" srcset=\"https:\/\/podkarpacka.iarp.pl\/wp-content\/uploads\/2018\/11\/archi-chrismass-3-737x1024.jpg 737w, https:\/\/podkarpacka.iarp.pl\/wp-content\/uploads\/2018\/11\/archi-chrismass-3-216x300.jpg 216w, https:\/\/podkarpacka.iarp.pl\/wp-content\/uploads\/2018\/11\/archi-chrismass-3-768x1067.jpg 768w, https:\/\/podkarpacka.iarp.pl\/wp-content\/uploads\/2018\/11\/archi-chrismass-3.jpg 1057w\" sizes=\"auto, (max-width: 737px) 100vw, 737px\" \/><\/a><\/p>\n","protected":false},"excerpt":{"rendered":"<p>Dziewczynki i Ch\u0142opcy! Je\u017celi otrzymali\u015bcie to zaproszenie do wsp\u00f3lnej zabawy, to oznacza, \u017ce kto\u015b z Waszych bliskich (Mama, Tata, Babcia, Dziadek, a mo\u017ce Ciocia lub Wujek) s\u0105 architektami. A mo\u017ce ka\u017cdy z nich \ud83d\ude42 Moi drodzy- ju\u017c nied\u0142ugo najpi\u0119kniejsze w roku \u015awi\u0119ta Bo\u017cego Narodzenia. B\u0119dziemy ubiera\u0107 \u015bwi\u0105teczne drzewka- choinki. W naszym biurze architekt\u00f3w tak\u017ce. Tymczasem [&hellip;]<\/p>\n","protected":false},"author":7,"featured_media":2220,"comment_status":"closed","ping_status":"open","sticky":false,"template":"","format":"standard","meta":{"footnotes":""},"categories":[55],"tags":[],"class_list":["post-2216","post","type-post","status-publish","format-standard","has-post-thumbnail","hentry","category-wydarzenia"],"publishpress_future_action":{"enabled":false,"date":"2026-05-05 18:41:59","action":"change-status","newStatus":"draft","terms":[],"taxonomy":"category","extraData":[]},"publishpress_future_workflow_manual_trigger":{"enabledWorkflows":[]},"_links":{"self":[{"href":"https:\/\/podkarpacka.iarp.pl\/index.php?rest_route=\/wp\/v2\/posts\/2216","targetHints":{"allow":["GET"]}}],"collection":[{"href":"https:\/\/podkarpacka.iarp.pl\/index.php?rest_route=\/wp\/v2\/posts"}],"about":[{"href":"https:\/\/podkarpacka.iarp.pl\/index.php?rest_route=\/wp\/v2\/types\/post"}],"author":[{"embeddable":true,"href":"https:\/\/podkarpacka.iarp.pl\/index.php?rest_route=\/wp\/v2\/users\/7"}],"replies":[{"embeddable":true,"href":"https:\/\/podkarpacka.iarp.pl\/index.php?rest_route=%2Fwp%2Fv2%2Fcomments&post=2216"}],"version-history":[{"count":2,"href":"https:\/\/podkarpacka.iarp.pl\/index.php?rest_route=\/wp\/v2\/posts\/2216\/revisions"}],"predecessor-version":[{"id":2222,"href":"https:\/\/podkarpacka.iarp.pl\/index.php?rest_route=\/wp\/v2\/posts\/2216\/revisions\/2222"}],"wp:featuredmedia":[{"embeddable":true,"href":"https:\/\/podkarpacka.iarp.pl\/index.php?rest_route=\/wp\/v2\/media\/2220"}],"wp:attachment":[{"href":"https:\/\/podkarpacka.iarp.pl\/index.php?rest_route=%2Fwp%2Fv2%2Fmedia&parent=2216"}],"wp:term":[{"taxonomy":"category","embeddable":true,"href":"https:\/\/podkarpacka.iarp.pl\/index.php?rest_route=%2Fwp%2Fv2%2Fcategories&post=2216"},{"taxonomy":"post_tag","embeddable":true,"href":"https:\/\/podkarpacka.iarp.pl\/index.php?rest_route=%2Fwp%2Fv2%2Ftags&post=2216"}],"curies":[{"name":"wp","href":"https:\/\/api.w.org\/{rel}","templated":true}]}}