{"id":2237,"date":"2018-11-20T16:27:40","date_gmt":"2018-11-20T14:27:40","guid":{"rendered":"http:\/\/podkarpacka.iarp.pl\/?p=2237"},"modified":"2018-11-26T16:33:59","modified_gmt":"2018-11-26T14:33:59","slug":"obchody-setnej-rocznicy-odzyskania-przez-polske-niepodleglosci-11-listopada","status":"publish","type":"post","link":"https:\/\/podkarpacka.iarp.pl\/?p=2237","title":{"rendered":"OBCHODY SETNEJ ROCZNICY ODZYSKANIA PRZEZ POLSK\u0118 NIEPODLEG\u0141O\u015aCI 11 LISTOPADA"},"content":{"rendered":"<p>Podkarpacka Okr\u0119gowa Izba Architekt\u00f3w RP w Rzeszowie uczestniczy w obchodach 100 rocznicy Narodowego \u015awi\u0119ta Niepodleg\u0142o\u015bci 11 Listopada.<\/p>\n<p><a href=\"https:\/\/podkarpacka.iarp.pl\/wp-content\/uploads\/2018\/11\/45842062_2205212346430058_7025436898382315520_o.jpg\"><img loading=\"lazy\" decoding=\"async\" class=\"alignnone wp-image-2238 size-large\" src=\"https:\/\/podkarpacka.iarp.pl\/wp-content\/uploads\/2018\/11\/45842062_2205212346430058_7025436898382315520_o-1024x576.jpg\" alt=\"\" width=\"770\" height=\"433\" srcset=\"https:\/\/podkarpacka.iarp.pl\/wp-content\/uploads\/2018\/11\/45842062_2205212346430058_7025436898382315520_o-1024x576.jpg 1024w, https:\/\/podkarpacka.iarp.pl\/wp-content\/uploads\/2018\/11\/45842062_2205212346430058_7025436898382315520_o-300x169.jpg 300w, https:\/\/podkarpacka.iarp.pl\/wp-content\/uploads\/2018\/11\/45842062_2205212346430058_7025436898382315520_o-768x432.jpg 768w, https:\/\/podkarpacka.iarp.pl\/wp-content\/uploads\/2018\/11\/45842062_2205212346430058_7025436898382315520_o.jpg 2048w\" sizes=\"auto, (max-width: 770px) 100vw, 770px\" \/><\/a><a href=\"https:\/\/podkarpacka.iarp.pl\/wp-content\/uploads\/2018\/11\/45849351_2205212516430041_97138781412392960_o.jpg\"><img loading=\"lazy\" decoding=\"async\" class=\"alignnone wp-image-2239 size-large\" src=\"https:\/\/podkarpacka.iarp.pl\/wp-content\/uploads\/2018\/11\/45849351_2205212516430041_97138781412392960_o-1024x768.jpg\" alt=\"\" width=\"770\" height=\"578\" srcset=\"https:\/\/podkarpacka.iarp.pl\/wp-content\/uploads\/2018\/11\/45849351_2205212516430041_97138781412392960_o-1024x768.jpg 1024w, https:\/\/podkarpacka.iarp.pl\/wp-content\/uploads\/2018\/11\/45849351_2205212516430041_97138781412392960_o-300x225.jpg 300w, https:\/\/podkarpacka.iarp.pl\/wp-content\/uploads\/2018\/11\/45849351_2205212516430041_97138781412392960_o-768x576.jpg 768w, https:\/\/podkarpacka.iarp.pl\/wp-content\/uploads\/2018\/11\/45849351_2205212516430041_97138781412392960_o-600x450.jpg 600w, https:\/\/podkarpacka.iarp.pl\/wp-content\/uploads\/2018\/11\/45849351_2205212516430041_97138781412392960_o.jpg 2048w\" sizes=\"auto, (max-width: 770px) 100vw, 770px\" \/><\/a><a href=\"https:\/\/podkarpacka.iarp.pl\/wp-content\/uploads\/2018\/11\/46061362_2205212593096700_8531205814784884736_o.jpg\"><img loading=\"lazy\" decoding=\"async\" class=\"alignnone wp-image-2240 size-large\" src=\"https:\/\/podkarpacka.iarp.pl\/wp-content\/uploads\/2018\/11\/46061362_2205212593096700_8531205814784884736_o-1024x576.jpg\" alt=\"\" width=\"770\" height=\"433\" srcset=\"https:\/\/podkarpacka.iarp.pl\/wp-content\/uploads\/2018\/11\/46061362_2205212593096700_8531205814784884736_o-1024x576.jpg 1024w, https:\/\/podkarpacka.iarp.pl\/wp-content\/uploads\/2018\/11\/46061362_2205212593096700_8531205814784884736_o-300x169.jpg 300w, https:\/\/podkarpacka.iarp.pl\/wp-content\/uploads\/2018\/11\/46061362_2205212593096700_8531205814784884736_o-768x432.jpg 768w, https:\/\/podkarpacka.iarp.pl\/wp-content\/uploads\/2018\/11\/46061362_2205212593096700_8531205814784884736_o.jpg 2048w\" sizes=\"auto, (max-width: 770px) 100vw, 770px\" \/><\/a><\/p>\n","protected":false},"excerpt":{"rendered":"<p>Podkarpacka Okr\u0119gowa Izba Architekt\u00f3w RP w Rzeszowie uczestniczy w obchodach 100 rocznicy Narodowego \u015awi\u0119ta Niepodleg\u0142o\u015bci 11 Listopada.<\/p>\n","protected":false},"author":7,"featured_media":2239,"comment_status":"closed","ping_status":"open","sticky":false,"template":"","format":"standard","meta":{"footnotes":""},"categories":[56,55],"tags":[],"class_list":["post-2237","post","type-post","status-publish","format-standard","has-post-thumbnail","hentry","category-informacje-rady","category-wydarzenia"],"publishpress_future_action":{"enabled":false,"date":"2026-05-05 18:35:15","action":"change-status","newStatus":"draft","terms":[],"taxonomy":"category","extraData":[]},"publishpress_future_workflow_manual_trigger":{"enabledWorkflows":[]},"_links":{"self":[{"href":"https:\/\/podkarpacka.iarp.pl\/index.php?rest_route=\/wp\/v2\/posts\/2237","targetHints":{"allow":["GET"]}}],"collection":[{"href":"https:\/\/podkarpacka.iarp.pl\/index.php?rest_route=\/wp\/v2\/posts"}],"about":[{"href":"https:\/\/podkarpacka.iarp.pl\/index.php?rest_route=\/wp\/v2\/types\/post"}],"author":[{"embeddable":true,"href":"https:\/\/podkarpacka.iarp.pl\/index.php?rest_route=\/wp\/v2\/users\/7"}],"replies":[{"embeddable":true,"href":"https:\/\/podkarpacka.iarp.pl\/index.php?rest_route=%2Fwp%2Fv2%2Fcomments&post=2237"}],"version-history":[{"count":3,"href":"https:\/\/podkarpacka.iarp.pl\/index.php?rest_route=\/wp\/v2\/posts\/2237\/revisions"}],"predecessor-version":[{"id":2243,"href":"https:\/\/podkarpacka.iarp.pl\/index.php?rest_route=\/wp\/v2\/posts\/2237\/revisions\/2243"}],"wp:featuredmedia":[{"embeddable":true,"href":"https:\/\/podkarpacka.iarp.pl\/index.php?rest_route=\/wp\/v2\/media\/2239"}],"wp:attachment":[{"href":"https:\/\/podkarpacka.iarp.pl\/index.php?rest_route=%2Fwp%2Fv2%2Fmedia&parent=2237"}],"wp:term":[{"taxonomy":"category","embeddable":true,"href":"https:\/\/podkarpacka.iarp.pl\/index.php?rest_route=%2Fwp%2Fv2%2Fcategories&post=2237"},{"taxonomy":"post_tag","embeddable":true,"href":"https:\/\/podkarpacka.iarp.pl\/index.php?rest_route=%2Fwp%2Fv2%2Ftags&post=2237"}],"curies":[{"name":"wp","href":"https:\/\/api.w.org\/{rel}","templated":true}]}}