{"id":2256,"date":"2018-12-12T19:45:41","date_gmt":"2018-12-12T17:45:41","guid":{"rendered":"http:\/\/podkarpacka.iarp.pl\/?p=2256"},"modified":"2018-12-12T20:07:24","modified_gmt":"2018-12-12T18:07:24","slug":"19-grudnia-1700-spotkanie-oplatkowe-zaproszenie","status":"publish","type":"post","link":"https:\/\/podkarpacka.iarp.pl\/?p=2256","title":{"rendered":"19 grudnia, 17:00 &#8211; Spotkanie Op\u0142atkowe &#8211; Zaproszenie"},"content":{"rendered":"\n<blockquote style=\"text-align:center\" class=\"wp-block-quote is-layout-flow wp-block-quote-is-layout-flow\"><p><br \/><strong><em>Szanowne Kole\u017canki i Szanowni Koledzy Architekci! Archi- Dzieciaki!<\/em><\/strong><\/p><p><em>Zapraszamy Was wszystkich niezwykle gor\u0105co na przed\u015bwi\u0105teczne spotkanie op\u0142atkowe,po\u0142\u0105czone z uroczystym og\u0142oszeniem wynik\u00f3w konkursu i wr\u0119czeniem nagr\u00f3d w konkursie na architektoniczn\u0105 ozdob\u0119 \u015bwi\u0105teczn\u0105- ARCHI Christmas&nbsp;&nbsp;<strong>w dniu 19 grudnia 2018r. o godz. 17<\/strong>&nbsp;do naszej siedziby- Rzesz\u00f3w, ul. Rynek 8<\/em><\/p><cite><br \/><em>z kole\u017ce\u0144skim pozdrowieniem<br \/><strong>Renata \u015awi\u0119ci\u0144ska- Architekt IARP Przewodnicz\u0105ca Rady PKOIA RP<\/strong><\/em><\/cite><\/blockquote>\n\n\n\n<figure class=\"wp-block-image\"><img loading=\"lazy\" decoding=\"async\" width=\"1024\" height=\"563\" src=\"https:\/\/podkarpacka.iarp.pl\/wp-content\/uploads\/2018\/12\/PKOIA-Zaproszenie-op\u0142atek-wraz-z-rozdaniem-nagr\u00f3d-1-1024x563.jpg\" alt=\"\" class=\"wp-image-2263\" srcset=\"https:\/\/podkarpacka.iarp.pl\/wp-content\/uploads\/2018\/12\/PKOIA-Zaproszenie-op\u0142atek-wraz-z-rozdaniem-nagr\u00f3d-1-1024x563.jpg 1024w, https:\/\/podkarpacka.iarp.pl\/wp-content\/uploads\/2018\/12\/PKOIA-Zaproszenie-op\u0142atek-wraz-z-rozdaniem-nagr\u00f3d-1-300x165.jpg 300w, https:\/\/podkarpacka.iarp.pl\/wp-content\/uploads\/2018\/12\/PKOIA-Zaproszenie-op\u0142atek-wraz-z-rozdaniem-nagr\u00f3d-1-768x422.jpg 768w, https:\/\/podkarpacka.iarp.pl\/wp-content\/uploads\/2018\/12\/PKOIA-Zaproszenie-op\u0142atek-wraz-z-rozdaniem-nagr\u00f3d-1-600x330.jpg 600w, https:\/\/podkarpacka.iarp.pl\/wp-content\/uploads\/2018\/12\/PKOIA-Zaproszenie-op\u0142atek-wraz-z-rozdaniem-nagr\u00f3d-1.jpg 1587w\" sizes=\"auto, (max-width: 1024px) 100vw, 1024px\" \/><\/figure>\n","protected":false},"excerpt":{"rendered":"<p>Szanowne Kole\u017canki i Szanowni Koledzy Architekci! Archi- Dzieciaki! Zapraszamy Was wszystkich niezwykle gor\u0105co na przed\u015bwi\u0105teczne spotkanie op\u0142atkowe,po\u0142\u0105czone z uroczystym og\u0142oszeniem wynik\u00f3w konkursu i wr\u0119czeniem nagr\u00f3d w konkursie na architektoniczn\u0105 ozdob\u0119 \u015bwi\u0105teczn\u0105- ARCHI Christmas&nbsp;&nbsp;w dniu 19 grudnia 2018r. o godz. 17&nbsp;do naszej siedziby- Rzesz\u00f3w, ul. Rynek 8 z kole\u017ce\u0144skim pozdrowieniemRenata \u015awi\u0119ci\u0144ska- Architekt IARP Przewodnicz\u0105ca Rady PKOIA [&hellip;]<\/p>\n","protected":false},"author":7,"featured_media":2263,"comment_status":"closed","ping_status":"open","sticky":false,"template":"","format":"standard","meta":{"footnotes":""},"categories":[56],"tags":[],"class_list":["post-2256","post","type-post","status-publish","format-standard","has-post-thumbnail","hentry","category-informacje-rady"],"publishpress_future_action":{"enabled":false,"date":"2026-05-08 15:14:43","action":"change-status","newStatus":"draft","terms":[],"taxonomy":"category","extraData":[]},"publishpress_future_workflow_manual_trigger":{"enabledWorkflows":[]},"_links":{"self":[{"href":"https:\/\/podkarpacka.iarp.pl\/index.php?rest_route=\/wp\/v2\/posts\/2256","targetHints":{"allow":["GET"]}}],"collection":[{"href":"https:\/\/podkarpacka.iarp.pl\/index.php?rest_route=\/wp\/v2\/posts"}],"about":[{"href":"https:\/\/podkarpacka.iarp.pl\/index.php?rest_route=\/wp\/v2\/types\/post"}],"author":[{"embeddable":true,"href":"https:\/\/podkarpacka.iarp.pl\/index.php?rest_route=\/wp\/v2\/users\/7"}],"replies":[{"embeddable":true,"href":"https:\/\/podkarpacka.iarp.pl\/index.php?rest_route=%2Fwp%2Fv2%2Fcomments&post=2256"}],"version-history":[{"count":5,"href":"https:\/\/podkarpacka.iarp.pl\/index.php?rest_route=\/wp\/v2\/posts\/2256\/revisions"}],"predecessor-version":[{"id":2264,"href":"https:\/\/podkarpacka.iarp.pl\/index.php?rest_route=\/wp\/v2\/posts\/2256\/revisions\/2264"}],"wp:featuredmedia":[{"embeddable":true,"href":"https:\/\/podkarpacka.iarp.pl\/index.php?rest_route=\/wp\/v2\/media\/2263"}],"wp:attachment":[{"href":"https:\/\/podkarpacka.iarp.pl\/index.php?rest_route=%2Fwp%2Fv2%2Fmedia&parent=2256"}],"wp:term":[{"taxonomy":"category","embeddable":true,"href":"https:\/\/podkarpacka.iarp.pl\/index.php?rest_route=%2Fwp%2Fv2%2Fcategories&post=2256"},{"taxonomy":"post_tag","embeddable":true,"href":"https:\/\/podkarpacka.iarp.pl\/index.php?rest_route=%2Fwp%2Fv2%2Ftags&post=2256"}],"curies":[{"name":"wp","href":"https:\/\/api.w.org\/{rel}","templated":true}]}}