{"id":2267,"date":"2018-12-03T20:07:42","date_gmt":"2018-12-03T18:07:42","guid":{"rendered":"http:\/\/podkarpacka.iarp.pl\/?p=2267"},"modified":"2018-12-12T20:21:21","modified_gmt":"2018-12-12T18:21:21","slug":"20-01-22-01-2019-archinarty-2019","status":"publish","type":"post","link":"https:\/\/podkarpacka.iarp.pl\/?p=2267","title":{"rendered":"[20.01-22.01.2019] ARCHINARTY 2019"},"content":{"rendered":"\n<p>W imieniu SARP w Rzeszowie oraz Podkarpackiej Okr\u0119gowej Izby Architekt\u00f3w RP \u2013 organizator\u00f3w wydarzenia, zapraszamy&nbsp;Pa\u0144stwa do udzia\u0142u w&nbsp;konferencji szkoleniowo \u2013 integracyjnej w dniach<strong>od 20.01.2019r. do 22.01.2019r.<\/strong>&nbsp;w hotelu \u201ePer\u0142a Bieszczad\u00f3w Conference Center &amp; SPA\u201d w miejscowo\u015bci Czarna k. Ustrzyk Dolnych, woj. podkarpackie.<\/p>\n\n\n\n<h2 class=\"wp-block-heading\">REJESTRACJA:<\/h2>\n\n\n\n<h2 class=\"wp-block-heading\"><strong><a href=\"http:\/\/rzeszow.sarp.org.pl\/index.php\/2018\/12\/03\/archinarty-2019\/\">rzeszow.sarp.org.pl\/index.php\/2018\/12\/03\/archinarty-2019\/<\/a><\/strong><\/h2>\n\n\n\n<p><\/p>\n","protected":false},"excerpt":{"rendered":"<p>W imieniu SARP w Rzeszowie oraz Podkarpackiej Okr\u0119gowej Izby Architekt\u00f3w RP \u2013 organizator\u00f3w wydarzenia, zapraszamy&nbsp;Pa\u0144stwa do udzia\u0142u w&nbsp;konferencji szkoleniowo \u2013 integracyjnej w dniachod 20.01.2019r. do 22.01.2019r.&nbsp;w hotelu \u201ePer\u0142a Bieszczad\u00f3w Conference Center &amp; SPA\u201d w miejscowo\u015bci Czarna k. Ustrzyk Dolnych, woj. podkarpackie. REJESTRACJA: rzeszow.sarp.org.pl\/index.php\/2018\/12\/03\/archinarty-2019\/<\/p>\n","protected":false},"author":7,"featured_media":2268,"comment_status":"closed","ping_status":"open","sticky":false,"template":"","format":"standard","meta":{"footnotes":""},"categories":[55],"tags":[],"class_list":["post-2267","post","type-post","status-publish","format-standard","has-post-thumbnail","hentry","category-wydarzenia"],"publishpress_future_action":{"enabled":false,"date":"2026-05-05 18:42:00","action":"change-status","newStatus":"draft","terms":[],"taxonomy":"category","extraData":[]},"publishpress_future_workflow_manual_trigger":{"enabledWorkflows":[]},"_links":{"self":[{"href":"https:\/\/podkarpacka.iarp.pl\/index.php?rest_route=\/wp\/v2\/posts\/2267","targetHints":{"allow":["GET"]}}],"collection":[{"href":"https:\/\/podkarpacka.iarp.pl\/index.php?rest_route=\/wp\/v2\/posts"}],"about":[{"href":"https:\/\/podkarpacka.iarp.pl\/index.php?rest_route=\/wp\/v2\/types\/post"}],"author":[{"embeddable":true,"href":"https:\/\/podkarpacka.iarp.pl\/index.php?rest_route=\/wp\/v2\/users\/7"}],"replies":[{"embeddable":true,"href":"https:\/\/podkarpacka.iarp.pl\/index.php?rest_route=%2Fwp%2Fv2%2Fcomments&post=2267"}],"version-history":[{"count":5,"href":"https:\/\/podkarpacka.iarp.pl\/index.php?rest_route=\/wp\/v2\/posts\/2267\/revisions"}],"predecessor-version":[{"id":2274,"href":"https:\/\/podkarpacka.iarp.pl\/index.php?rest_route=\/wp\/v2\/posts\/2267\/revisions\/2274"}],"wp:featuredmedia":[{"embeddable":true,"href":"https:\/\/podkarpacka.iarp.pl\/index.php?rest_route=\/wp\/v2\/media\/2268"}],"wp:attachment":[{"href":"https:\/\/podkarpacka.iarp.pl\/index.php?rest_route=%2Fwp%2Fv2%2Fmedia&parent=2267"}],"wp:term":[{"taxonomy":"category","embeddable":true,"href":"https:\/\/podkarpacka.iarp.pl\/index.php?rest_route=%2Fwp%2Fv2%2Fcategories&post=2267"},{"taxonomy":"post_tag","embeddable":true,"href":"https:\/\/podkarpacka.iarp.pl\/index.php?rest_route=%2Fwp%2Fv2%2Ftags&post=2267"}],"curies":[{"name":"wp","href":"https:\/\/api.w.org\/{rel}","templated":true}]}}