{"id":2281,"date":"2018-12-30T10:22:42","date_gmt":"2018-12-30T08:22:42","guid":{"rendered":"http:\/\/podkarpacka.iarp.pl\/?p=2281"},"modified":"2018-12-21T20:23:06","modified_gmt":"2018-12-21T18:23:06","slug":"nowy-rok-2019","status":"publish","type":"post","link":"https:\/\/podkarpacka.iarp.pl\/?p=2281","title":{"rendered":"Nowy Rok 2019"},"content":{"rendered":"\n<blockquote class=\"wp-block-quote is-layout-flow wp-block-quote-is-layout-flow\"><p>Szcz\u0119\u015bcia i Pomy\u015blno\u015bci w Nowym Roku! Sukces\u00f3w zawodowych, pomy\u015blno\u015bci oraz rodzinnego ciep\u0142a i rado\u015bci na nadchodz\u0105cy Nowy Rok 2019<\/p><p>\u017cyczy Rada Podkarpackiej Okr\u0119gowej Izby Architekt\u00f3w RP<\/p><\/blockquote>\n\n\n\n<p><strong>fot. &#8211; Kartka Noworoczna. Wyr\u00f3\u017cnienie Specjalne w konkursie &#8220;Archi Christmas 2018&#8221;- autor pracy: Aleksander Samel<\/strong><\/p>\n\n\n\n<figure class=\"wp-block-image\"><img loading=\"lazy\" decoding=\"async\" width=\"768\" height=\"1024\" src=\"https:\/\/podkarpacka.iarp.pl\/wp-content\/uploads\/2018\/12\/IA-NOWY-ROK2-768x1024.jpg\" alt=\"\" class=\"wp-image-2282\" srcset=\"https:\/\/podkarpacka.iarp.pl\/wp-content\/uploads\/2018\/12\/IA-NOWY-ROK2-768x1024.jpg 768w, https:\/\/podkarpacka.iarp.pl\/wp-content\/uploads\/2018\/12\/IA-NOWY-ROK2-225x300.jpg 225w, https:\/\/podkarpacka.iarp.pl\/wp-content\/uploads\/2018\/12\/IA-NOWY-ROK2-600x800.jpg 600w, https:\/\/podkarpacka.iarp.pl\/wp-content\/uploads\/2018\/12\/IA-NOWY-ROK2.jpg 1512w\" sizes=\"auto, (max-width: 768px) 100vw, 768px\" \/><\/figure>\n","protected":false},"excerpt":{"rendered":"<p>Szcz\u0119\u015bcia i Pomy\u015blno\u015bci w Nowym Roku! Sukces\u00f3w zawodowych, pomy\u015blno\u015bci oraz rodzinnego ciep\u0142a i rado\u015bci na nadchodz\u0105cy Nowy Rok 2019 \u017cyczy Rada Podkarpackiej Okr\u0119gowej Izby Architekt\u00f3w RP fot. &#8211; Kartka Noworoczna. Wyr\u00f3\u017cnienie Specjalne w konkursie &#8220;Archi Christmas 2018&#8221;- autor pracy: Aleksander Samel<\/p>\n","protected":false},"author":7,"featured_media":2282,"comment_status":"closed","ping_status":"open","sticky":false,"template":"","format":"standard","meta":{"footnotes":""},"categories":[56],"tags":[],"class_list":["post-2281","post","type-post","status-publish","format-standard","has-post-thumbnail","hentry","category-informacje-rady"],"publishpress_future_action":{"enabled":false,"date":"2026-05-08 15:11:34","action":"change-status","newStatus":"draft","terms":[],"taxonomy":"category","extraData":[]},"publishpress_future_workflow_manual_trigger":{"enabledWorkflows":[]},"_links":{"self":[{"href":"https:\/\/podkarpacka.iarp.pl\/index.php?rest_route=\/wp\/v2\/posts\/2281","targetHints":{"allow":["GET"]}}],"collection":[{"href":"https:\/\/podkarpacka.iarp.pl\/index.php?rest_route=\/wp\/v2\/posts"}],"about":[{"href":"https:\/\/podkarpacka.iarp.pl\/index.php?rest_route=\/wp\/v2\/types\/post"}],"author":[{"embeddable":true,"href":"https:\/\/podkarpacka.iarp.pl\/index.php?rest_route=\/wp\/v2\/users\/7"}],"replies":[{"embeddable":true,"href":"https:\/\/podkarpacka.iarp.pl\/index.php?rest_route=%2Fwp%2Fv2%2Fcomments&post=2281"}],"version-history":[{"count":1,"href":"https:\/\/podkarpacka.iarp.pl\/index.php?rest_route=\/wp\/v2\/posts\/2281\/revisions"}],"predecessor-version":[{"id":2283,"href":"https:\/\/podkarpacka.iarp.pl\/index.php?rest_route=\/wp\/v2\/posts\/2281\/revisions\/2283"}],"wp:featuredmedia":[{"embeddable":true,"href":"https:\/\/podkarpacka.iarp.pl\/index.php?rest_route=\/wp\/v2\/media\/2282"}],"wp:attachment":[{"href":"https:\/\/podkarpacka.iarp.pl\/index.php?rest_route=%2Fwp%2Fv2%2Fmedia&parent=2281"}],"wp:term":[{"taxonomy":"category","embeddable":true,"href":"https:\/\/podkarpacka.iarp.pl\/index.php?rest_route=%2Fwp%2Fv2%2Fcategories&post=2281"},{"taxonomy":"post_tag","embeddable":true,"href":"https:\/\/podkarpacka.iarp.pl\/index.php?rest_route=%2Fwp%2Fv2%2Ftags&post=2281"}],"curies":[{"name":"wp","href":"https:\/\/api.w.org\/{rel}","templated":true}]}}