{"id":2290,"date":"2019-01-11T21:10:18","date_gmt":"2019-01-11T19:10:18","guid":{"rendered":"http:\/\/podkarpacka.iarp.pl\/?p=2290"},"modified":"2019-01-11T21:12:18","modified_gmt":"2019-01-11T19:12:18","slug":"pomoc-dedykowana-dla-arch-michala-swiecinskiego","status":"publish","type":"post","link":"https:\/\/podkarpacka.iarp.pl\/?p=2290","title":{"rendered":"POMOC DEDYKOWANA DLA ARCH. MICHA\u0141A \u015aWI\u0118CI\u0143SKIEGO"},"content":{"rendered":"\n<h2 class=\"wp-block-heading\">Kole\u017canki i Koledzy,<\/h2>\n\n\n\n<p>Przesy\u0142amy Wam pro\u015bb\u0119 o pomoc dedykowan\u0105 dla Micha\u0142a \u015awi\u0119ci\u0144skiego- architekta.<\/p>\n\n\n\n<p>Micha\u0142 4 lata temu (18.08.2014r) w wieku 26 lat uleg\u0142 wypadkowi na rowerze, podczas kt\u00f3rego z\u0142ama\u0142 kr\u0119gos\u0142up w odcinku szyjnym i uszkodzi\u0142 rdze\u0144 kr\u0119gowy.<\/p>\n\n\n\n<p>Od tamtego czasu jest tetraplegikiem i porusza si\u0119 na w\u00f3zku.<\/p>\n\n\n\n<p>Od wypadku, to jest ju\u017c prawie 4,5 roku rodzice Micha\u0142a nie ustaj\u0105 w staraniach o zapewnienie Mu \u015brodk\u00f3w na rehabilitacj\u0119, kt\u00f3rej miesi\u0119czny<\/p>\n\n\n\n<p>koszt- tylko w samym zak\u0142adzie rehabilitacyjnym- wynosi ok. 6 ty\u015b z\u0142 miesi\u0119cznie. Do tego dochodz\u0105 koszty wynaj\u0119cia ca\u0142odziennej opieki, transportu na rehabilitacj\u0119, \u015brodk\u00f3w zaopatrzenia medycznego, lek\u00f3w, wizyt u lekarzy specjalist\u00f3w (\u015brednio min. 3 ty\u015b z\u0142\/m-c).<\/p>\n\n\n\n<p>Dzi\u0119ki sta\u0142ej i konsekwentnej rehabilitacji samodzielno\u015b\u0107 Micha\u0142a poprawia si\u0119, czego dowodem jest np fakt, \u017ce w ub roku opanowa\u0142 samodzielne prowadzenie samochodu dostosowanego dla os\u00f3b niepe\u0142nosprawnych i dzi\u0119ki temu koszt dojazd\u00f3w na rehabilitacj\u0119 z 1000z\u0142 miesi\u0119cznie zmniejszy\u0142 si\u0119 i teraz wynika z koszt\u00f3w normalnej eksploatacji samochodu. Jakkolwiek rodzice staraj\u0105 si\u0119 zapewni\u0107 Micha\u0142owi pomoc w codziennej egzystencji i op\u0142aceniu opieki, comiesi\u0119czne koszty rehabilitacji s\u0105 ponad ich mo\u017cliwo\u015bci finansowe. Bez wsparcia finansowego i uzyskiwanych 1% podatku czy zakupu cegie\u0142ek- obraz\u00f3w Zbigniewa \u015awi\u0119ci\u0144skiego by\u0142oby niezmiernie trudno zapewni\u0107 sta\u0142\u0105 i wieloletni\u0105 rehabilitacj\u0119 dla Micha\u0142a, kt\u00f3ra przynosi rezultaty i jest dla Niego jedyn\u0105 szans\u0105 na samodzielne i godne \u017cycie.<\/p>\n\n\n\n<p>Micha\u0142 jest bardzo ambitnym i upartym cz\u0142owiekiem. W ubieg\u0142ym roku przyst\u0105pi\u0142 w naszej PKOIA do egzaminu i staje si\u0119 jest pierwszym architektem na w\u00f3zku, kt\u00f3ry posiada uprawnienia architektoniczne. Zawzi\u0119cie walczy o siebie, trzeba Mu w tej walce tylko \u201etroch\u0119\u201d pom\u00f3c.<\/p>\n\n\n\n<p>Dlatego przekazujemy t\u0119 pro\u015bb\u0119 mo\u017ce uznacie, \u017ce w tym roku warto 1% podatku przeznaczy\u0107 dla m\u0142odego kolegi architekta.<\/p>\n\n\n\n<p><strong>Poni\u017cej link na FB na kt\u00f3rym jest przedstawiona historia Micha\u0142a<\/strong><\/p>\n\n\n\n<figure class=\"wp-block-embed\"><div class=\"wp-block-embed__wrapper\">\nhttps:\/\/www.facebook.com\/events\/327387690797349\/\n<\/div><\/figure>\n\n\n\n<p><strong>oraz link do strony malarstwa Zbigniewa \u015awieci\u0144skiego z obrazami- cegie\u0142kami<\/strong><\/p>\n\n\n\n<figure class=\"wp-block-embed-facebook wp-block-embed\"><div class=\"wp-block-embed__wrapper\">\nhttps:\/\/www.facebook.com\/zbigniewswiecinskimalarstwo\/\n<\/div><\/figure>\n","protected":false},"excerpt":{"rendered":"<p>Kole\u017canki i Koledzy, Przesy\u0142amy Wam pro\u015bb\u0119 o pomoc dedykowan\u0105 dla Micha\u0142a \u015awi\u0119ci\u0144skiego- architekta. Micha\u0142 4 lata temu (18.08.2014r) w wieku 26 lat uleg\u0142 wypadkowi na rowerze, podczas kt\u00f3rego z\u0142ama\u0142 kr\u0119gos\u0142up w odcinku szyjnym i uszkodzi\u0142 rdze\u0144 kr\u0119gowy. Od tamtego czasu jest tetraplegikiem i porusza si\u0119 na w\u00f3zku. Od wypadku, to jest ju\u017c prawie 4,5 roku [&hellip;]<\/p>\n","protected":false},"author":7,"featured_media":2293,"comment_status":"closed","ping_status":"open","sticky":false,"template":"","format":"standard","meta":{"footnotes":""},"categories":[69,1],"tags":[],"class_list":["post-2290","post","type-post","status-publish","format-standard","has-post-thumbnail","hentry","category-aktualnosci","category-bez-kategorii"],"publishpress_future_action":{"enabled":false,"date":"2026-05-06 06:31:56","action":"change-status","newStatus":"draft","terms":[],"taxonomy":"category","extraData":[]},"publishpress_future_workflow_manual_trigger":{"enabledWorkflows":[]},"_links":{"self":[{"href":"https:\/\/podkarpacka.iarp.pl\/index.php?rest_route=\/wp\/v2\/posts\/2290","targetHints":{"allow":["GET"]}}],"collection":[{"href":"https:\/\/podkarpacka.iarp.pl\/index.php?rest_route=\/wp\/v2\/posts"}],"about":[{"href":"https:\/\/podkarpacka.iarp.pl\/index.php?rest_route=\/wp\/v2\/types\/post"}],"author":[{"embeddable":true,"href":"https:\/\/podkarpacka.iarp.pl\/index.php?rest_route=\/wp\/v2\/users\/7"}],"replies":[{"embeddable":true,"href":"https:\/\/podkarpacka.iarp.pl\/index.php?rest_route=%2Fwp%2Fv2%2Fcomments&post=2290"}],"version-history":[{"count":2,"href":"https:\/\/podkarpacka.iarp.pl\/index.php?rest_route=\/wp\/v2\/posts\/2290\/revisions"}],"predecessor-version":[{"id":2292,"href":"https:\/\/podkarpacka.iarp.pl\/index.php?rest_route=\/wp\/v2\/posts\/2290\/revisions\/2292"}],"wp:featuredmedia":[{"embeddable":true,"href":"https:\/\/podkarpacka.iarp.pl\/index.php?rest_route=\/wp\/v2\/media\/2293"}],"wp:attachment":[{"href":"https:\/\/podkarpacka.iarp.pl\/index.php?rest_route=%2Fwp%2Fv2%2Fmedia&parent=2290"}],"wp:term":[{"taxonomy":"category","embeddable":true,"href":"https:\/\/podkarpacka.iarp.pl\/index.php?rest_route=%2Fwp%2Fv2%2Fcategories&post=2290"},{"taxonomy":"post_tag","embeddable":true,"href":"https:\/\/podkarpacka.iarp.pl\/index.php?rest_route=%2Fwp%2Fv2%2Ftags&post=2290"}],"curies":[{"name":"wp","href":"https:\/\/api.w.org\/{rel}","templated":true}]}}