{"id":2345,"date":"2019-01-16T13:04:56","date_gmt":"2019-01-16T11:04:56","guid":{"rendered":"http:\/\/podkarpacka.iarp.pl\/?p=2345"},"modified":"2019-09-21T17:18:40","modified_gmt":"2019-09-21T15:18:40","slug":"dom-moich-marzen-przygoda-z-architektura-rozdanie-nagrod","status":"publish","type":"post","link":"https:\/\/podkarpacka.iarp.pl\/?p=2345","title":{"rendered":"Dom Moich Marze\u0144 2018 &#8220;Przygoda z Architektur\u0105&#8221;. Rozdanie nagr\u00f3d."},"content":{"rendered":"\r\n<p>W \u015brod\u0119 16 stycznia odby\u0142o si\u0119 uroczyste rozdanie nagr\u00f3d w Konkursie Dom Moich Marze\u0144. Wydarzenie organizowane by\u0142o po raz VIII przez Podkarpack\u0105 Okr\u0119gow\u0105 Izb\u0119 Architekt\u00f3w w ramach Dnia Edukacji Architektonicznej w ramach Dnia Edukacji Architektonicznej.<\/p>\r\n\r\n\r\n\r\n<figure class=\"wp-block-image\"><img loading=\"lazy\" decoding=\"async\" width=\"1000\" height=\"264\" class=\"wp-image-3009\" src=\"https:\/\/podkarpacka.iarp.pl\/wp-content\/uploads\/2019\/01\/Konkurs-Dom-Moich_marzen-VIII-12.jpg\" alt=\"\" srcset=\"https:\/\/podkarpacka.iarp.pl\/wp-content\/uploads\/2019\/01\/Konkurs-Dom-Moich_marzen-VIII-12.jpg 1000w, https:\/\/podkarpacka.iarp.pl\/wp-content\/uploads\/2019\/01\/Konkurs-Dom-Moich_marzen-VIII-12-300x79.jpg 300w, https:\/\/podkarpacka.iarp.pl\/wp-content\/uploads\/2019\/01\/Konkurs-Dom-Moich_marzen-VIII-12-768x203.jpg 768w\" sizes=\"auto, (max-width: 1000px) 100vw, 1000px\" \/><\/figure>\r\n\r\n\r\n\r\n<ul class=\"wp-block-gallery columns-3 is-cropped wp-block-gallery-1 is-layout-flex wp-block-gallery-is-layout-flex\">\r\n<li class=\"blocks-gallery-item\">\r\n<figure><img loading=\"lazy\" decoding=\"async\" width=\"1000\" height=\"563\" class=\"wp-image-3014\" src=\"https:\/\/podkarpacka.iarp.pl\/wp-content\/uploads\/2019\/01\/Konkurs-Dom-Moich_marzen-VIII-04.jpg\" alt=\"\" data-id=\"3014\" data-link=\"https:\/\/podkarpacka.iarp.pl\/?attachment_id=3014\" srcset=\"https:\/\/podkarpacka.iarp.pl\/wp-content\/uploads\/2019\/01\/Konkurs-Dom-Moich_marzen-VIII-04.jpg 1000w, https:\/\/podkarpacka.iarp.pl\/wp-content\/uploads\/2019\/01\/Konkurs-Dom-Moich_marzen-VIII-04-300x169.jpg 300w, https:\/\/podkarpacka.iarp.pl\/wp-content\/uploads\/2019\/01\/Konkurs-Dom-Moich_marzen-VIII-04-768x432.jpg 768w\" sizes=\"auto, (max-width: 1000px) 100vw, 1000px\" \/><\/figure>\r\n<\/li>\r\n<li class=\"blocks-gallery-item\">\r\n<figure><img loading=\"lazy\" decoding=\"async\" width=\"576\" height=\"1024\" class=\"wp-image-3013\" src=\"https:\/\/podkarpacka.iarp.pl\/wp-content\/uploads\/2019\/01\/Konkurs-Dom-Moich_marzen-VIII-03-576x1024.jpg\" alt=\"\" data-id=\"3013\" data-link=\"https:\/\/podkarpacka.iarp.pl\/?attachment_id=3013\" srcset=\"https:\/\/podkarpacka.iarp.pl\/wp-content\/uploads\/2019\/01\/Konkurs-Dom-Moich_marzen-VIII-03-576x1024.jpg 576w, https:\/\/podkarpacka.iarp.pl\/wp-content\/uploads\/2019\/01\/Konkurs-Dom-Moich_marzen-VIII-03-169x300.jpg 169w, https:\/\/podkarpacka.iarp.pl\/wp-content\/uploads\/2019\/01\/Konkurs-Dom-Moich_marzen-VIII-03-768x1366.jpg 768w, https:\/\/podkarpacka.iarp.pl\/wp-content\/uploads\/2019\/01\/Konkurs-Dom-Moich_marzen-VIII-03.jpg 1000w\" sizes=\"auto, (max-width: 576px) 100vw, 576px\" \/><\/figure>\r\n<\/li>\r\n<li class=\"blocks-gallery-item\">\r\n<figure><img loading=\"lazy\" decoding=\"async\" width=\"576\" height=\"1024\" class=\"wp-image-3012\" src=\"https:\/\/podkarpacka.iarp.pl\/wp-content\/uploads\/2019\/01\/Konkurs-Dom-Moich_marzen-VIII-02-576x1024.jpg\" alt=\"\" data-id=\"3012\" data-link=\"https:\/\/podkarpacka.iarp.pl\/?attachment_id=3012\" srcset=\"https:\/\/podkarpacka.iarp.pl\/wp-content\/uploads\/2019\/01\/Konkurs-Dom-Moich_marzen-VIII-02-576x1024.jpg 576w, https:\/\/podkarpacka.iarp.pl\/wp-content\/uploads\/2019\/01\/Konkurs-Dom-Moich_marzen-VIII-02-169x300.jpg 169w, https:\/\/podkarpacka.iarp.pl\/wp-content\/uploads\/2019\/01\/Konkurs-Dom-Moich_marzen-VIII-02-768x1366.jpg 768w, https:\/\/podkarpacka.iarp.pl\/wp-content\/uploads\/2019\/01\/Konkurs-Dom-Moich_marzen-VIII-02.jpg 1000w\" sizes=\"auto, (max-width: 576px) 100vw, 576px\" \/><\/figure>\r\n<\/li>\r\n<li class=\"blocks-gallery-item\">\r\n<figure><img loading=\"lazy\" decoding=\"async\" width=\"1000\" height=\"563\" class=\"wp-image-3011\" src=\"https:\/\/podkarpacka.iarp.pl\/wp-content\/uploads\/2019\/01\/Konkurs-Dom-Moich_marzen-VIII-01.jpg\" alt=\"\" data-id=\"3011\" data-link=\"https:\/\/podkarpacka.iarp.pl\/?attachment_id=3011\" srcset=\"https:\/\/podkarpacka.iarp.pl\/wp-content\/uploads\/2019\/01\/Konkurs-Dom-Moich_marzen-VIII-01.jpg 1000w, https:\/\/podkarpacka.iarp.pl\/wp-content\/uploads\/2019\/01\/Konkurs-Dom-Moich_marzen-VIII-01-300x169.jpg 300w, https:\/\/podkarpacka.iarp.pl\/wp-content\/uploads\/2019\/01\/Konkurs-Dom-Moich_marzen-VIII-01-768x432.jpg 768w\" sizes=\"auto, (max-width: 1000px) 100vw, 1000px\" \/><\/figure>\r\n<\/li>\r\n<li class=\"blocks-gallery-item\">\r\n<figure><img loading=\"lazy\" decoding=\"async\" width=\"576\" height=\"1024\" class=\"wp-image-3010\" src=\"https:\/\/podkarpacka.iarp.pl\/wp-content\/uploads\/2019\/01\/Konkurs-Dom-Moich_marzen-VIII-13-576x1024.jpg\" alt=\"\" data-id=\"3010\" data-link=\"https:\/\/podkarpacka.iarp.pl\/?attachment_id=3010\" srcset=\"https:\/\/podkarpacka.iarp.pl\/wp-content\/uploads\/2019\/01\/Konkurs-Dom-Moich_marzen-VIII-13-576x1024.jpg 576w, https:\/\/podkarpacka.iarp.pl\/wp-content\/uploads\/2019\/01\/Konkurs-Dom-Moich_marzen-VIII-13-169x300.jpg 169w, https:\/\/podkarpacka.iarp.pl\/wp-content\/uploads\/2019\/01\/Konkurs-Dom-Moich_marzen-VIII-13-768x1366.jpg 768w, https:\/\/podkarpacka.iarp.pl\/wp-content\/uploads\/2019\/01\/Konkurs-Dom-Moich_marzen-VIII-13.jpg 1000w\" sizes=\"auto, (max-width: 576px) 100vw, 576px\" \/><\/figure>\r\n<\/li>\r\n<li class=\"blocks-gallery-item\">\r\n<figure><img loading=\"lazy\" decoding=\"async\" width=\"1000\" height=\"563\" class=\"wp-image-3008\" src=\"https:\/\/podkarpacka.iarp.pl\/wp-content\/uploads\/2019\/01\/Konkurs-Dom-Moich_marzen-VIII-11.jpg\" alt=\"\" data-id=\"3008\" data-link=\"https:\/\/podkarpacka.iarp.pl\/?attachment_id=3008\" srcset=\"https:\/\/podkarpacka.iarp.pl\/wp-content\/uploads\/2019\/01\/Konkurs-Dom-Moich_marzen-VIII-11.jpg 1000w, https:\/\/podkarpacka.iarp.pl\/wp-content\/uploads\/2019\/01\/Konkurs-Dom-Moich_marzen-VIII-11-300x169.jpg 300w, https:\/\/podkarpacka.iarp.pl\/wp-content\/uploads\/2019\/01\/Konkurs-Dom-Moich_marzen-VIII-11-768x432.jpg 768w\" sizes=\"auto, (max-width: 1000px) 100vw, 1000px\" \/><\/figure>\r\n<\/li>\r\n<li class=\"blocks-gallery-item\">\r\n<figure><img loading=\"lazy\" decoding=\"async\" width=\"576\" height=\"1024\" class=\"wp-image-3007\" src=\"https:\/\/podkarpacka.iarp.pl\/wp-content\/uploads\/2019\/01\/Konkurs-Dom-Moich_marzen-VIII-10-576x1024.jpg\" alt=\"\" data-id=\"3007\" data-link=\"https:\/\/podkarpacka.iarp.pl\/?attachment_id=3007\" srcset=\"https:\/\/podkarpacka.iarp.pl\/wp-content\/uploads\/2019\/01\/Konkurs-Dom-Moich_marzen-VIII-10-576x1024.jpg 576w, https:\/\/podkarpacka.iarp.pl\/wp-content\/uploads\/2019\/01\/Konkurs-Dom-Moich_marzen-VIII-10-169x300.jpg 169w, https:\/\/podkarpacka.iarp.pl\/wp-content\/uploads\/2019\/01\/Konkurs-Dom-Moich_marzen-VIII-10-768x1366.jpg 768w, https:\/\/podkarpacka.iarp.pl\/wp-content\/uploads\/2019\/01\/Konkurs-Dom-Moich_marzen-VIII-10-600x1067.jpg 600w, https:\/\/podkarpacka.iarp.pl\/wp-content\/uploads\/2019\/01\/Konkurs-Dom-Moich_marzen-VIII-10.jpg 1000w\" sizes=\"auto, (max-width: 576px) 100vw, 576px\" \/><\/figure>\r\n<\/li>\r\n<li class=\"blocks-gallery-item\">\r\n<figure><img loading=\"lazy\" decoding=\"async\" width=\"576\" height=\"1024\" class=\"wp-image-3006\" src=\"https:\/\/podkarpacka.iarp.pl\/wp-content\/uploads\/2019\/01\/Konkurs-Dom-Moich_marzen-VIII-09-576x1024.jpg\" alt=\"\" data-id=\"3006\" data-link=\"https:\/\/podkarpacka.iarp.pl\/?attachment_id=3006\" srcset=\"https:\/\/podkarpacka.iarp.pl\/wp-content\/uploads\/2019\/01\/Konkurs-Dom-Moich_marzen-VIII-09-576x1024.jpg 576w, https:\/\/podkarpacka.iarp.pl\/wp-content\/uploads\/2019\/01\/Konkurs-Dom-Moich_marzen-VIII-09-169x300.jpg 169w, https:\/\/podkarpacka.iarp.pl\/wp-content\/uploads\/2019\/01\/Konkurs-Dom-Moich_marzen-VIII-09-768x1366.jpg 768w, https:\/\/podkarpacka.iarp.pl\/wp-content\/uploads\/2019\/01\/Konkurs-Dom-Moich_marzen-VIII-09.jpg 1000w\" sizes=\"auto, (max-width: 576px) 100vw, 576px\" \/><\/figure>\r\n<\/li>\r\n<li class=\"blocks-gallery-item\">\r\n<figure><img loading=\"lazy\" decoding=\"async\" width=\"576\" height=\"1024\" class=\"wp-image-3005\" src=\"https:\/\/podkarpacka.iarp.pl\/wp-content\/uploads\/2019\/01\/Konkurs-Dom-Moich_marzen-VIII-08-576x1024.jpg\" alt=\"\" data-id=\"3005\" data-link=\"https:\/\/podkarpacka.iarp.pl\/?attachment_id=3005\" srcset=\"https:\/\/podkarpacka.iarp.pl\/wp-content\/uploads\/2019\/01\/Konkurs-Dom-Moich_marzen-VIII-08-576x1024.jpg 576w, https:\/\/podkarpacka.iarp.pl\/wp-content\/uploads\/2019\/01\/Konkurs-Dom-Moich_marzen-VIII-08-169x300.jpg 169w, https:\/\/podkarpacka.iarp.pl\/wp-content\/uploads\/2019\/01\/Konkurs-Dom-Moich_marzen-VIII-08-768x1366.jpg 768w, https:\/\/podkarpacka.iarp.pl\/wp-content\/uploads\/2019\/01\/Konkurs-Dom-Moich_marzen-VIII-08.jpg 1000w\" sizes=\"auto, (max-width: 576px) 100vw, 576px\" \/><\/figure>\r\n<\/li>\r\n<li class=\"blocks-gallery-item\">\r\n<figure><img loading=\"lazy\" decoding=\"async\" width=\"576\" height=\"1024\" class=\"wp-image-3004\" src=\"https:\/\/podkarpacka.iarp.pl\/wp-content\/uploads\/2019\/01\/Konkurs-Dom-Moich_marzen-VIII-07-576x1024.jpg\" alt=\"\" data-id=\"3004\" data-link=\"https:\/\/podkarpacka.iarp.pl\/?attachment_id=3004\" srcset=\"https:\/\/podkarpacka.iarp.pl\/wp-content\/uploads\/2019\/01\/Konkurs-Dom-Moich_marzen-VIII-07-576x1024.jpg 576w, https:\/\/podkarpacka.iarp.pl\/wp-content\/uploads\/2019\/01\/Konkurs-Dom-Moich_marzen-VIII-07-169x300.jpg 169w, https:\/\/podkarpacka.iarp.pl\/wp-content\/uploads\/2019\/01\/Konkurs-Dom-Moich_marzen-VIII-07-768x1366.jpg 768w, https:\/\/podkarpacka.iarp.pl\/wp-content\/uploads\/2019\/01\/Konkurs-Dom-Moich_marzen-VIII-07.jpg 1000w\" sizes=\"auto, (max-width: 576px) 100vw, 576px\" \/><\/figure>\r\n<\/li>\r\n<li class=\"blocks-gallery-item\">\r\n<figure><img loading=\"lazy\" decoding=\"async\" width=\"1000\" height=\"563\" class=\"wp-image-3002\" src=\"https:\/\/podkarpacka.iarp.pl\/wp-content\/uploads\/2019\/01\/Konkurs-Dom-Moich_marzen-VIII-05.jpg\" alt=\"\" data-id=\"3002\" data-link=\"https:\/\/podkarpacka.iarp.pl\/?attachment_id=3002\" srcset=\"https:\/\/podkarpacka.iarp.pl\/wp-content\/uploads\/2019\/01\/Konkurs-Dom-Moich_marzen-VIII-05.jpg 1000w, https:\/\/podkarpacka.iarp.pl\/wp-content\/uploads\/2019\/01\/Konkurs-Dom-Moich_marzen-VIII-05-300x169.jpg 300w, https:\/\/podkarpacka.iarp.pl\/wp-content\/uploads\/2019\/01\/Konkurs-Dom-Moich_marzen-VIII-05-768x432.jpg 768w\" sizes=\"auto, (max-width: 1000px) 100vw, 1000px\" \/><\/figure>\r\n<\/li>\r\n<li class=\"blocks-gallery-item\">\r\n<figure><img loading=\"lazy\" decoding=\"async\" width=\"540\" height=\"960\" class=\"wp-image-2352\" src=\"https:\/\/podkarpacka.iarp.pl\/wp-content\/uploads\/2019\/01\/50707798_2247998752151417_1444652631292116992_n.jpg\" alt=\"\" data-id=\"2352\" data-link=\"https:\/\/podkarpacka.iarp.pl\/?attachment_id=2352\" srcset=\"https:\/\/podkarpacka.iarp.pl\/wp-content\/uploads\/2019\/01\/50707798_2247998752151417_1444652631292116992_n.jpg 540w, https:\/\/podkarpacka.iarp.pl\/wp-content\/uploads\/2019\/01\/50707798_2247998752151417_1444652631292116992_n-169x300.jpg 169w\" sizes=\"auto, (max-width: 540px) 100vw, 540px\" \/><\/figure>\r\n<\/li>\r\n<li class=\"blocks-gallery-item\">\r\n<figure><img loading=\"lazy\" decoding=\"async\" width=\"720\" height=\"960\" class=\"wp-image-2351\" src=\"https:\/\/podkarpacka.iarp.pl\/wp-content\/uploads\/2019\/01\/50255281_2248006868817272_8305021094536937472_n.jpg\" alt=\"\" data-id=\"2351\" data-link=\"https:\/\/podkarpacka.iarp.pl\/?attachment_id=2351\" srcset=\"https:\/\/podkarpacka.iarp.pl\/wp-content\/uploads\/2019\/01\/50255281_2248006868817272_8305021094536937472_n.jpg 720w, https:\/\/podkarpacka.iarp.pl\/wp-content\/uploads\/2019\/01\/50255281_2248006868817272_8305021094536937472_n-225x300.jpg 225w\" sizes=\"auto, (max-width: 720px) 100vw, 720px\" \/><\/figure>\r\n<\/li>\r\n<li class=\"blocks-gallery-item\">\r\n<figure><img loading=\"lazy\" decoding=\"async\" width=\"720\" height=\"960\" class=\"wp-image-2350\" src=\"https:\/\/podkarpacka.iarp.pl\/wp-content\/uploads\/2019\/01\/50229527_2248006878817271_3325744660789329920_n.jpg\" alt=\"\" data-id=\"2350\" data-link=\"https:\/\/podkarpacka.iarp.pl\/?attachment_id=2350\" srcset=\"https:\/\/podkarpacka.iarp.pl\/wp-content\/uploads\/2019\/01\/50229527_2248006878817271_3325744660789329920_n.jpg 720w, https:\/\/podkarpacka.iarp.pl\/wp-content\/uploads\/2019\/01\/50229527_2248006878817271_3325744660789329920_n-225x300.jpg 225w\" sizes=\"auto, (max-width: 720px) 100vw, 720px\" \/><\/figure>\r\n<\/li>\r\n<\/ul>\r\n\r\n\r\n\r\n<p>W Dniu Edukacji Architektonicznej w tym roku wzi\u0119\u0142o udzia\u0142 1427 dzieci z 26 szk\u00f3\u0142 podstawowych z wojew\u00f3dztwa Podkarpackiego. Na konkurs wp\u0142yn\u0119\u0142o 579 prac wykonanych przez dzieci 4 klas szk\u00f3\u0142 podstawowych.<\/p>\r\n\r\n\r\n\r\n<p>Jury wyr\u00f3\u017cni\u0142o 75 prac oraz przyznano 6 nagr\u00f3d g\u0142\u00f3wnych. Prace wyr\u00f3\u017cnione i nagrodzone umieszczone zosta\u0142y na kalendarzu Podkarpackiej Okr\u0119gowej Izby Architekt\u00f3w Rzeczypospolitej Polskiej.<\/p>\r\n\r\n\r\n\r\n<p>Dzi\u0119kujemy uczestnikom i nagrodzonym za obecno\u015b\u0107 i zapraszamy do udzia\u0142u w IX edycji w jesieni 2019 roku.<\/p>\r\n","protected":false},"excerpt":{"rendered":"<p>W \u015brod\u0119 16 stycznia odby\u0142o si\u0119 uroczyste rozdanie nagr\u00f3d w Konkursie Dom Moich Marze\u0144. Wydarzenie organizowane by\u0142o po raz VIII przez Podkarpack\u0105 Okr\u0119gow\u0105 Izb\u0119 Architekt\u00f3w w ramach Dnia Edukacji Architektonicznej w ramach Dnia Edukacji Architektonicznej. W Dniu Edukacji Architektonicznej w tym roku wzi\u0119\u0142o udzia\u0142 1427 dzieci z 26 szk\u00f3\u0142 podstawowych z wojew\u00f3dztwa Podkarpackiego. Na konkurs [&hellip;]<\/p>\n","protected":false},"author":7,"featured_media":3007,"comment_status":"closed","ping_status":"open","sticky":false,"template":"","format":"standard","meta":{"footnotes":""},"categories":[62],"tags":[],"class_list":["post-2345","post","type-post","status-publish","format-standard","has-post-thumbnail","hentry","category-konkursy"],"publishpress_future_action":{"enabled":false,"date":"2026-05-05 04:32:08","action":"change-status","newStatus":"draft","terms":[],"taxonomy":"category","extraData":[]},"publishpress_future_workflow_manual_trigger":{"enabledWorkflows":[]},"_links":{"self":[{"href":"https:\/\/podkarpacka.iarp.pl\/index.php?rest_route=\/wp\/v2\/posts\/2345","targetHints":{"allow":["GET"]}}],"collection":[{"href":"https:\/\/podkarpacka.iarp.pl\/index.php?rest_route=\/wp\/v2\/posts"}],"about":[{"href":"https:\/\/podkarpacka.iarp.pl\/index.php?rest_route=\/wp\/v2\/types\/post"}],"author":[{"embeddable":true,"href":"https:\/\/podkarpacka.iarp.pl\/index.php?rest_route=\/wp\/v2\/users\/7"}],"replies":[{"embeddable":true,"href":"https:\/\/podkarpacka.iarp.pl\/index.php?rest_route=%2Fwp%2Fv2%2Fcomments&post=2345"}],"version-history":[{"count":5,"href":"https:\/\/podkarpacka.iarp.pl\/index.php?rest_route=\/wp\/v2\/posts\/2345\/revisions"}],"predecessor-version":[{"id":3819,"href":"https:\/\/podkarpacka.iarp.pl\/index.php?rest_route=\/wp\/v2\/posts\/2345\/revisions\/3819"}],"wp:featuredmedia":[{"embeddable":true,"href":"https:\/\/podkarpacka.iarp.pl\/index.php?rest_route=\/wp\/v2\/media\/3007"}],"wp:attachment":[{"href":"https:\/\/podkarpacka.iarp.pl\/index.php?rest_route=%2Fwp%2Fv2%2Fmedia&parent=2345"}],"wp:term":[{"taxonomy":"category","embeddable":true,"href":"https:\/\/podkarpacka.iarp.pl\/index.php?rest_route=%2Fwp%2Fv2%2Fcategories&post=2345"},{"taxonomy":"post_tag","embeddable":true,"href":"https:\/\/podkarpacka.iarp.pl\/index.php?rest_route=%2Fwp%2Fv2%2Ftags&post=2345"}],"curies":[{"name":"wp","href":"https:\/\/api.w.org\/{rel}","templated":true}]}}