{"id":254,"date":"2013-03-11T14:00:18","date_gmt":"2013-03-11T14:00:18","guid":{"rendered":"http:\/\/weeklynews-wp.mipdesign.com\/?p=254"},"modified":"2016-02-10T19:11:56","modified_gmt":"2016-02-10T17:11:56","slug":"avengers-presents-hulk","status":"publish","type":"post","link":"https:\/\/podkarpacka.iarp.pl\/?p=254","title":{"rendered":"DOM MOICH MARZE\u0143 2013"},"content":{"rendered":"<h2 style=\"text-align: justify;\"><strong>Konkurs dla dzieci szk\u00f3\u0142 podstawowych<\/strong><\/h2>\n<h3 style=\"text-align: justify;\"><strong>LAUREACI I EDYCJI KONKURSU \u2013 \u201cDOM MOICH MARZE\u0143 2013\u201d<\/strong><\/h3>\n<p style=\"text-align: justify;\">Uprzejmie informujemy, \u017ce rozstrzygni\u0119ty zosta\u0142 konkurs <strong>II edycji Dnia Edukacji Architektonicznej<\/strong> zorganizowany dla IV klas szk\u00f3\u0142 podstawowych z Rzeszowa,\u00a0Przemy\u015bla i Krosna.<\/p>\n<p style=\"text-align: justify;\">Na konkurs wp\u0142yn\u0119\u0142o og\u00f3\u0142em 250\u00a0prac nades\u0142anych z 12\u00a0szk\u00f3\u0142 podstawowych. Jury konkursowe przyzna\u0142o:<\/p>\n<ul style=\"text-align: justify;\">\n<li><strong>4\u00a0nagrody g\u0142\u00f3wne,<\/strong><\/li>\n<li><strong>38 wyr\u00f3\u017cnie\u0144 indywidualnych,<\/strong><\/li>\n<li><strong>1\u00a0wyr\u00f3\u017cnienia dla klas.<\/strong><\/li>\n<\/ul>\n<p style=\"text-align: justify;\">Otwarcie wystawy wraz z wr\u0119czeniem nagr\u00f3d laureatom odb\u0119dzie si\u0119\u00a0w dniu:\u00a0<strong><em>17 marca 2013 roku o godzinie 12<sup>00<\/sup><br \/>\nw Millenium Hall Centrum Kulturalno-Handlowe <\/em><\/strong><em>w Rzeszowie, al. Kopisto 1 (przestrze\u0144 Europejska Galerii Sztuki \u2013 I pi\u0119tro)<\/em>.<\/p>\n<p style=\"text-align: justify;\">Serdecznie zapraszamy osoby nagrodzone wraz z opiekunami lub wychowawcami.<\/p>\n<p style=\"text-align: justify;\">Je\u017celi osoby nagrodzone lub wyr\u00f3\u017cnione nie b\u0119d\u0105 mog\u0142y by\u0107 obecne osobi\u015bcie w dniu otwarcia \u00a0&#8211; nagrody i wyr\u00f3\u017cnienia przeka\u017cemy nauczycielom z danej szko\u0142y.<\/p>\n<p style=\"text-align: right;\"><strong>L.dz. 45\/PKORIA\/2013<\/strong><\/p>\n<hr \/>\n<p style=\"text-align: right;\"><div class='w3eden'><!-- WPDM Link Template: Default Template -->\n\n<div class=\"link-template-default card mb-2\">\n    <div class=\"card-body\">\n        <div class=\"media\">\n            <div class=\"mr-3 img-48\"><img decoding=\"async\" class=\"wpdm_icon\" alt=\"Ikonka\"   src=\"http:\/\/podkarpacka.iarp.pl\/wp-content\/plugins\/download-manager\/assets\/file-type-icons\/pdf.png\" \/><\/div>\n            <div class=\"media-body\">\n                <h3 class=\"package-title\"><a href='https:\/\/podkarpacka.iarp.pl\/?wpdmpro=protokol-z-posiedzenia-jury-konkursu-dom-moich-marzen-2013'>Protok\u00f3\u0142 z posiedzenia jury konkursu Dom Moich Marzen 2013<\/a><\/h3>\n                <div class=\"text-muted text-small\"><i class=\"fas fa-copy\"><\/i> 1 plik(i) <i class=\"fas fa-hdd ml-3\"><\/i> 242.99 KB<\/div>\n            <\/div>\n            <div class=\"ml-3\">\n                <a class='wpdm-download-link download-on-click btn btn-primary ' rel='nofollow' href='#' data-downloadurl=\"https:\/\/podkarpacka.iarp.pl\/?wpdmpro=protokol-z-posiedzenia-jury-konkursu-dom-moich-marzen-2013&wpdmdl=793&refresh=69eff396971a51777333142\">POBIERZ DOKUMENT<\/a>\n            <\/div>\n        <\/div>\n    <\/div>\n<\/div>\n\n<\/div>\n<hr \/>\n<p style=\"text-align: right;\"><strong><a href=\"https:\/\/podkarpacka.iarp.pl\/wp-content\/uploads\/2013\/03\/kalendarz_2013-small.jpg\"><br \/>\n<img loading=\"lazy\" decoding=\"async\" class=\" size-full wp-image-802 aligncenter\" src=\"https:\/\/podkarpacka.iarp.pl\/wp-content\/uploads\/2013\/03\/kalendarz_2013-small.jpg\" alt=\"kalendarz_2013 small\" width=\"610\" height=\"920\" \/><\/a> <\/strong><\/p>\n","protected":false},"excerpt":{"rendered":"<p>Konkurs dla dzieci szk\u00f3\u0142 podstawowych LAUREACI I EDYCJI KONKURSU \u2013 \u201cDOM MOICH MARZE\u0143 2013\u201d Uprzejmie informujemy, \u017ce rozstrzygni\u0119ty zosta\u0142 konkurs II edycji Dnia Edukacji Architektonicznej zorganizowany dla IV klas szk\u00f3\u0142 podstawowych z Rzeszowa,\u00a0Przemy\u015bla i Krosna. Na konkurs wp\u0142yn\u0119\u0142o og\u00f3\u0142em 250\u00a0prac nades\u0142anych z 12\u00a0szk\u00f3\u0142 podstawowych. Jury konkursowe przyzna\u0142o: 4\u00a0nagrody g\u0142\u00f3wne, 38 wyr\u00f3\u017cnie\u0144 indywidualnych, 1\u00a0wyr\u00f3\u017cnienia dla klas. [&hellip;]<\/p>\n","protected":false},"author":7,"featured_media":803,"comment_status":"closed","ping_status":"closed","sticky":false,"template":"","format":"gallery","meta":{"footnotes":""},"categories":[62],"tags":[],"class_list":["post-254","post","type-post","status-publish","format-gallery","has-post-thumbnail","hentry","category-konkursy","post_format-post-format-gallery"],"publishpress_future_action":{"enabled":false,"date":"2026-05-05 00:39:02","action":"change-status","newStatus":"draft","terms":[],"taxonomy":"category","extraData":[]},"publishpress_future_workflow_manual_trigger":{"enabledWorkflows":[]},"_links":{"self":[{"href":"https:\/\/podkarpacka.iarp.pl\/index.php?rest_route=\/wp\/v2\/posts\/254","targetHints":{"allow":["GET"]}}],"collection":[{"href":"https:\/\/podkarpacka.iarp.pl\/index.php?rest_route=\/wp\/v2\/posts"}],"about":[{"href":"https:\/\/podkarpacka.iarp.pl\/index.php?rest_route=\/wp\/v2\/types\/post"}],"author":[{"embeddable":true,"href":"https:\/\/podkarpacka.iarp.pl\/index.php?rest_route=\/wp\/v2\/users\/7"}],"replies":[{"embeddable":true,"href":"https:\/\/podkarpacka.iarp.pl\/index.php?rest_route=%2Fwp%2Fv2%2Fcomments&post=254"}],"version-history":[{"count":5,"href":"https:\/\/podkarpacka.iarp.pl\/index.php?rest_route=\/wp\/v2\/posts\/254\/revisions"}],"predecessor-version":[{"id":807,"href":"https:\/\/podkarpacka.iarp.pl\/index.php?rest_route=\/wp\/v2\/posts\/254\/revisions\/807"}],"wp:featuredmedia":[{"embeddable":true,"href":"https:\/\/podkarpacka.iarp.pl\/index.php?rest_route=\/wp\/v2\/media\/803"}],"wp:attachment":[{"href":"https:\/\/podkarpacka.iarp.pl\/index.php?rest_route=%2Fwp%2Fv2%2Fmedia&parent=254"}],"wp:term":[{"taxonomy":"category","embeddable":true,"href":"https:\/\/podkarpacka.iarp.pl\/index.php?rest_route=%2Fwp%2Fv2%2Fcategories&post=254"},{"taxonomy":"post_tag","embeddable":true,"href":"https:\/\/podkarpacka.iarp.pl\/index.php?rest_route=%2Fwp%2Fv2%2Ftags&post=254"}],"curies":[{"name":"wp","href":"https:\/\/api.w.org\/{rel}","templated":true}]}}