{"id":3041,"date":"2019-02-22T15:08:32","date_gmt":"2019-02-22T13:08:32","guid":{"rendered":"http:\/\/podkarpacka.iarp.pl\/?p=3041"},"modified":"2019-02-25T15:39:35","modified_gmt":"2019-02-25T13:39:35","slug":"zawiadomienie-o-xiii-zjezdzie-pkoia-rp","status":"publish","type":"post","link":"https:\/\/podkarpacka.iarp.pl\/?p=3041","title":{"rendered":"Zawiadomienie o XIII Zje\u017adzie PKOIA RP"},"content":{"rendered":"\n<p>\n\nSzanowni Pa\u0144stwo\n\n<\/p>\n\n\n\n<p>W dniu <strong>29 marca 2019 roku o godzinie 16.00<\/strong> w Hotelu Metropolitan w Rzeszowie (ul. S\u0142owackiego 16) odb\u0119dzie si\u0119 Trzynasty Zjazd Sprawozdawczy Podkarpackiej Okr\u0119gowej Izby Architekt\u00f3w. B\u0119d\u0105 w nim uczestniczy\u0107  delegaci wybrani na Czwartym Zje\u017adzie Sprawozdawczo-Wyborczym Podkarpackiej Okr\u0119gowej Izby Architekt\u00f3w.<\/p>\n\n\n\n<p>Z powa\u017caniem<br \/><em>Teresa Gotkowska Biuro PKOIA RP<\/em><\/p>\n\n\n\n<ul class=\"wp-block-gallery columns-1 is-cropped wp-block-gallery-1 is-layout-flex wp-block-gallery-is-layout-flex\"><li class=\"blocks-gallery-item\"><figure><img loading=\"lazy\" decoding=\"async\" width=\"735\" height=\"1024\" src=\"https:\/\/podkarpacka.iarp.pl\/wp-content\/uploads\/2019\/02\/XIII-Zjazd-Sprawozdawczy-735x1024.jpg\" alt=\"\" data-id=\"3481\" data-link=\"https:\/\/podkarpacka.iarp.pl\/?attachment_id=3481\" class=\"wp-image-3481\" srcset=\"https:\/\/podkarpacka.iarp.pl\/wp-content\/uploads\/2019\/02\/XIII-Zjazd-Sprawozdawczy-735x1024.jpg 735w, https:\/\/podkarpacka.iarp.pl\/wp-content\/uploads\/2019\/02\/XIII-Zjazd-Sprawozdawczy-215x300.jpg 215w, https:\/\/podkarpacka.iarp.pl\/wp-content\/uploads\/2019\/02\/XIII-Zjazd-Sprawozdawczy-768x1070.jpg 768w, https:\/\/podkarpacka.iarp.pl\/wp-content\/uploads\/2019\/02\/XIII-Zjazd-Sprawozdawczy.jpg 1634w\" sizes=\"auto, (max-width: 735px) 100vw, 735px\" \/><\/figure><\/li><\/ul>\n","protected":false},"excerpt":{"rendered":"<p>Szanowni Pa\u0144stwo W dniu 29 marca 2019 roku o godzinie 16.00 w Hotelu Metropolitan w Rzeszowie (ul. S\u0142owackiego 16) odb\u0119dzie si\u0119 Trzynasty Zjazd Sprawozdawczy Podkarpackiej Okr\u0119gowej Izby Architekt\u00f3w. B\u0119d\u0105 w nim uczestniczy\u0107 delegaci wybrani na Czwartym Zje\u017adzie Sprawozdawczo-Wyborczym Podkarpackiej Okr\u0119gowej Izby Architekt\u00f3w. Z powa\u017caniemTeresa Gotkowska Biuro PKOIA RP<\/p>\n","protected":false},"author":7,"featured_media":860,"comment_status":"closed","ping_status":"open","sticky":false,"template":"","format":"standard","meta":{"footnotes":""},"categories":[56],"tags":[],"class_list":["post-3041","post","type-post","status-publish","format-standard","has-post-thumbnail","hentry","category-informacje-rady"],"publishpress_future_action":{"enabled":false,"date":"2026-05-08 14:00:06","action":"change-status","newStatus":"draft","terms":[],"taxonomy":"category","extraData":[]},"publishpress_future_workflow_manual_trigger":{"enabledWorkflows":[]},"_links":{"self":[{"href":"https:\/\/podkarpacka.iarp.pl\/index.php?rest_route=\/wp\/v2\/posts\/3041","targetHints":{"allow":["GET"]}}],"collection":[{"href":"https:\/\/podkarpacka.iarp.pl\/index.php?rest_route=\/wp\/v2\/posts"}],"about":[{"href":"https:\/\/podkarpacka.iarp.pl\/index.php?rest_route=\/wp\/v2\/types\/post"}],"author":[{"embeddable":true,"href":"https:\/\/podkarpacka.iarp.pl\/index.php?rest_route=\/wp\/v2\/users\/7"}],"replies":[{"embeddable":true,"href":"https:\/\/podkarpacka.iarp.pl\/index.php?rest_route=%2Fwp%2Fv2%2Fcomments&post=3041"}],"version-history":[{"count":3,"href":"https:\/\/podkarpacka.iarp.pl\/index.php?rest_route=\/wp\/v2\/posts\/3041\/revisions"}],"predecessor-version":[{"id":3482,"href":"https:\/\/podkarpacka.iarp.pl\/index.php?rest_route=\/wp\/v2\/posts\/3041\/revisions\/3482"}],"wp:featuredmedia":[{"embeddable":true,"href":"https:\/\/podkarpacka.iarp.pl\/index.php?rest_route=\/wp\/v2\/media\/860"}],"wp:attachment":[{"href":"https:\/\/podkarpacka.iarp.pl\/index.php?rest_route=%2Fwp%2Fv2%2Fmedia&parent=3041"}],"wp:term":[{"taxonomy":"category","embeddable":true,"href":"https:\/\/podkarpacka.iarp.pl\/index.php?rest_route=%2Fwp%2Fv2%2Fcategories&post=3041"},{"taxonomy":"post_tag","embeddable":true,"href":"https:\/\/podkarpacka.iarp.pl\/index.php?rest_route=%2Fwp%2Fv2%2Ftags&post=3041"}],"curies":[{"name":"wp","href":"https:\/\/api.w.org\/{rel}","templated":true}]}}