{"id":3498,"date":"2019-03-12T08:39:48","date_gmt":"2019-03-12T06:39:48","guid":{"rendered":"http:\/\/podkarpacka.iarp.pl\/?p=3498"},"modified":"2019-03-17T05:21:58","modified_gmt":"2019-03-17T03:21:58","slug":"22-03-2019-smart-project-building-city","status":"publish","type":"post","link":"https:\/\/podkarpacka.iarp.pl\/?p=3498","title":{"rendered":"[22.03.2019] SMART PROJECT, BUILDING &#038; CITY"},"content":{"rendered":"<p class=\"m_8581596070595390099gmail-m_-4648831939171250639gmail-m_-1709270557629236137gmail-MsoNoSpacing\">Zapraszany serdecznie na niezwykle wydarzenie architektoniczne.<\/p>\n<p class=\"m_8581596070595390099gmail-m_-4648831939171250639gmail-m_-1709270557629236137gmail-MsoNoSpacing\">Wsp\u00f3\u0142organizowane przez Politechnik\u0119 Krakowsk\u0105 oraz Stowarzyszenie Architekt\u00f3w Polskich, Podkarpack\u0105 Okr\u0119gow\u0105 Izb\u0119 Architekt\u00f3w i Podkarpack\u0105 Okr\u0119gow\u0105 Izb\u0119 In\u017cynier\u00f3w Budownictwa.<\/p>\n<p class=\"m_8581596070595390099gmail-m_-4648831939171250639gmail-m_-1709270557629236137gmail-MsoNoSpacing\"><b>Smart Congress: Project, Building &amp; City\u00a0<\/b>odb\u0119dzie si\u0119,\u00a0<b>22 marca br.<\/b>\u00a0w Rzeszowie<\/p>\n<p class=\"m_8581596070595390099gmail-m_-4648831939171250639gmail-m_-1709270557629236137gmail-MsoNoSpacing\">kolejny raz jako jako integralna cz\u0119\u015b\u0107 24 Mi\u0119dzynarodowych Targ\u00f3w Budownictwa.<\/p>\n<p class=\"m_8581596070595390099gmail-m_-4648831939171250639gmail-m_-1709270557629236137gmail-MsoNoSpacing\">Kongres\u00a0 to jest flagowym wydarzeniem bran\u017cowym kongresowo-wystawienniczym na Podkarpaciu. Jest to najwi\u0119ksze wydarzenie o takim charakterze w Polsce wschodniej a podczas najbli\u017cszej edycji zgromadzi:<\/p>\n<ul>\n<li>25 Prelegent\u00f3w znakomitych prelegent\u00f3w<\/li>\n<li>Ponad 200 uczestnik\u00f3w<\/li>\n<li>Ponad 200 wystawc\u00f3w<\/li>\n<li>kilkana\u015bcie tysi\u0119cy zwiedzaj\u0105cych.<\/li>\n<\/ul>\n<p class=\"m_8581596070595390099gmail-m_-4648831939171250639gmail-m_-1709270557629236137gmail-MsoNoSpacing\">Uczestnikami wydarzenia b\u0119d\u0105 m.in.: architekci, deweloperzy, in\u017cynierzy, przedstawiciele gmin i samorz\u0105d\u00f3w, inwestorzy indywidualni oraz naukowcy.<\/p>\n<p class=\"m_8581596070595390099gmail-m_-4648831939171250639gmail-m_-1709270557629236137gmail-MsoNoSpacing\">Naszym celem jest prezentacja najlepszych rozwi\u0105za\u0144 dedykowanych wspomnianym bran\u017com, integracja \u015brodowiska i wymiana do\u015bwiadcze\u0144 przy zaanga\u017cowaniu najlepszych specjalist\u00f3w.<\/p>\n<div>\n<div><b>ABY UZYSKA\u0106 BEZP\u0141ATNE MIEJSCA, WYMAGANA JEST REJESTRACJA<\/b><\/div>\n<h3><a href=\"http:\/\/budownictwo.targirzeszowskie.pl\/pl\/rejestracja-na-kongres\/\"><strong>http:\/\/budownictwo.targirzeszowskie.pl\/pl\/rejestracja-na-kongres\/<\/strong><\/a><\/h3>\n<\/div>\n<div><\/div>\n<div>Kongres zostanie zdominowany przez tematy z zakresu BIM, technologii wykorzystania energii, badania mo\u017cliwo\u015bci wp\u0142ywu OZE na budynki, odzyskiwania energii, zarz\u0105dzania cyklem \u017cycia budynku, miast czy inteligentnych technologie u\u0142atwiaj\u0105ce prac\u0119 na placu budowy. W inteligentnym budownictwie XXI w. niezmiernie wa\u017cny jest zintegrowany system projektowania, kt\u00f3ry przek\u0142ada si\u0119 na nie tylko na sam projekt, realizacj\u0119 , ale przede wszystkim na przysz\u0142y komfort jego u\u017cytkownik\u00f3w.<\/div>\n<div><\/div>\n<div><\/div>\n<div>\n<hr \/>\n<h3><strong>POBIERZ PROGRAM<\/strong><\/h3>\n<\/div>\n<ul>\n<li><strong><a href=\"https:\/\/podkarpacka.iarp.pl\/wp-content\/uploads\/2019\/03\/SMART-CONGRESS-Project-Building-City-Program-2019.pdf\">SMART CONGRESS Project Building City &#8211; Program 2019<\/a><\/strong><\/li>\n<\/ul>\n<div>\n<hr \/>\n<\/div>\n<p><strong>ZAPROSZENIE<\/strong><a href=\"http:\/\/rzeszow.sarp.org.pl\/wp-content\/uploads\/2019\/03\/Zaproszenie-na-Kongres-w-Rzeszowie.jpg\"><img loading=\"lazy\" decoding=\"async\" class=\"aligncenter wp-image-2737 size-large\" src=\"http:\/\/rzeszow.sarp.org.pl\/wp-content\/uploads\/2019\/03\/Zaproszenie-na-Kongres-w-Rzeszowie-1024x1005.jpg\" alt=\"\" width=\"650\" height=\"638\" \/><\/a><\/p>\n<hr \/>\n<hr \/>\n<h3><strong>PROGRAM<a href=\"https:\/\/podkarpacka.iarp.pl\/wp-content\/uploads\/2019\/03\/PROGRAM-KONGRES-SMART-Project-Building-City-1.jpg\"><img loading=\"lazy\" decoding=\"async\" class=\"aligncenter size-large wp-image-3502\" src=\"https:\/\/podkarpacka.iarp.pl\/wp-content\/uploads\/2019\/03\/PROGRAM-KONGRES-SMART-Project-Building-City-1-696x1024.jpg\" alt=\"\" width=\"696\" height=\"1024\" srcset=\"https:\/\/podkarpacka.iarp.pl\/wp-content\/uploads\/2019\/03\/PROGRAM-KONGRES-SMART-Project-Building-City-1-696x1024.jpg 696w, https:\/\/podkarpacka.iarp.pl\/wp-content\/uploads\/2019\/03\/PROGRAM-KONGRES-SMART-Project-Building-City-1-204x300.jpg 204w, https:\/\/podkarpacka.iarp.pl\/wp-content\/uploads\/2019\/03\/PROGRAM-KONGRES-SMART-Project-Building-City-1-768x1130.jpg 768w, https:\/\/podkarpacka.iarp.pl\/wp-content\/uploads\/2019\/03\/PROGRAM-KONGRES-SMART-Project-Building-City-1.jpg 1679w\" sizes=\"auto, (max-width: 696px) 100vw, 696px\" \/><\/a><a href=\"https:\/\/podkarpacka.iarp.pl\/wp-content\/uploads\/2019\/03\/PROGRAM-KONGRES-SMART-Project-Building-City-2.jpg\"><img loading=\"lazy\" decoding=\"async\" class=\"aligncenter size-large wp-image-3503\" src=\"https:\/\/podkarpacka.iarp.pl\/wp-content\/uploads\/2019\/03\/PROGRAM-KONGRES-SMART-Project-Building-City-2-712x1024.jpg\" alt=\"\" width=\"712\" height=\"1024\" srcset=\"https:\/\/podkarpacka.iarp.pl\/wp-content\/uploads\/2019\/03\/PROGRAM-KONGRES-SMART-Project-Building-City-2-712x1024.jpg 712w, https:\/\/podkarpacka.iarp.pl\/wp-content\/uploads\/2019\/03\/PROGRAM-KONGRES-SMART-Project-Building-City-2-209x300.jpg 209w, https:\/\/podkarpacka.iarp.pl\/wp-content\/uploads\/2019\/03\/PROGRAM-KONGRES-SMART-Project-Building-City-2-768x1105.jpg 768w, https:\/\/podkarpacka.iarp.pl\/wp-content\/uploads\/2019\/03\/PROGRAM-KONGRES-SMART-Project-Building-City-2.jpg 1677w\" sizes=\"auto, (max-width: 712px) 100vw, 712px\" \/><\/a><a href=\"https:\/\/podkarpacka.iarp.pl\/wp-content\/uploads\/2019\/03\/PROGRAM-KONGRES-SMART-Project-Building-City-3.jpg\"><img loading=\"lazy\" decoding=\"async\" class=\"aligncenter size-large wp-image-3504\" src=\"https:\/\/podkarpacka.iarp.pl\/wp-content\/uploads\/2019\/03\/PROGRAM-KONGRES-SMART-Project-Building-City-3-696x1024.jpg\" alt=\"\" width=\"696\" height=\"1024\" srcset=\"https:\/\/podkarpacka.iarp.pl\/wp-content\/uploads\/2019\/03\/PROGRAM-KONGRES-SMART-Project-Building-City-3-696x1024.jpg 696w, https:\/\/podkarpacka.iarp.pl\/wp-content\/uploads\/2019\/03\/PROGRAM-KONGRES-SMART-Project-Building-City-3-204x300.jpg 204w, https:\/\/podkarpacka.iarp.pl\/wp-content\/uploads\/2019\/03\/PROGRAM-KONGRES-SMART-Project-Building-City-3-768x1129.jpg 768w, https:\/\/podkarpacka.iarp.pl\/wp-content\/uploads\/2019\/03\/PROGRAM-KONGRES-SMART-Project-Building-City-3.jpg 1675w\" sizes=\"auto, (max-width: 696px) 100vw, 696px\" \/><\/a><\/strong><\/h3>\n<hr \/>\n<p><a href=\"https:\/\/podkarpacka.iarp.pl\/wp-content\/uploads\/2019\/03\/Plakat-kongres-Smart-PBC-2019.jpg\"><img loading=\"lazy\" decoding=\"async\" class=\"aligncenter size-large wp-image-3510\" src=\"https:\/\/podkarpacka.iarp.pl\/wp-content\/uploads\/2019\/03\/Plakat-kongres-Smart-PBC-2019-1024x724.jpg\" alt=\"\" width=\"770\" height=\"544\" srcset=\"https:\/\/podkarpacka.iarp.pl\/wp-content\/uploads\/2019\/03\/Plakat-kongres-Smart-PBC-2019-1024x724.jpg 1024w, https:\/\/podkarpacka.iarp.pl\/wp-content\/uploads\/2019\/03\/Plakat-kongres-Smart-PBC-2019-300x212.jpg 300w, https:\/\/podkarpacka.iarp.pl\/wp-content\/uploads\/2019\/03\/Plakat-kongres-Smart-PBC-2019-768x543.jpg 768w, https:\/\/podkarpacka.iarp.pl\/wp-content\/uploads\/2019\/03\/Plakat-kongres-Smart-PBC-2019.jpg 1753w\" sizes=\"auto, (max-width: 770px) 100vw, 770px\" \/><\/a><\/p>\n","protected":false},"excerpt":{"rendered":"<p>Zapraszany serdecznie na niezwykle wydarzenie architektoniczne. Wsp\u00f3\u0142organizowane przez Politechnik\u0119 Krakowsk\u0105 oraz Stowarzyszenie Architekt\u00f3w Polskich, Podkarpack\u0105 Okr\u0119gow\u0105 Izb\u0119 Architekt\u00f3w i Podkarpack\u0105 Okr\u0119gow\u0105 Izb\u0119 In\u017cynier\u00f3w Budownictwa. Smart Congress: Project, Building &amp; City\u00a0odb\u0119dzie si\u0119,\u00a022 marca br.\u00a0w Rzeszowie kolejny raz jako jako integralna cz\u0119\u015b\u0107 24 Mi\u0119dzynarodowych Targ\u00f3w Budownictwa. Kongres\u00a0 to jest flagowym wydarzeniem bran\u017cowym kongresowo-wystawienniczym na Podkarpaciu. Jest to [&hellip;]<\/p>\n","protected":false},"author":7,"featured_media":3500,"comment_status":"closed","ping_status":"open","sticky":false,"template":"","format":"standard","meta":{"footnotes":""},"categories":[56],"tags":[],"class_list":["post-3498","post","type-post","status-publish","format-standard","has-post-thumbnail","hentry","category-informacje-rady"],"publishpress_future_action":{"enabled":false,"date":"2026-05-08 13:56:20","action":"change-status","newStatus":"draft","terms":[],"taxonomy":"category","extraData":[]},"publishpress_future_workflow_manual_trigger":{"enabledWorkflows":[]},"_links":{"self":[{"href":"https:\/\/podkarpacka.iarp.pl\/index.php?rest_route=\/wp\/v2\/posts\/3498","targetHints":{"allow":["GET"]}}],"collection":[{"href":"https:\/\/podkarpacka.iarp.pl\/index.php?rest_route=\/wp\/v2\/posts"}],"about":[{"href":"https:\/\/podkarpacka.iarp.pl\/index.php?rest_route=\/wp\/v2\/types\/post"}],"author":[{"embeddable":true,"href":"https:\/\/podkarpacka.iarp.pl\/index.php?rest_route=\/wp\/v2\/users\/7"}],"replies":[{"embeddable":true,"href":"https:\/\/podkarpacka.iarp.pl\/index.php?rest_route=%2Fwp%2Fv2%2Fcomments&post=3498"}],"version-history":[{"count":7,"href":"https:\/\/podkarpacka.iarp.pl\/index.php?rest_route=\/wp\/v2\/posts\/3498\/revisions"}],"predecessor-version":[{"id":3511,"href":"https:\/\/podkarpacka.iarp.pl\/index.php?rest_route=\/wp\/v2\/posts\/3498\/revisions\/3511"}],"wp:featuredmedia":[{"embeddable":true,"href":"https:\/\/podkarpacka.iarp.pl\/index.php?rest_route=\/wp\/v2\/media\/3500"}],"wp:attachment":[{"href":"https:\/\/podkarpacka.iarp.pl\/index.php?rest_route=%2Fwp%2Fv2%2Fmedia&parent=3498"}],"wp:term":[{"taxonomy":"category","embeddable":true,"href":"https:\/\/podkarpacka.iarp.pl\/index.php?rest_route=%2Fwp%2Fv2%2Fcategories&post=3498"},{"taxonomy":"post_tag","embeddable":true,"href":"https:\/\/podkarpacka.iarp.pl\/index.php?rest_route=%2Fwp%2Fv2%2Ftags&post=3498"}],"curies":[{"name":"wp","href":"https:\/\/api.w.org\/{rel}","templated":true}]}}