{"id":3541,"date":"2019-03-20T21:04:22","date_gmt":"2019-03-20T19:04:22","guid":{"rendered":"http:\/\/podkarpacka.iarp.pl\/?p=3541"},"modified":"2019-03-20T21:22:46","modified_gmt":"2019-03-20T19:22:46","slug":"ppa-zaproszenie-podkarpacki-przeglad-architektury-2015-2017","status":"publish","type":"post","link":"https:\/\/podkarpacka.iarp.pl\/?p=3541","title":{"rendered":"Wystawa i Rozdanie Nagr\u00f3d-PPA-PODKARPACKI PRZEGL\u0104D ARCHITEKTURY 2015-2017"},"content":{"rendered":"<p style=\"text-align: center;\"><strong>Szanowne Kole\u017canki i Szanowni Koledzy,<\/strong><\/p>\n<p style=\"text-align: center;\"><a href=\"http:\/\/rzeszow.sarp.org.pl\/\">STOWARZYSZENIE ARCHITEKT\u00d3W POLSKICH ODDZIA\u0141 RZESZ\u00d3W<\/a><br \/>\noraz<br \/>\nPODKARPACKA OKR\u0118GOWA IZBA ARCHITEKT\u00d3W<br \/>\nRZECZPOSPOLITEJ POLSKIEJ<\/p>\n<p style=\"text-align: center;\">serdecznie zapraszaj\u0105 na uroczyste otwarcie<\/p>\n<p style=\"text-align: center;\"><strong>wystawy<\/strong><br \/>\n<strong>oraz wr\u0119czenie nagr\u00f3d w konkursie:<\/strong><\/p>\n<p style=\"text-align: center;\">PODKARPACKIEGO PRZEGL\u0104DU ARCHITEKTURY 2015-2017<\/p>\n<p style=\"text-align: center;\"><strong>22 marca 2019r. godz. 17:15 HALA PODPROMIE<\/strong><\/p>\n<p style=\"text-align: center;\">ca\u0142\u0105 wystaw\u0119 mo\u017cna obejrze\u0107 w ramach <a href=\"http:\/\/budownictwo.targirzeszowskie.pl\/pl\/\">TARG\u00d3W BUDOWNICTWA<\/a><br \/>\nw dniach 22-24 marca 2019r.<\/p>\n<p><a href=\"https:\/\/podkarpacka.iarp.pl\/wp-content\/uploads\/2019\/03\/ppa.png\"><img loading=\"lazy\" decoding=\"async\" class=\"size-large wp-image-3551 aligncenter\" src=\"https:\/\/podkarpacka.iarp.pl\/wp-content\/uploads\/2019\/03\/ppa-1024x154.png\" alt=\"\" width=\"770\" height=\"116\" srcset=\"https:\/\/podkarpacka.iarp.pl\/wp-content\/uploads\/2019\/03\/ppa-1024x154.png 1024w, https:\/\/podkarpacka.iarp.pl\/wp-content\/uploads\/2019\/03\/ppa-300x45.png 300w, https:\/\/podkarpacka.iarp.pl\/wp-content\/uploads\/2019\/03\/ppa-768x116.png 768w\" sizes=\"auto, (max-width: 770px) 100vw, 770px\" \/><\/a><\/p>\n","protected":false},"excerpt":{"rendered":"<p>Szanowne Kole\u017canki i Szanowni Koledzy, STOWARZYSZENIE ARCHITEKT\u00d3W POLSKICH ODDZIA\u0141 RZESZ\u00d3W oraz PODKARPACKA OKR\u0118GOWA IZBA ARCHITEKT\u00d3W RZECZPOSPOLITEJ POLSKIEJ serdecznie zapraszaj\u0105 na uroczyste otwarcie wystawy oraz wr\u0119czenie nagr\u00f3d w konkursie: PODKARPACKIEGO PRZEGL\u0104DU ARCHITEKTURY 2015-2017 22 marca 2019r. godz. 17:15 HALA PODPROMIE ca\u0142\u0105 wystaw\u0119 mo\u017cna obejrze\u0107 w ramach TARG\u00d3W BUDOWNICTWA w dniach 22-24 marca 2019r.<\/p>\n","protected":false},"author":7,"featured_media":3550,"comment_status":"closed","ping_status":"open","sticky":false,"template":"","format":"standard","meta":{"footnotes":""},"categories":[69,62,61],"tags":[],"class_list":["post-3541","post","type-post","status-publish","format-standard","has-post-thumbnail","hentry","category-aktualnosci","category-konkursy","category-wystawy"],"publishpress_future_action":{"enabled":false,"date":"2026-05-05 04:37:18","action":"change-status","newStatus":"draft","terms":[],"taxonomy":"category","extraData":[]},"publishpress_future_workflow_manual_trigger":{"enabledWorkflows":[]},"_links":{"self":[{"href":"https:\/\/podkarpacka.iarp.pl\/index.php?rest_route=\/wp\/v2\/posts\/3541","targetHints":{"allow":["GET"]}}],"collection":[{"href":"https:\/\/podkarpacka.iarp.pl\/index.php?rest_route=\/wp\/v2\/posts"}],"about":[{"href":"https:\/\/podkarpacka.iarp.pl\/index.php?rest_route=\/wp\/v2\/types\/post"}],"author":[{"embeddable":true,"href":"https:\/\/podkarpacka.iarp.pl\/index.php?rest_route=\/wp\/v2\/users\/7"}],"replies":[{"embeddable":true,"href":"https:\/\/podkarpacka.iarp.pl\/index.php?rest_route=%2Fwp%2Fv2%2Fcomments&post=3541"}],"version-history":[{"count":5,"href":"https:\/\/podkarpacka.iarp.pl\/index.php?rest_route=\/wp\/v2\/posts\/3541\/revisions"}],"predecessor-version":[{"id":3552,"href":"https:\/\/podkarpacka.iarp.pl\/index.php?rest_route=\/wp\/v2\/posts\/3541\/revisions\/3552"}],"wp:featuredmedia":[{"embeddable":true,"href":"https:\/\/podkarpacka.iarp.pl\/index.php?rest_route=\/wp\/v2\/media\/3550"}],"wp:attachment":[{"href":"https:\/\/podkarpacka.iarp.pl\/index.php?rest_route=%2Fwp%2Fv2%2Fmedia&parent=3541"}],"wp:term":[{"taxonomy":"category","embeddable":true,"href":"https:\/\/podkarpacka.iarp.pl\/index.php?rest_route=%2Fwp%2Fv2%2Fcategories&post=3541"},{"taxonomy":"post_tag","embeddable":true,"href":"https:\/\/podkarpacka.iarp.pl\/index.php?rest_route=%2Fwp%2Fv2%2Ftags&post=3541"}],"curies":[{"name":"wp","href":"https:\/\/api.w.org\/{rel}","templated":true}]}}