{"id":3553,"date":"2019-03-27T19:01:15","date_gmt":"2019-03-27T17:01:15","guid":{"rendered":"http:\/\/podkarpacka.iarp.pl\/?p=3553"},"modified":"2019-04-29T21:06:02","modified_gmt":"2019-04-29T19:06:02","slug":"wyniki-konkursu-podkarpacki-przeglad-architektury","status":"publish","type":"post","link":"https:\/\/podkarpacka.iarp.pl\/?p=3553","title":{"rendered":"Wyniki Konkursu PPA &#8211; Podkarpacki Przegl\u0105d Architektury 2015-2017"},"content":{"rendered":"<p style=\"text-align: center;\">Szanowne Kole\u017canki, Szanowni Koledzy.<\/p>\n<p style=\"text-align: center;\">22 marca 2019r. o godzinie 17:15 w Rzeszowie na Hali Podpromie odby\u0142o si\u0119 uroczyste wr\u0119czenie nagr\u00f3d uczestnikom Podkarpackiego Przegl\u0105du Architektury 2015-2017<\/p>\n<p style=\"text-align: center;\">Dzi\u0119kujemy za liczne przybycie i wzi\u0119cie udzia\u0142u w uroczystej Gali.<br \/>\nZwyci\u0119zcom gratulujemy.<\/p>\n<ul>\n<li><strong>I nagroda PPA w kategorii Obiekty mieszkaniowe w zabudowie wielorodzinnej:<\/strong>\n<ul>\n<li>ITP Architekci &#8211; Tomasz Kud\u0142a Piotr Rze\u017awicki Izabela Kud\u0142a Iwona Sitarz<\/li>\n<li>za budynek mieszkalny wielorodzinny przy ul. Strzelniczej w Rzeszowie<\/li>\n<li><strong><span style=\"text-decoration: underline;\"><a href=\"https:\/\/podkarpacka.iarp.pl\/wp-content\/uploads\/2019\/03\/I-nagroda-PPA-w-kategorii-Obiekty-mieszkaniowe-w-zabudowie-wielorodzinnej.pdf\">Uzasadnienie<\/a><\/span><a href=\"https:\/\/podkarpacka.iarp.pl\/wp-content\/uploads\/2019\/03\/1.jpg\"><img loading=\"lazy\" decoding=\"async\" class=\"size-large wp-image-3555 aligncenter\" src=\"https:\/\/podkarpacka.iarp.pl\/wp-content\/uploads\/2019\/03\/1-717x1024.jpg\" alt=\"\" width=\"717\" height=\"1024\" srcset=\"https:\/\/podkarpacka.iarp.pl\/wp-content\/uploads\/2019\/03\/1-717x1024.jpg 717w, https:\/\/podkarpacka.iarp.pl\/wp-content\/uploads\/2019\/03\/1-210x300.jpg 210w, https:\/\/podkarpacka.iarp.pl\/wp-content\/uploads\/2019\/03\/1-768x1097.jpg 768w, https:\/\/podkarpacka.iarp.pl\/wp-content\/uploads\/2019\/03\/1.jpg 1500w\" sizes=\"auto, (max-width: 717px) 100vw, 717px\" \/><\/a><\/strong><\/li>\n<\/ul>\n<\/li>\n<\/ul>\n<ul>\n<li><strong>I nagroda PPA w kategorii Obiekt\u00f3w zwi\u0105zanych z ochron\u0105 zabytk\u00f3w<\/strong>\n<ul>\n<li>Zesp\u00f3\u0142 projektowy: Adam Cwanek, Bart\u0142omiej Cie\u015bla Tomasz \u017belazko<\/li>\n<li>za rewaloryzacj\u0119 Willi Zacisze w Mielcu<\/li>\n<li><span style=\"text-decoration: underline;\"><strong><a href=\"https:\/\/podkarpacka.iarp.pl\/wp-content\/uploads\/2019\/03\/I-nagroda-PPA-w-kategorii-Obiekt\u00f3w-zwi\u0105zanych-z-ochron\u0105-zabytk\u00f3w.pdf\">Uzasadnienie<\/a><\/strong><\/span><\/li>\n<\/ul>\n<\/li>\n<\/ul>\n<p><a href=\"https:\/\/podkarpacka.iarp.pl\/wp-content\/uploads\/2019\/03\/P1.jpg\"><img loading=\"lazy\" decoding=\"async\" class=\"size-large wp-image-3701 aligncenter\" src=\"https:\/\/podkarpacka.iarp.pl\/wp-content\/uploads\/2019\/03\/P1-718x1024.jpg\" alt=\"\" width=\"718\" height=\"1024\" srcset=\"https:\/\/podkarpacka.iarp.pl\/wp-content\/uploads\/2019\/03\/P1-718x1024.jpg 718w, https:\/\/podkarpacka.iarp.pl\/wp-content\/uploads\/2019\/03\/P1-210x300.jpg 210w, https:\/\/podkarpacka.iarp.pl\/wp-content\/uploads\/2019\/03\/P1-768x1095.jpg 768w\" sizes=\"auto, (max-width: 718px) 100vw, 718px\" \/><\/a><\/p>\n<ul>\n<li><strong>I nagroda PPA w kategorii Obiekty przemys\u0142owych i infrastrukturalnych:<\/strong>\n<ul>\n<li>ARCHIT studio &#8211; \u015awi\u0119ci\u0144ski ARCHITEKCI &#8211; Zbigniew \u015awi\u0119ci\u0144ski, Renata \u015awi\u0119ci\u0144ska<\/li>\n<li>za budynek produkcyjny firmy EKOLOT w Szczepa\u0144cowej<\/li>\n<li><strong><span style=\"text-decoration: underline;\"><a href=\"https:\/\/podkarpacka.iarp.pl\/wp-content\/uploads\/2019\/03\/I-nagroda-PPA-w-kategorii-Obiekt\u00f3w-przemys\u0142owych-i-infrastrukturalnych.pdf\">Uzasadnienie<\/a><\/span><a href=\"https:\/\/podkarpacka.iarp.pl\/wp-content\/uploads\/2019\/03\/61.jpg\"><img loading=\"lazy\" decoding=\"async\" class=\"size-large wp-image-3559 aligncenter\" src=\"https:\/\/podkarpacka.iarp.pl\/wp-content\/uploads\/2019\/03\/61-717x1024.jpg\" alt=\"\" width=\"717\" height=\"1024\" srcset=\"https:\/\/podkarpacka.iarp.pl\/wp-content\/uploads\/2019\/03\/61-717x1024.jpg 717w, https:\/\/podkarpacka.iarp.pl\/wp-content\/uploads\/2019\/03\/61-210x300.jpg 210w, https:\/\/podkarpacka.iarp.pl\/wp-content\/uploads\/2019\/03\/61-768x1097.jpg 768w, https:\/\/podkarpacka.iarp.pl\/wp-content\/uploads\/2019\/03\/61.jpg 1500w\" sizes=\"auto, (max-width: 717px) 100vw, 717px\" \/><\/a>GRAND PRIX i I nagroda PPA w kategorii Obiekty u\u017cyteczno\u015bci publicznej:<\/strong>\n<ul>\n<li>Jakub Mago\u0144 Pracownia Architektoniczna z Lubaczowa<\/li>\n<li>za budynek Banku Sp\u00f3\u0142dzielczego w Lubaczowie oddzia\u0142 w Oleszycach<\/li>\n<li><strong><span style=\"text-decoration: underline;\"><a href=\"https:\/\/podkarpacka.iarp.pl\/wp-content\/uploads\/2019\/03\/I-Nagroda-PPA-w-kategorii-Obiekty-u\u017cyteczno\u015bci-publicznej.pdf\">Uzasanienie<\/a><\/span><a href=\"https:\/\/podkarpacka.iarp.pl\/wp-content\/uploads\/2019\/03\/7.jpg\"><br \/>\n<img loading=\"lazy\" decoding=\"async\" class=\"size-large wp-image-3557 aligncenter\" src=\"https:\/\/podkarpacka.iarp.pl\/wp-content\/uploads\/2019\/03\/7-717x1024.jpg\" alt=\"\" width=\"717\" height=\"1024\" srcset=\"https:\/\/podkarpacka.iarp.pl\/wp-content\/uploads\/2019\/03\/7-717x1024.jpg 717w, https:\/\/podkarpacka.iarp.pl\/wp-content\/uploads\/2019\/03\/7-210x300.jpg 210w, https:\/\/podkarpacka.iarp.pl\/wp-content\/uploads\/2019\/03\/7-768x1097.jpg 768w, https:\/\/podkarpacka.iarp.pl\/wp-content\/uploads\/2019\/03\/7.jpg 1500w\" sizes=\"auto, (max-width: 717px) 100vw, 717px\" \/><\/a><\/strong><\/li>\n<\/ul>\n<\/li>\n<\/ul>\n<\/li>\n<\/ul>\n<ul>\n<li><strong>I nagroda ex equo PPA w kategorii Dom\u00f3w mieszkalnych jednorodzinnych:<\/strong>\n<ul>\n<li>ITP Architekci &#8211; Tomasz Kud\u0142a Piotr Rze\u017awicki Izabela Kud\u0142a Iwona Sitarz<\/li>\n<li>za budynek mieszkalny jednorodzinny w Mi\u0142ocinie<\/li>\n<li><strong><span style=\"text-decoration: underline;\"><a href=\"https:\/\/podkarpacka.iarp.pl\/wp-content\/uploads\/2019\/03\/Ia-nagroda-ex-equo-PPA-w-kategorii-Dom\u00f3w-mieszkalnych-jednorodzinnych.pdf\">Uzasadnienie<\/a><\/span><a href=\"https:\/\/podkarpacka.iarp.pl\/wp-content\/uploads\/2019\/03\/8.jpg\"><img loading=\"lazy\" decoding=\"async\" class=\"size-large wp-image-3560 aligncenter\" src=\"https:\/\/podkarpacka.iarp.pl\/wp-content\/uploads\/2019\/03\/8-717x1024.jpg\" alt=\"\" width=\"717\" height=\"1024\" srcset=\"https:\/\/podkarpacka.iarp.pl\/wp-content\/uploads\/2019\/03\/8-717x1024.jpg 717w, https:\/\/podkarpacka.iarp.pl\/wp-content\/uploads\/2019\/03\/8-210x300.jpg 210w, https:\/\/podkarpacka.iarp.pl\/wp-content\/uploads\/2019\/03\/8-768x1097.jpg 768w, https:\/\/podkarpacka.iarp.pl\/wp-content\/uploads\/2019\/03\/8.jpg 1500w\" sizes=\"auto, (max-width: 717px) 100vw, 717px\" \/><\/a><\/strong><\/li>\n<\/ul>\n<\/li>\n<\/ul>\n<ul>\n<li><strong>I nagroda ex equo PPA w kategorii Dom\u00f3w mieszkalnych jednorodzinnych:<\/strong>\n<ul>\n<li>ARCONT &#8211; Robert Pelc Magdalena Pelc Bartosz Pelc<\/li>\n<li>za budynek mieszkalny jednorodzinny przy ul. Mi\u0142oci\u0144skiej w Rzeszowie<\/li>\n<li><span style=\"text-decoration: underline;\"><strong><a href=\"https:\/\/podkarpacka.iarp.pl\/wp-content\/uploads\/2019\/03\/Ib-nagroda-ex-equo-PPA-w-kategorii-Dom\u00f3w-mieszkalnych-jednorodzinnych.pdf\">Uzasadnienie<\/a><\/strong><\/span><\/li>\n<\/ul>\n<\/li>\n<\/ul>\n<p><a href=\"https:\/\/podkarpacka.iarp.pl\/wp-content\/uploads\/2019\/03\/2.jpg\"><img loading=\"lazy\" decoding=\"async\" class=\"size-large wp-image-3554 aligncenter\" src=\"https:\/\/podkarpacka.iarp.pl\/wp-content\/uploads\/2019\/03\/2-722x1024.jpg\" alt=\"\" width=\"722\" height=\"1024\" srcset=\"https:\/\/podkarpacka.iarp.pl\/wp-content\/uploads\/2019\/03\/2-722x1024.jpg 722w, https:\/\/podkarpacka.iarp.pl\/wp-content\/uploads\/2019\/03\/2-212x300.jpg 212w, https:\/\/podkarpacka.iarp.pl\/wp-content\/uploads\/2019\/03\/2-768x1089.jpg 768w, https:\/\/podkarpacka.iarp.pl\/wp-content\/uploads\/2019\/03\/2.jpg 1500w\" sizes=\"auto, (max-width: 722px) 100vw, 722px\" \/><\/a><\/p>\n<p>&nbsp;<\/p>\n<p style=\"text-align: center;\">Zapraszamy do ogl\u0105dania Wystawy wszystkich projekt\u00f3w bior\u0105cych udzia\u0142 w PPA. Wystawa dost\u0119pna i jest w siedzibie IARP w Rzeszowie, Rynek 8.<\/p>\n","protected":false},"excerpt":{"rendered":"<p>Szanowne Kole\u017canki, Szanowni Koledzy. 22 marca 2019r. o godzinie 17:15 w Rzeszowie na Hali Podpromie odby\u0142o si\u0119 uroczyste wr\u0119czenie nagr\u00f3d uczestnikom Podkarpackiego Przegl\u0105du Architektury 2015-2017 Dzi\u0119kujemy za liczne przybycie i wzi\u0119cie udzia\u0142u w uroczystej Gali. Zwyci\u0119zcom gratulujemy. I nagroda PPA w kategorii Obiekty mieszkaniowe w zabudowie wielorodzinnej: ITP Architekci &#8211; Tomasz Kud\u0142a Piotr Rze\u017awicki Izabela [&hellip;]<\/p>\n","protected":false},"author":7,"featured_media":3550,"comment_status":"closed","ping_status":"open","sticky":false,"template":"","format":"standard","meta":{"footnotes":""},"categories":[69,62,55,61],"tags":[],"class_list":["post-3553","post","type-post","status-publish","format-standard","has-post-thumbnail","hentry","category-aktualnosci","category-konkursy","category-wydarzenia","category-wystawy"],"publishpress_future_action":{"enabled":false,"date":"2026-05-05 15:23:25","action":"change-status","newStatus":"draft","terms":[],"taxonomy":"category","extraData":[]},"publishpress_future_workflow_manual_trigger":{"enabledWorkflows":[]},"_links":{"self":[{"href":"https:\/\/podkarpacka.iarp.pl\/index.php?rest_route=\/wp\/v2\/posts\/3553","targetHints":{"allow":["GET"]}}],"collection":[{"href":"https:\/\/podkarpacka.iarp.pl\/index.php?rest_route=\/wp\/v2\/posts"}],"about":[{"href":"https:\/\/podkarpacka.iarp.pl\/index.php?rest_route=\/wp\/v2\/types\/post"}],"author":[{"embeddable":true,"href":"https:\/\/podkarpacka.iarp.pl\/index.php?rest_route=\/wp\/v2\/users\/7"}],"replies":[{"embeddable":true,"href":"https:\/\/podkarpacka.iarp.pl\/index.php?rest_route=%2Fwp%2Fv2%2Fcomments&post=3553"}],"version-history":[{"count":9,"href":"https:\/\/podkarpacka.iarp.pl\/index.php?rest_route=\/wp\/v2\/posts\/3553\/revisions"}],"predecessor-version":[{"id":3703,"href":"https:\/\/podkarpacka.iarp.pl\/index.php?rest_route=\/wp\/v2\/posts\/3553\/revisions\/3703"}],"wp:featuredmedia":[{"embeddable":true,"href":"https:\/\/podkarpacka.iarp.pl\/index.php?rest_route=\/wp\/v2\/media\/3550"}],"wp:attachment":[{"href":"https:\/\/podkarpacka.iarp.pl\/index.php?rest_route=%2Fwp%2Fv2%2Fmedia&parent=3553"}],"wp:term":[{"taxonomy":"category","embeddable":true,"href":"https:\/\/podkarpacka.iarp.pl\/index.php?rest_route=%2Fwp%2Fv2%2Fcategories&post=3553"},{"taxonomy":"post_tag","embeddable":true,"href":"https:\/\/podkarpacka.iarp.pl\/index.php?rest_route=%2Fwp%2Fv2%2Ftags&post=3553"}],"curies":[{"name":"wp","href":"https:\/\/api.w.org\/{rel}","templated":true}]}}