{"id":3565,"date":"2019-03-26T10:12:23","date_gmt":"2019-03-26T08:12:23","guid":{"rendered":"http:\/\/podkarpacka.iarp.pl\/?p=3565"},"modified":"2019-03-28T00:29:54","modified_gmt":"2019-03-27T22:29:54","slug":"3565","status":"publish","type":"post","link":"https:\/\/podkarpacka.iarp.pl\/?p=3565","title":{"rendered":"FOTOREALACJA: DEBATA ARCHITEKTONICZNA SMART PROJECT, BUILDING &#038; CITY"},"content":{"rendered":"<p>22 marca 2019r. o godzinie 17:15 w Rzeszowie na Hali Podpromie odby\u0142a si\u0119 niezwyk\u0142a debata Architektoniczna w ramach kongresu SMART PROJECT, BUILDING &amp; CITY.<\/p>\n<p><em>fot. Mariusz Tulutki, fot. Kamil Tylutki , arch. Maciej Jamro\u017cy<\/em><\/p>\n<p><a href=\"http:\/\/rzeszow.sarp.org.pl\/wp-content\/uploads\/2019\/03\/KongresPBC19-SmartProjectBuildingCity-Rzeszow-177-1.jpg\"><img loading=\"lazy\" decoding=\"async\" class=\"aligncenter size-large wp-image-2877\" src=\"http:\/\/rzeszow.sarp.org.pl\/wp-content\/uploads\/2019\/03\/KongresPBC19-SmartProjectBuildingCity-Rzeszow-177-1-1024x682.jpg\" alt=\"\" width=\"650\" height=\"433\" \/><\/a> <a href=\"http:\/\/rzeszow.sarp.org.pl\/wp-content\/uploads\/2019\/03\/KongresPBC19-SmartProjectBuildingCity-Rzeszow-178-1.jpg\"><img loading=\"lazy\" decoding=\"async\" class=\"aligncenter size-large wp-image-2878\" src=\"http:\/\/rzeszow.sarp.org.pl\/wp-content\/uploads\/2019\/03\/KongresPBC19-SmartProjectBuildingCity-Rzeszow-178-1-1024x682.jpg\" alt=\"\" width=\"650\" height=\"433\" \/><\/a> <a href=\"http:\/\/rzeszow.sarp.org.pl\/wp-content\/uploads\/2019\/03\/KongresPBC19-SmartProjectBuildingCity-Rzeszow-180-1.jpg\"><img loading=\"lazy\" decoding=\"async\" class=\"aligncenter size-large wp-image-2879\" src=\"http:\/\/rzeszow.sarp.org.pl\/wp-content\/uploads\/2019\/03\/KongresPBC19-SmartProjectBuildingCity-Rzeszow-180-1-1024x682.jpg\" alt=\"\" width=\"650\" height=\"433\" \/><\/a><a href=\"http:\/\/rzeszow.sarp.org.pl\/wp-content\/uploads\/2019\/03\/KongresPBC19-SmartProjectBuildingCity-Rzeszow-00.jpg\"><img loading=\"lazy\" decoding=\"async\" class=\"aligncenter size-large wp-image-2876\" src=\"http:\/\/rzeszow.sarp.org.pl\/wp-content\/uploads\/2019\/03\/KongresPBC19-SmartProjectBuildingCity-Rzeszow-00-1024x488.jpg\" alt=\"\" width=\"650\" height=\"310\" \/><\/a> <a href=\"http:\/\/rzeszow.sarp.org.pl\/wp-content\/uploads\/2019\/03\/KongresPBC19-SmartProjectBuildingCity-Rzeszow-182-1.jpg\"><img loading=\"lazy\" decoding=\"async\" class=\"aligncenter size-large wp-image-2880\" src=\"http:\/\/rzeszow.sarp.org.pl\/wp-content\/uploads\/2019\/03\/KongresPBC19-SmartProjectBuildingCity-Rzeszow-182-1-1024x682.jpg\" alt=\"\" width=\"650\" height=\"433\" \/><\/a> <a href=\"http:\/\/rzeszow.sarp.org.pl\/wp-content\/uploads\/2019\/03\/KongresPBC19-SmartProjectBuildingCity-Rzeszow-184-1.jpg\"><img loading=\"lazy\" decoding=\"async\" class=\"aligncenter size-large wp-image-2881\" src=\"http:\/\/rzeszow.sarp.org.pl\/wp-content\/uploads\/2019\/03\/KongresPBC19-SmartProjectBuildingCity-Rzeszow-184-1-1024x682.jpg\" alt=\"\" width=\"650\" height=\"433\" \/><\/a> <a href=\"http:\/\/rzeszow.sarp.org.pl\/wp-content\/uploads\/2019\/03\/KongresPBC19-SmartProjectBuildingCity-Rzeszow-185-1.jpg\"><img loading=\"lazy\" decoding=\"async\" class=\"aligncenter size-large wp-image-2882\" src=\"http:\/\/rzeszow.sarp.org.pl\/wp-content\/uploads\/2019\/03\/KongresPBC19-SmartProjectBuildingCity-Rzeszow-185-1-1024x682.jpg\" alt=\"\" width=\"650\" height=\"433\" \/><\/a> <a href=\"http:\/\/rzeszow.sarp.org.pl\/wp-content\/uploads\/2019\/03\/KongresPBC19-SmartProjectBuildingCity-Rzeszow-187-1.jpg\"><img loading=\"lazy\" decoding=\"async\" class=\"aligncenter size-large wp-image-2883\" src=\"http:\/\/rzeszow.sarp.org.pl\/wp-content\/uploads\/2019\/03\/KongresPBC19-SmartProjectBuildingCity-Rzeszow-187-1-1024x682.jpg\" alt=\"\" width=\"650\" height=\"433\" \/><\/a> <a href=\"http:\/\/rzeszow.sarp.org.pl\/wp-content\/uploads\/2019\/03\/KongresPBC19-SmartProjectBuildingCity-Rzeszow-188-1.jpg\"><img loading=\"lazy\" decoding=\"async\" class=\"aligncenter size-large wp-image-2884\" src=\"http:\/\/rzeszow.sarp.org.pl\/wp-content\/uploads\/2019\/03\/KongresPBC19-SmartProjectBuildingCity-Rzeszow-188-1-1024x682.jpg\" alt=\"\" width=\"650\" height=\"433\" \/><\/a> <a href=\"http:\/\/rzeszow.sarp.org.pl\/wp-content\/uploads\/2019\/03\/KongresPBC19-SmartProjectBuildingCity-Rzeszow-192a.jpg\"><img loading=\"lazy\" decoding=\"async\" class=\"aligncenter size-large wp-image-2885\" src=\"http:\/\/rzeszow.sarp.org.pl\/wp-content\/uploads\/2019\/03\/KongresPBC19-SmartProjectBuildingCity-Rzeszow-192a-1024x682.jpg\" alt=\"\" width=\"650\" height=\"433\" \/><\/a> <a href=\"http:\/\/rzeszow.sarp.org.pl\/wp-content\/uploads\/2019\/03\/KongresPBC19-SmartProjectBuildingCity-Rzeszow-193-1.jpg\"><img loading=\"lazy\" decoding=\"async\" class=\"aligncenter size-large wp-image-2886\" src=\"http:\/\/rzeszow.sarp.org.pl\/wp-content\/uploads\/2019\/03\/KongresPBC19-SmartProjectBuildingCity-Rzeszow-193-1-1024x682.jpg\" alt=\"\" width=\"650\" height=\"433\" \/><\/a> <a href=\"http:\/\/rzeszow.sarp.org.pl\/wp-content\/uploads\/2019\/03\/KongresPBC19-SmartProjectBuildingCity-Rzeszow-193a.jpg\"><img loading=\"lazy\" decoding=\"async\" class=\"aligncenter size-large wp-image-2887\" src=\"http:\/\/rzeszow.sarp.org.pl\/wp-content\/uploads\/2019\/03\/KongresPBC19-SmartProjectBuildingCity-Rzeszow-193a-1024x682.jpg\" alt=\"\" width=\"650\" height=\"433\" \/><\/a> <a href=\"http:\/\/rzeszow.sarp.org.pl\/wp-content\/uploads\/2019\/03\/KongresPBC19-SmartProjectBuildingCity-Rzeszow-196-1.jpg\"><img loading=\"lazy\" decoding=\"async\" class=\"aligncenter size-large wp-image-2888\" src=\"http:\/\/rzeszow.sarp.org.pl\/wp-content\/uploads\/2019\/03\/KongresPBC19-SmartProjectBuildingCity-Rzeszow-196-1-1024x682.jpg\" alt=\"\" width=\"650\" height=\"433\" \/><\/a> <a href=\"http:\/\/rzeszow.sarp.org.pl\/wp-content\/uploads\/2019\/03\/KongresPBC19-SmartProjectBuildingCity-Rzeszow-196a.jpg\"><img loading=\"lazy\" decoding=\"async\" class=\"aligncenter size-large wp-image-2889\" src=\"http:\/\/rzeszow.sarp.org.pl\/wp-content\/uploads\/2019\/03\/KongresPBC19-SmartProjectBuildingCity-Rzeszow-196a-1024x682.jpg\" alt=\"\" width=\"650\" height=\"433\" \/><\/a><a href=\"http:\/\/rzeszow.sarp.org.pl\/wp-content\/uploads\/2019\/03\/KongresPBC19-SmartProjectBuildingCity-Rzeszow-199a.jpg\"><img loading=\"lazy\" decoding=\"async\" class=\"aligncenter size-large wp-image-2892\" src=\"http:\/\/rzeszow.sarp.org.pl\/wp-content\/uploads\/2019\/03\/KongresPBC19-SmartProjectBuildingCity-Rzeszow-199a-1024x682.jpg\" alt=\"\" width=\"650\" height=\"433\" \/><\/a> <a href=\"http:\/\/rzeszow.sarp.org.pl\/wp-content\/uploads\/2019\/03\/KongresPBC19-SmartProjectBuildingCity-Rzeszow-198-1.jpg\"><img loading=\"lazy\" decoding=\"async\" class=\"aligncenter size-large wp-image-2890\" src=\"http:\/\/rzeszow.sarp.org.pl\/wp-content\/uploads\/2019\/03\/KongresPBC19-SmartProjectBuildingCity-Rzeszow-198-1-1024x682.jpg\" alt=\"\" width=\"650\" height=\"433\" \/><\/a> <a href=\"http:\/\/rzeszow.sarp.org.pl\/wp-content\/uploads\/2019\/03\/KongresPBC19-SmartProjectBuildingCity-Rzeszow-199-1.jpg\"><img loading=\"lazy\" decoding=\"async\" class=\"aligncenter size-large wp-image-2891\" src=\"http:\/\/rzeszow.sarp.org.pl\/wp-content\/uploads\/2019\/03\/KongresPBC19-SmartProjectBuildingCity-Rzeszow-199-1-1024x682.jpg\" alt=\"\" width=\"650\" height=\"433\" \/><\/a><a href=\"http:\/\/rzeszow.sarp.org.pl\/wp-content\/uploads\/2019\/03\/KongresPBC19-SmartProjectBuildingCity-Rzeszow-203a.jpg\"><img loading=\"lazy\" decoding=\"async\" class=\"aligncenter size-large wp-image-2893\" src=\"http:\/\/rzeszow.sarp.org.pl\/wp-content\/uploads\/2019\/03\/KongresPBC19-SmartProjectBuildingCity-Rzeszow-203a-1024x682.jpg\" alt=\"\" width=\"650\" height=\"433\" \/><\/a><\/p>\n<h3><\/h3>\n<p>&nbsp;<\/p>\n","protected":false},"excerpt":{"rendered":"<p>22 marca 2019r. o godzinie 17:15 w Rzeszowie na Hali Podpromie odby\u0142a si\u0119 niezwyk\u0142a debata Architektoniczna w ramach kongresu SMART PROJECT, BUILDING &amp; CITY. fot. Mariusz Tulutki, fot. Kamil Tylutki , arch. Maciej Jamro\u017cy &nbsp;<\/p>\n","protected":false},"author":7,"featured_media":3566,"comment_status":"closed","ping_status":"open","sticky":false,"template":"","format":"standard","meta":{"footnotes":""},"categories":[55],"tags":[],"class_list":["post-3565","post","type-post","status-publish","format-standard","has-post-thumbnail","hentry","category-wydarzenia"],"publishpress_future_action":{"enabled":false,"date":"2026-05-05 18:30:19","action":"change-status","newStatus":"draft","terms":[],"taxonomy":"category","extraData":[]},"publishpress_future_workflow_manual_trigger":{"enabledWorkflows":[]},"_links":{"self":[{"href":"https:\/\/podkarpacka.iarp.pl\/index.php?rest_route=\/wp\/v2\/posts\/3565","targetHints":{"allow":["GET"]}}],"collection":[{"href":"https:\/\/podkarpacka.iarp.pl\/index.php?rest_route=\/wp\/v2\/posts"}],"about":[{"href":"https:\/\/podkarpacka.iarp.pl\/index.php?rest_route=\/wp\/v2\/types\/post"}],"author":[{"embeddable":true,"href":"https:\/\/podkarpacka.iarp.pl\/index.php?rest_route=\/wp\/v2\/users\/7"}],"replies":[{"embeddable":true,"href":"https:\/\/podkarpacka.iarp.pl\/index.php?rest_route=%2Fwp%2Fv2%2Fcomments&post=3565"}],"version-history":[{"count":2,"href":"https:\/\/podkarpacka.iarp.pl\/index.php?rest_route=\/wp\/v2\/posts\/3565\/revisions"}],"predecessor-version":[{"id":3568,"href":"https:\/\/podkarpacka.iarp.pl\/index.php?rest_route=\/wp\/v2\/posts\/3565\/revisions\/3568"}],"wp:featuredmedia":[{"embeddable":true,"href":"https:\/\/podkarpacka.iarp.pl\/index.php?rest_route=\/wp\/v2\/media\/3566"}],"wp:attachment":[{"href":"https:\/\/podkarpacka.iarp.pl\/index.php?rest_route=%2Fwp%2Fv2%2Fmedia&parent=3565"}],"wp:term":[{"taxonomy":"category","embeddable":true,"href":"https:\/\/podkarpacka.iarp.pl\/index.php?rest_route=%2Fwp%2Fv2%2Fcategories&post=3565"},{"taxonomy":"post_tag","embeddable":true,"href":"https:\/\/podkarpacka.iarp.pl\/index.php?rest_route=%2Fwp%2Fv2%2Ftags&post=3565"}],"curies":[{"name":"wp","href":"https:\/\/api.w.org\/{rel}","templated":true}]}}