{"id":3675,"date":"2019-04-19T11:14:23","date_gmt":"2019-04-19T09:14:23","guid":{"rendered":"http:\/\/podkarpacka.iarp.pl\/?p=3675"},"modified":"2019-04-19T11:15:17","modified_gmt":"2019-04-19T09:15:17","slug":"zyczenia-z-okazji-swiat-wielkanocnych-3","status":"publish","type":"post","link":"https:\/\/podkarpacka.iarp.pl\/?p=3675","title":{"rendered":"\u017byczenia z okazji \u015awi\u0105t Wielkanocnych"},"content":{"rendered":"<p style=\"text-align: center;\"><strong>Weso\u0142ych \u015awi\u0105t Wielkanocnych i rado\u015bci p\u0142yn\u0105cej ze Zmartwychwstania Pa\u0144skiego <\/strong><\/p>\n<p style=\"text-align: center;\"><strong>oraz\u00a0<\/strong><strong>serdecznych spotka\u0144 w gronie rodziny i w\u015br\u00f3d przyjaci\u00f3\u0142<\/strong><\/p>\n<p style=\"text-align: center;\"><strong>\u017cyczy<\/strong><\/p>\n<div class=\"padding-style-1\">\n<p style=\"text-align: center;\"><strong>Podkarpacka Okr\u0119gowa Izba Architekt\u00f3w RP<\/strong><\/p>\n<\/div>\n","protected":false},"excerpt":{"rendered":"<p>Weso\u0142ych \u015awi\u0105t Wielkanocnych i rado\u015bci p\u0142yn\u0105cej ze Zmartwychwstania Pa\u0144skiego oraz\u00a0serdecznych spotka\u0144 w gronie rodziny i w\u015br\u00f3d przyjaci\u00f3\u0142 \u017cyczy Podkarpacka Okr\u0119gowa Izba Architekt\u00f3w RP<\/p>\n","protected":false},"author":7,"featured_media":3676,"comment_status":"closed","ping_status":"open","sticky":false,"template":"","format":"standard","meta":{"footnotes":""},"categories":[56],"tags":[],"class_list":["post-3675","post","type-post","status-publish","format-standard","has-post-thumbnail","hentry","category-informacje-rady"],"publishpress_future_action":{"enabled":false,"date":"2026-05-08 13:39:25","action":"change-status","newStatus":"draft","terms":[],"taxonomy":"category","extraData":[]},"publishpress_future_workflow_manual_trigger":{"enabledWorkflows":[]},"_links":{"self":[{"href":"https:\/\/podkarpacka.iarp.pl\/index.php?rest_route=\/wp\/v2\/posts\/3675","targetHints":{"allow":["GET"]}}],"collection":[{"href":"https:\/\/podkarpacka.iarp.pl\/index.php?rest_route=\/wp\/v2\/posts"}],"about":[{"href":"https:\/\/podkarpacka.iarp.pl\/index.php?rest_route=\/wp\/v2\/types\/post"}],"author":[{"embeddable":true,"href":"https:\/\/podkarpacka.iarp.pl\/index.php?rest_route=\/wp\/v2\/users\/7"}],"replies":[{"embeddable":true,"href":"https:\/\/podkarpacka.iarp.pl\/index.php?rest_route=%2Fwp%2Fv2%2Fcomments&post=3675"}],"version-history":[{"count":2,"href":"https:\/\/podkarpacka.iarp.pl\/index.php?rest_route=\/wp\/v2\/posts\/3675\/revisions"}],"predecessor-version":[{"id":3678,"href":"https:\/\/podkarpacka.iarp.pl\/index.php?rest_route=\/wp\/v2\/posts\/3675\/revisions\/3678"}],"wp:featuredmedia":[{"embeddable":true,"href":"https:\/\/podkarpacka.iarp.pl\/index.php?rest_route=\/wp\/v2\/media\/3676"}],"wp:attachment":[{"href":"https:\/\/podkarpacka.iarp.pl\/index.php?rest_route=%2Fwp%2Fv2%2Fmedia&parent=3675"}],"wp:term":[{"taxonomy":"category","embeddable":true,"href":"https:\/\/podkarpacka.iarp.pl\/index.php?rest_route=%2Fwp%2Fv2%2Fcategories&post=3675"},{"taxonomy":"post_tag","embeddable":true,"href":"https:\/\/podkarpacka.iarp.pl\/index.php?rest_route=%2Fwp%2Fv2%2Ftags&post=3675"}],"curies":[{"name":"wp","href":"https:\/\/api.w.org\/{rel}","templated":true}]}}