{"id":3679,"date":"2019-04-23T11:20:56","date_gmt":"2019-04-23T09:20:56","guid":{"rendered":"http:\/\/podkarpacka.iarp.pl\/?p=3679"},"modified":"2019-04-25T13:19:16","modified_gmt":"2019-04-25T11:19:16","slug":"1-podatku-dochodowego-od-osob-fizycznych-przekazany-przez-kria-rp","status":"publish","type":"post","link":"https:\/\/podkarpacka.iarp.pl\/?p=3679","title":{"rendered":"1% podatku dochodowego od os\u00f3b fizycznych przekazanego przez KRIA RP"},"content":{"rendered":"<p style=\"text-align: left;\"><strong>\u00a0W za\u0142\u0105czeniu pismo Sekretarza Krajowej Rady IARP, arch. Wojciecha Gwizdaka \u00a0ws. 1% podatku<\/strong><\/p>\n<p style=\"text-align: left;\"><strong>Lista wspieranych przez KRIA RP os\u00f3b poni\u017cej:<\/strong><\/p>\n<hr \/>\n<ol>\n<li>Fundacja \u201eForani\u201d, KRS 0000420954<br \/>\nCel szczeg\u00f3\u0142owy: <strong>Pomoc Beata Makowska<\/strong><br \/>\nInformacja zosta\u0142a przekazana przez kol. Tomasza Samborskiego, arch. Izby Architekt\u00f3w RP,<br \/>\nWiceprzewodnicz\u0105cego Rady Zachodniopomorskiej Okr\u0119gowej Architekt\u00f3w Izby RP.<\/li>\n<li>Fundacja \u201eDobro Powraca\u201d, KRS 0000338878<br \/>\nCel szczeg\u00f3\u0142owy: <strong>Filip Jakubowski<\/strong><br \/>\nInformacja zosta\u0142a przekazana przez kol. Katarzyn\u0119 Wro\u0144sk\u0105, arch. Izby Architekt\u00f3w RP,<br \/>\nKierownika Biura Rady Wielkopolskiej Okr\u0119gowej Izby Architekt\u00f3w RP.<\/li>\n<li>Fundacja Dzieciom \u201eZd\u0105\u017cy\u0107 z Pomoc\u0105\u201d KRS : 0000037904<br \/>\nCel szczeg\u00f3lny: <strong>Wojciech \u015awierdza (359)<\/strong><br \/>\nInformacja zosta\u0142a przekazana przez kol. Wojciecha Gwizdaka, arch. Izby Architekt\u00f3w RP,<br \/>\nSekretarza Krajowej Izby Architekt\u00f3w RP<\/li>\n<li>Fundacja \u201eS\u0142oneczko\u201dKRS 0000186434<br \/>\nCel szczeg\u00f3\u0142owy: <strong>Micha\u0142 \u015awi\u0119ci\u0144ski<\/strong><br \/>\nInformacja zosta\u0142a przekazana przez kol. Renat\u0119 \u015awi\u0119ci\u0144sk\u0105, arch. Izby Architekt\u00f3w RP,<br \/>\nPrzewodnicz\u0105cego Rady Podkarpackiej Okr\u0119gowej Izby RP.<\/li>\n<li>Fundacja Pomocy Dzieciom I Osobom Chorym \u201cKawa\u0142ek Nieba\u201d, KRS 0000382243<br \/>\nCel szczeg\u00f3\u0142owy: <strong>696 pomoc dla Benia Pedrycza<\/strong><br \/>\nInformacja zosta\u0142a przekazana przez kol. Jana Kemp\u0119, arch. Izby Architekt\u00f3w RP, Cz\u0142onka Rady<br \/>\nMazowieckiej Okr\u0119gowej Izby Architekt\u00f3w RP<\/li>\n<li>Fundacja Dzieciom \u201eZd\u0105\u017cy\u0107 z Pomoc\u0105\u201d, KRS : 0000037904<br \/>\nCel szczeg\u00f3\u0142owy:<strong> 26102 Maria Markuszewska<\/strong><br \/>\nInformacja zosta\u0142a przekazana przez kol. Dariusza Markuszewskiego, arch. Izby Architekt\u00f3w RP,<br \/>\nCz\u0142onka Podlaskiej Okr\u0119gowej Izby Architekt\u00f3w RP<\/li>\n<\/ol>\n<hr \/>\n<p><a href=\"https:\/\/podkarpacka.iarp.pl\/wp-content\/uploads\/2019\/04\/wych_247_KRIA_2019-OIA-ws-1-z-list\u0105-2.pdf\">Uchwa\u0142a KRIA w spr 1% podatku z 2018r<\/a><\/p>\n","protected":false},"excerpt":{"rendered":"<p>\u00a0W za\u0142\u0105czeniu pismo Sekretarza Krajowej Rady IARP, arch. Wojciecha Gwizdaka \u00a0ws. 1% podatku Lista wspieranych przez KRIA RP os\u00f3b poni\u017cej: Fundacja \u201eForani\u201d, KRS 0000420954 Cel szczeg\u00f3\u0142owy: Pomoc Beata Makowska Informacja zosta\u0142a przekazana przez kol. Tomasza Samborskiego, arch. Izby Architekt\u00f3w RP, Wiceprzewodnicz\u0105cego Rady Zachodniopomorskiej Okr\u0119gowej Architekt\u00f3w Izby RP. Fundacja \u201eDobro Powraca\u201d, KRS 0000338878 Cel szczeg\u00f3\u0142owy: Filip [&hellip;]<\/p>\n","protected":false},"author":7,"featured_media":865,"comment_status":"closed","ping_status":"open","sticky":false,"template":"","format":"standard","meta":{"footnotes":""},"categories":[56],"tags":[],"class_list":["post-3679","post","type-post","status-publish","format-standard","has-post-thumbnail","hentry","category-informacje-rady"],"publishpress_future_action":{"enabled":false,"date":"2026-05-08 13:43:47","action":"change-status","newStatus":"draft","terms":[],"taxonomy":"category","extraData":[]},"publishpress_future_workflow_manual_trigger":{"enabledWorkflows":[]},"_links":{"self":[{"href":"https:\/\/podkarpacka.iarp.pl\/index.php?rest_route=\/wp\/v2\/posts\/3679","targetHints":{"allow":["GET"]}}],"collection":[{"href":"https:\/\/podkarpacka.iarp.pl\/index.php?rest_route=\/wp\/v2\/posts"}],"about":[{"href":"https:\/\/podkarpacka.iarp.pl\/index.php?rest_route=\/wp\/v2\/types\/post"}],"author":[{"embeddable":true,"href":"https:\/\/podkarpacka.iarp.pl\/index.php?rest_route=\/wp\/v2\/users\/7"}],"replies":[{"embeddable":true,"href":"https:\/\/podkarpacka.iarp.pl\/index.php?rest_route=%2Fwp%2Fv2%2Fcomments&post=3679"}],"version-history":[{"count":6,"href":"https:\/\/podkarpacka.iarp.pl\/index.php?rest_route=\/wp\/v2\/posts\/3679\/revisions"}],"predecessor-version":[{"id":3689,"href":"https:\/\/podkarpacka.iarp.pl\/index.php?rest_route=\/wp\/v2\/posts\/3679\/revisions\/3689"}],"wp:featuredmedia":[{"embeddable":true,"href":"https:\/\/podkarpacka.iarp.pl\/index.php?rest_route=\/wp\/v2\/media\/865"}],"wp:attachment":[{"href":"https:\/\/podkarpacka.iarp.pl\/index.php?rest_route=%2Fwp%2Fv2%2Fmedia&parent=3679"}],"wp:term":[{"taxonomy":"category","embeddable":true,"href":"https:\/\/podkarpacka.iarp.pl\/index.php?rest_route=%2Fwp%2Fv2%2Fcategories&post=3679"},{"taxonomy":"post_tag","embeddable":true,"href":"https:\/\/podkarpacka.iarp.pl\/index.php?rest_route=%2Fwp%2Fv2%2Ftags&post=3679"}],"curies":[{"name":"wp","href":"https:\/\/api.w.org\/{rel}","templated":true}]}}