{"id":3705,"date":"2019-05-03T17:43:17","date_gmt":"2019-05-03T15:43:17","guid":{"rendered":"http:\/\/podkarpacka.iarp.pl\/?p=3705"},"modified":"2019-05-03T17:43:17","modified_gmt":"2019-05-03T15:43:17","slug":"obchody-uroczystosci-3-go-maja-pkoia-i-sarp-2019r","status":"publish","type":"post","link":"https:\/\/podkarpacka.iarp.pl\/?p=3705","title":{"rendered":"Obchody Uroczysto\u015bci 3-go Maja PKOIA i SARP &#8211; 2019r."},"content":{"rendered":"<p>Podkarpacka Okr\u0119gowa Izba Architekt\u00f3w RP uczestniczy w obchodach 3-go Maja na Rynku w Rzeszowie.<\/p>\n<div id=\"attachment_3712\" style=\"width: 780px\" class=\"wp-caption aligncenter\"><a href=\"https:\/\/podkarpacka.iarp.pl\/wp-content\/uploads\/2019\/05\/IMG_20190503_115020.jpg\"><img loading=\"lazy\" decoding=\"async\" aria-describedby=\"caption-attachment-3712\" class=\"wp-image-3712 size-large\" src=\"https:\/\/podkarpacka.iarp.pl\/wp-content\/uploads\/2019\/05\/IMG_20190503_115020-1024x768.jpg\" alt=\"\" width=\"770\" height=\"578\" srcset=\"https:\/\/podkarpacka.iarp.pl\/wp-content\/uploads\/2019\/05\/IMG_20190503_115020-1024x768.jpg 1024w, https:\/\/podkarpacka.iarp.pl\/wp-content\/uploads\/2019\/05\/IMG_20190503_115020-300x225.jpg 300w, https:\/\/podkarpacka.iarp.pl\/wp-content\/uploads\/2019\/05\/IMG_20190503_115020-768x576.jpg 768w\" sizes=\"auto, (max-width: 770px) 100vw, 770px\" \/><\/a><p id=\"caption-attachment-3712\" class=\"wp-caption-text\">( Delegacja SARP: arch. Renata \u015awi\u0119ci\u0144ska, arch. Andrzej Depa, arch. Wojciech Kud\u0142a )<\/p><\/div>\n<p><a href=\"https:\/\/podkarpacka.iarp.pl\/wp-content\/uploads\/2019\/05\/IMG_20190503_114234.jpg\"><img loading=\"lazy\" decoding=\"async\" class=\"size-large wp-image-3715\" src=\"https:\/\/podkarpacka.iarp.pl\/wp-content\/uploads\/2019\/05\/IMG_20190503_114234-1024x768.jpg\" alt=\"\" width=\"770\" height=\"578\" srcset=\"https:\/\/podkarpacka.iarp.pl\/wp-content\/uploads\/2019\/05\/IMG_20190503_114234-1024x768.jpg 1024w, https:\/\/podkarpacka.iarp.pl\/wp-content\/uploads\/2019\/05\/IMG_20190503_114234-300x225.jpg 300w, https:\/\/podkarpacka.iarp.pl\/wp-content\/uploads\/2019\/05\/IMG_20190503_114234-768x576.jpg 768w\" sizes=\"auto, (max-width: 770px) 100vw, 770px\" \/><\/a><\/p>\n<p><a href=\"https:\/\/podkarpacka.iarp.pl\/wp-content\/uploads\/2019\/05\/IMG_20190503_114241.jpg\"><img loading=\"lazy\" decoding=\"async\" class=\"size-large wp-image-3714\" src=\"https:\/\/podkarpacka.iarp.pl\/wp-content\/uploads\/2019\/05\/IMG_20190503_114241-1024x768.jpg\" alt=\"\" width=\"770\" height=\"578\" srcset=\"https:\/\/podkarpacka.iarp.pl\/wp-content\/uploads\/2019\/05\/IMG_20190503_114241-1024x768.jpg 1024w, https:\/\/podkarpacka.iarp.pl\/wp-content\/uploads\/2019\/05\/IMG_20190503_114241-300x225.jpg 300w, https:\/\/podkarpacka.iarp.pl\/wp-content\/uploads\/2019\/05\/IMG_20190503_114241-768x576.jpg 768w\" sizes=\"auto, (max-width: 770px) 100vw, 770px\" \/><\/a><\/p>\n<p><a href=\"https:\/\/podkarpacka.iarp.pl\/wp-content\/uploads\/2019\/05\/IMG_20190503_115025.jpg\"><img loading=\"lazy\" decoding=\"async\" class=\"size-large wp-image-3711\" src=\"https:\/\/podkarpacka.iarp.pl\/wp-content\/uploads\/2019\/05\/IMG_20190503_115025-1024x768.jpg\" alt=\"\" width=\"770\" height=\"578\" srcset=\"https:\/\/podkarpacka.iarp.pl\/wp-content\/uploads\/2019\/05\/IMG_20190503_115025-1024x768.jpg 1024w, https:\/\/podkarpacka.iarp.pl\/wp-content\/uploads\/2019\/05\/IMG_20190503_115025-300x225.jpg 300w, https:\/\/podkarpacka.iarp.pl\/wp-content\/uploads\/2019\/05\/IMG_20190503_115025-768x576.jpg 768w\" sizes=\"auto, (max-width: 770px) 100vw, 770px\" \/><\/a><\/p>\n","protected":false},"excerpt":{"rendered":"<p>Podkarpacka Okr\u0119gowa Izba Architekt\u00f3w RP uczestniczy w obchodach 3-go Maja na Rynku w Rzeszowie.<\/p>\n","protected":false},"author":7,"featured_media":3716,"comment_status":"closed","ping_status":"open","sticky":false,"template":"","format":"standard","meta":{"footnotes":""},"categories":[55],"tags":[],"class_list":["post-3705","post","type-post","status-publish","format-standard","has-post-thumbnail","hentry","category-wydarzenia"],"publishpress_future_action":{"enabled":false,"date":"2026-05-05 17:46:06","action":"change-status","newStatus":"draft","terms":[],"taxonomy":"category","extraData":[]},"publishpress_future_workflow_manual_trigger":{"enabledWorkflows":[]},"_links":{"self":[{"href":"https:\/\/podkarpacka.iarp.pl\/index.php?rest_route=\/wp\/v2\/posts\/3705","targetHints":{"allow":["GET"]}}],"collection":[{"href":"https:\/\/podkarpacka.iarp.pl\/index.php?rest_route=\/wp\/v2\/posts"}],"about":[{"href":"https:\/\/podkarpacka.iarp.pl\/index.php?rest_route=\/wp\/v2\/types\/post"}],"author":[{"embeddable":true,"href":"https:\/\/podkarpacka.iarp.pl\/index.php?rest_route=\/wp\/v2\/users\/7"}],"replies":[{"embeddable":true,"href":"https:\/\/podkarpacka.iarp.pl\/index.php?rest_route=%2Fwp%2Fv2%2Fcomments&post=3705"}],"version-history":[{"count":2,"href":"https:\/\/podkarpacka.iarp.pl\/index.php?rest_route=\/wp\/v2\/posts\/3705\/revisions"}],"predecessor-version":[{"id":3718,"href":"https:\/\/podkarpacka.iarp.pl\/index.php?rest_route=\/wp\/v2\/posts\/3705\/revisions\/3718"}],"wp:featuredmedia":[{"embeddable":true,"href":"https:\/\/podkarpacka.iarp.pl\/index.php?rest_route=\/wp\/v2\/media\/3716"}],"wp:attachment":[{"href":"https:\/\/podkarpacka.iarp.pl\/index.php?rest_route=%2Fwp%2Fv2%2Fmedia&parent=3705"}],"wp:term":[{"taxonomy":"category","embeddable":true,"href":"https:\/\/podkarpacka.iarp.pl\/index.php?rest_route=%2Fwp%2Fv2%2Fcategories&post=3705"},{"taxonomy":"post_tag","embeddable":true,"href":"https:\/\/podkarpacka.iarp.pl\/index.php?rest_route=%2Fwp%2Fv2%2Ftags&post=3705"}],"curies":[{"name":"wp","href":"https:\/\/api.w.org\/{rel}","templated":true}]}}