{"id":3727,"date":"2019-05-10T18:35:14","date_gmt":"2019-05-10T16:35:14","guid":{"rendered":"http:\/\/podkarpacka.iarp.pl\/?p=3727"},"modified":"2019-06-26T20:11:43","modified_gmt":"2019-06-26T18:11:43","slug":"17-05-2019-szkolenie-garaze-podziemne-nielatwe-wyzwanie","status":"publish","type":"post","link":"https:\/\/podkarpacka.iarp.pl\/?p=3727","title":{"rendered":"17.05.2019-SZKOLENIE: &#8220;Gara\u017ce podziemne &#8211; nie\u0142atwe wyzwanie&#8221;"},"content":{"rendered":"<p>Zapraszamy \u00a0serdecznie wszystkich cz\u0142onk\u00f3w Podkarpackiej Okr\u0119gowej Izby Architekt\u00f3w RP na bezp\u0142atne szkolenie pt:<\/p>\r\n<hr \/><!-- \/wp:post-content -->\r\n\r\n<!-- wp:paragraph -->\r\n<p><strong>,,<span lang=\"PL\">Gara\u017ce podziemne &#8211; nie\u0142atwe wyzwanie<\/span>\u201d<\/strong><\/p>\r\n<hr \/><!-- \/wp:paragraph -->\r\n\r\n<!-- wp:paragraph -->\r\n<p>kt\u00f3re odb\u0119dzie si\u0119:<\/p>\r\n<!-- \/wp:paragraph -->\r\n\r\n<!-- wp:paragraph -->\r\n<p><span lang=\"PL\"><strong>17 maja\u00a0 2019 roku \u00a0o godz. 09:00\u00a0<\/strong><\/span> <strong>w siedzibie Podkarpackiej Okr\u0119gowej Izby Architekt\u00f3w RP, Rynek 8.<\/strong><\/p>\r\n<!-- \/wp:paragraph -->\r\n\r\n<!-- wp:paragraph -->\r\n<p>Prowadz\u0105cym jest: Pan mgr in\u017c. Lucjan G\u0142adysz ,mgr in\u017c. po\u017carnictwa , rzeczoznawca \u00a0i doradca \u00a0przeciwpo\u017carowy.<\/p>\r\n<!-- \/wp:paragraph -->\r\n\r\n<!-- wp:paragraph -->\r\n<p>Zach\u0119camy do uczestnictwa i zapoznania si\u0119 z programem oraz rejestracj\u0105 przez internet lub telefon sekretariatu PKOIA.<\/p>\r\n<!-- \/wp:paragraph -->\r\n\r\n<!-- wp:paragraph -->\r\n<p>Program i adres rejestracji: <a href=\"https:\/\/szkolenia.iarp.pl\/szkolenie\/747\">https:\/\/szkolenia.iarp.pl\/szkolenie\/747<\/a><\/p>","protected":false},"excerpt":{"rendered":"<p>Zapraszamy \u00a0serdecznie wszystkich cz\u0142onk\u00f3w Podkarpackiej Okr\u0119gowej Izby Architekt\u00f3w RP na bezp\u0142atne szkolenie pt: ,,Gara\u017ce podziemne &#8211; nie\u0142atwe wyzwanie\u201d kt\u00f3re odb\u0119dzie si\u0119: 17 maja\u00a0 2019 roku \u00a0o godz. 09:00\u00a0 w siedzibie Podkarpackiej Okr\u0119gowej Izby Architekt\u00f3w RP, Rynek 8. Prowadz\u0105cym jest: Pan mgr in\u017c. Lucjan G\u0142adysz ,mgr in\u017c. po\u017carnictwa , rzeczoznawca \u00a0i doradca \u00a0przeciwpo\u017carowy. Zach\u0119camy do uczestnictwa [&hellip;]<\/p>\n","protected":false},"author":7,"featured_media":859,"comment_status":"closed","ping_status":"open","sticky":false,"template":"","format":"standard","meta":{"footnotes":""},"categories":[58],"tags":[],"class_list":["post-3727","post","type-post","status-publish","format-standard","has-post-thumbnail","hentry","category-szkolenia-certyfikowane"],"publishpress_future_action":{"enabled":false,"date":"2026-05-05 00:38:40","action":"change-status","newStatus":"draft","terms":[],"taxonomy":"category","extraData":[]},"publishpress_future_workflow_manual_trigger":{"enabledWorkflows":[]},"_links":{"self":[{"href":"https:\/\/podkarpacka.iarp.pl\/index.php?rest_route=\/wp\/v2\/posts\/3727","targetHints":{"allow":["GET"]}}],"collection":[{"href":"https:\/\/podkarpacka.iarp.pl\/index.php?rest_route=\/wp\/v2\/posts"}],"about":[{"href":"https:\/\/podkarpacka.iarp.pl\/index.php?rest_route=\/wp\/v2\/types\/post"}],"author":[{"embeddable":true,"href":"https:\/\/podkarpacka.iarp.pl\/index.php?rest_route=\/wp\/v2\/users\/7"}],"replies":[{"embeddable":true,"href":"https:\/\/podkarpacka.iarp.pl\/index.php?rest_route=%2Fwp%2Fv2%2Fcomments&post=3727"}],"version-history":[{"count":3,"href":"https:\/\/podkarpacka.iarp.pl\/index.php?rest_route=\/wp\/v2\/posts\/3727\/revisions"}],"predecessor-version":[{"id":3729,"href":"https:\/\/podkarpacka.iarp.pl\/index.php?rest_route=\/wp\/v2\/posts\/3727\/revisions\/3729"}],"wp:featuredmedia":[{"embeddable":true,"href":"https:\/\/podkarpacka.iarp.pl\/index.php?rest_route=\/wp\/v2\/media\/859"}],"wp:attachment":[{"href":"https:\/\/podkarpacka.iarp.pl\/index.php?rest_route=%2Fwp%2Fv2%2Fmedia&parent=3727"}],"wp:term":[{"taxonomy":"category","embeddable":true,"href":"https:\/\/podkarpacka.iarp.pl\/index.php?rest_route=%2Fwp%2Fv2%2Fcategories&post=3727"},{"taxonomy":"post_tag","embeddable":true,"href":"https:\/\/podkarpacka.iarp.pl\/index.php?rest_route=%2Fwp%2Fv2%2Ftags&post=3727"}],"curies":[{"name":"wp","href":"https:\/\/api.w.org\/{rel}","templated":true}]}}