{"id":3731,"date":"2019-05-10T19:30:30","date_gmt":"2019-05-10T17:30:30","guid":{"rendered":"http:\/\/podkarpacka.iarp.pl\/?p=3731"},"modified":"2019-05-10T19:32:43","modified_gmt":"2019-05-10T17:32:43","slug":"miasta-idei-konferencja-politechniki-rzeszowskiej-zaproszenie","status":"publish","type":"post","link":"https:\/\/podkarpacka.iarp.pl\/?p=3731","title":{"rendered":"&#8220;MIASTA IDEI&#8221; &#8211; Konferencja &#8211; ZAPROSZENIE"},"content":{"rendered":"<p>PKOIA zosta\u0142a zaproszona do udzia\u0142u w konferencji organizowanej na\u00a0 Politechnice Rzeszowskiej przy wsp\u00f3\u0142pracy z Gazet\u0105 Wyborcz\u0105 w ramach cyklu spotka\u0144 \u201eMiasta Idei\u201d.<\/p>\n<p><strong>Wydarzenie odb\u0119dzie si\u0119 w Rzeszowie, 16 maja 2019 roku, na Politechnice Rzeszowskiej.<\/strong><\/p>\n<hr \/>\n<p><a href=\"https:\/\/podkarpacka.iarp.pl\/wp-content\/uploads\/2019\/05\/zaproszenie.jpg\"><img loading=\"lazy\" decoding=\"async\" class=\"alignnone size-large wp-image-3735\" src=\"https:\/\/podkarpacka.iarp.pl\/wp-content\/uploads\/2019\/05\/zaproszenie-854x1024.jpg\" alt=\"\" width=\"770\" height=\"923\" srcset=\"https:\/\/podkarpacka.iarp.pl\/wp-content\/uploads\/2019\/05\/zaproszenie-854x1024.jpg 854w, https:\/\/podkarpacka.iarp.pl\/wp-content\/uploads\/2019\/05\/zaproszenie-250x300.jpg 250w, https:\/\/podkarpacka.iarp.pl\/wp-content\/uploads\/2019\/05\/zaproszenie-768x921.jpg 768w\" sizes=\"auto, (max-width: 770px) 100vw, 770px\" \/><\/a><\/p>\n<hr \/>\n<p>&nbsp;<\/p>\n<p>W trakcie spotkania b\u0119dziemy rozmawia\u0107 o tym, jak powinny wygl\u0105da\u0107 miejsca rekreacji i wypoczynku, jakich nowych rozwi\u0105za\u0144 oczekuj\u0105 mieszka\u0144cy, jakie dobre wzory z Polski i \u015bwiata mo\u017cna przeszczepi\u0107 na grunt stolicy wojew\u00f3dztwa podkarpackiego.<\/p>\n<p>B\u0119dziemy szuka\u0107 najlepszych pomys\u0142\u00f3w i propozycji.<\/p>\n<p>Postaramy si\u0119 wypracowa\u0107 rekomendowan\u0105 map\u0119 drogow\u0105 dzia\u0142a\u0144\u00a0 miasta w tej sprawie. Sprawdzimy, jak inne miasta zagospodarowuj\u0105 takie miejsca i czym mo\u017ce si\u0119 dzi\u015b wyr\u00f3\u017cni\u0107 Rzesz\u00f3w, by osi\u0105gn\u0105\u0107 sukces. A sukcesem b\u0119dzie zadowolenie mieszka\u0144c\u00f3w, kt\u00f3rzy zechc\u0105 z takich miejsc korzysta\u0107,\u00a0 sp\u0119dza\u0107 czas z ca\u0142ymi rodzinami.<\/p>\n<p><strong>Zapraszamy wszystkich serdecznie do udzia\u0142u!<\/strong><\/p>\n<p><strong><a href=\"https:\/\/podkarpacka.iarp.pl\/wp-content\/uploads\/2019\/05\/programmiastaidei.pdf\">Program<\/a><\/strong><\/p>\n","protected":false},"excerpt":{"rendered":"<p>PKOIA zosta\u0142a zaproszona do udzia\u0142u w konferencji organizowanej na\u00a0 Politechnice Rzeszowskiej przy wsp\u00f3\u0142pracy z Gazet\u0105 Wyborcz\u0105 w ramach cyklu spotka\u0144 \u201eMiasta Idei\u201d. Wydarzenie odb\u0119dzie si\u0119 w Rzeszowie, 16 maja 2019 roku, na Politechnice Rzeszowskiej. &nbsp; W trakcie spotkania b\u0119dziemy rozmawia\u0107 o tym, jak powinny wygl\u0105da\u0107 miejsca rekreacji i wypoczynku, jakich nowych rozwi\u0105za\u0144 oczekuj\u0105 mieszka\u0144cy, jakie [&hellip;]<\/p>\n","protected":false},"author":7,"featured_media":3736,"comment_status":"closed","ping_status":"open","sticky":false,"template":"","format":"standard","meta":{"footnotes":""},"categories":[69,55],"tags":[],"class_list":["post-3731","post","type-post","status-publish","format-standard","has-post-thumbnail","hentry","category-aktualnosci","category-wydarzenia"],"publishpress_future_action":{"enabled":false,"date":"2026-05-05 17:51:45","action":"change-status","newStatus":"draft","terms":[],"taxonomy":"category","extraData":[]},"publishpress_future_workflow_manual_trigger":{"enabledWorkflows":[]},"_links":{"self":[{"href":"https:\/\/podkarpacka.iarp.pl\/index.php?rest_route=\/wp\/v2\/posts\/3731","targetHints":{"allow":["GET"]}}],"collection":[{"href":"https:\/\/podkarpacka.iarp.pl\/index.php?rest_route=\/wp\/v2\/posts"}],"about":[{"href":"https:\/\/podkarpacka.iarp.pl\/index.php?rest_route=\/wp\/v2\/types\/post"}],"author":[{"embeddable":true,"href":"https:\/\/podkarpacka.iarp.pl\/index.php?rest_route=\/wp\/v2\/users\/7"}],"replies":[{"embeddable":true,"href":"https:\/\/podkarpacka.iarp.pl\/index.php?rest_route=%2Fwp%2Fv2%2Fcomments&post=3731"}],"version-history":[{"count":4,"href":"https:\/\/podkarpacka.iarp.pl\/index.php?rest_route=\/wp\/v2\/posts\/3731\/revisions"}],"predecessor-version":[{"id":3740,"href":"https:\/\/podkarpacka.iarp.pl\/index.php?rest_route=\/wp\/v2\/posts\/3731\/revisions\/3740"}],"wp:featuredmedia":[{"embeddable":true,"href":"https:\/\/podkarpacka.iarp.pl\/index.php?rest_route=\/wp\/v2\/media\/3736"}],"wp:attachment":[{"href":"https:\/\/podkarpacka.iarp.pl\/index.php?rest_route=%2Fwp%2Fv2%2Fmedia&parent=3731"}],"wp:term":[{"taxonomy":"category","embeddable":true,"href":"https:\/\/podkarpacka.iarp.pl\/index.php?rest_route=%2Fwp%2Fv2%2Fcategories&post=3731"},{"taxonomy":"post_tag","embeddable":true,"href":"https:\/\/podkarpacka.iarp.pl\/index.php?rest_route=%2Fwp%2Fv2%2Ftags&post=3731"}],"curies":[{"name":"wp","href":"https:\/\/api.w.org\/{rel}","templated":true}]}}