{"id":3765,"date":"2019-06-26T20:07:17","date_gmt":"2019-06-26T18:07:17","guid":{"rendered":"http:\/\/podkarpacka.iarp.pl\/?p=3765"},"modified":"2019-06-27T12:57:28","modified_gmt":"2019-06-27T10:57:28","slug":"04-07-2019-szkolenie-architekcie-gdzie-twoje-pieniadze","status":"publish","type":"post","link":"https:\/\/podkarpacka.iarp.pl\/?p=3765","title":{"rendered":"04.07.2019-SZKOLENIE- &#8220;Architekcie \u2013 gdzie twoje pieni\u0105dze?!&#8221;"},"content":{"rendered":"<p>Zapraszamy \u00a0serdecznie wszystkich cz\u0142onk\u00f3w Podkarpackiej Okr\u0119gowej Izby Architekt\u00f3w RP na bezp\u0142atne szkolenie pt:<\/p>\r\n<hr \/><!-- \/wp:post-content -->\r\n\r\n<!-- wp:paragraph -->\r\n<p><strong>,,Architekcie \u2013 gdzie twoje pieni\u0105dze?!\u201d<\/strong> czyli: om\u00f3wienie biznesowych zasad wyceniania prac projektowych w nawi\u0105zaniu do konkretnych przyk\u0142ad\u00f3w bud\u017cet\u00f3w inwestycji. Przemy\u015blenia na temat powszechnie stosowanych cennik\u00f3w. Celem szkolenia jest poszerzenie znajomo\u015bci zasad wyceniania projekt\u00f3w, zapoznanie si\u0119 z punktem widzenia deweloper\u00f3w oraz z ich podej\u015bciem do pracy z architektem.<\/p>\r\n<hr \/><!-- \/wp:paragraph -->\r\n\r\n<!-- wp:paragraph -->\r\n<p>kt\u00f3re odb\u0119dzie si\u0119:<\/p>\r\n<!-- \/wp:paragraph -->\r\n\r\n<!-- wp:paragraph -->\r\n<p><span lang=\"PL\"><strong>4 lipca 2019 roku \u00a0o godz. 10:00\u00a0<\/strong><\/span> <strong>w siedzibie Podkarpackiej Okr\u0119gowej Izby Architekt\u00f3w RP, Rynek 8.<\/strong><\/p>\r\n<!-- \/wp:paragraph -->\r\n\r\n<!-- wp:paragraph -->\r\n<p>Prowadz\u0105cym jest: Pan mgr in\u017c. arch. Maciej \u0141obos, wsp\u00f3lnik w Biurze MWM<\/p>\r\n<!-- \/wp:paragraph -->\r\n\r\n<!-- wp:paragraph -->\r\n<p>Zach\u0119camy do uczestnictwa i zapoznania si\u0119 z programem oraz rejestracj\u0105 przez internet lub telefon sekretariatu PKOIA.<\/p>\r\n<!-- \/wp:paragraph -->\r\n\r\n<!-- wp:paragraph -->\r\n<p>Program i adres rejestracji: <a href=\"https:\/\/szkolenia.iarp.pl\/szkolenie\/765\">https:\/\/szkolenia.iarp.pl\/szkolenie\/765<\/a><\/p>\r\n<hr \/>\r\n<div class=\"span10\"><strong>PLAN SZKOLENIA<\/strong><\/div>\r\n<div>\u00a0<\/div>\r\n<div class=\"span10\"><strong>10:00 &#8211; 10:30<\/strong> Rejestracja<\/div>\r\n<div>\u00a0<\/div>\r\n<div class=\"span10\"><strong>10:30 &#8211; 11:30<\/strong> Bud\u017cet inwestycji i wycena prac projektowych<\/div>\r\n<div>\u00a0<\/div>\r\n<div class=\"span10\">1. Jak wygl\u0105da bud\u017cet inwestycji (mieszkaniowej, biurowej, hotelowej) i ile tak naprawd\u0119 zarabia na tym deweloper<\/div>\r\n<div class=\"span10\">2. Zasady wyceniania prac projektowych &#8211; jak to wygl\u0105da w USA, Europie, &#8230; Warszawie i jak na tym tle wygl\u0105da Rzesz\u00f3w<\/div>\r\n<div class=\"span10\">3. Dlaczego na wojnie cenowej wszyscy trac\u0105<\/div>\r\n<div>\u00a0<\/div>\r\n<div class=\"span10\"><strong>11:30 &#8211; 11:45<\/strong> Przerwa kawowa<\/div>\r\n<div>\u00a0<\/div>\r\n<div class=\"span10\"><strong>11:45 &#8211; 12:00<\/strong> Prezentacja firmy Armstrong<\/div>\r\n<div>\u00a0<\/div>\r\n<div class=\"span10\"><strong>12:00 &#8211; 13:30<\/strong> Refleksje na bazie pracy z klientami<\/div>\r\n<div>\u00a0<\/div>\r\n<div class=\"span10\">4. Czy da si\u0119 inaczej, czyli dylemat wi\u0119\u017ania<\/div>\r\n<div class=\"span10\">5. Do\u015bwiadczenia z ostatnich 20 lat dotycz\u0105ce zasad wyceny prac, czyli przemy\u015blenia na temat cennik\u00f3w SARP<\/div>\r\n<div class=\"span10\">6. Dyskusja<\/div>","protected":false},"excerpt":{"rendered":"<p>Zapraszamy \u00a0serdecznie wszystkich cz\u0142onk\u00f3w Podkarpackiej Okr\u0119gowej Izby Architekt\u00f3w RP na bezp\u0142atne szkolenie pt: ,,Architekcie \u2013 gdzie twoje pieni\u0105dze?!\u201d czyli: om\u00f3wienie biznesowych zasad wyceniania prac projektowych w nawi\u0105zaniu do konkretnych przyk\u0142ad\u00f3w bud\u017cet\u00f3w inwestycji. Przemy\u015blenia na temat powszechnie stosowanych cennik\u00f3w. Celem szkolenia jest poszerzenie znajomo\u015bci zasad wyceniania projekt\u00f3w, zapoznanie si\u0119 z punktem widzenia deweloper\u00f3w oraz z ich [&hellip;]<\/p>\n","protected":false},"author":7,"featured_media":865,"comment_status":"closed","ping_status":"open","sticky":false,"template":"","format":"standard","meta":{"footnotes":""},"categories":[58],"tags":[],"class_list":["post-3765","post","type-post","status-publish","format-standard","has-post-thumbnail","hentry","category-szkolenia-certyfikowane"],"publishpress_future_action":{"enabled":false,"date":"2026-05-05 00:37:33","action":"change-status","newStatus":"draft","terms":[],"taxonomy":"category","extraData":[]},"publishpress_future_workflow_manual_trigger":{"enabledWorkflows":[]},"_links":{"self":[{"href":"https:\/\/podkarpacka.iarp.pl\/index.php?rest_route=\/wp\/v2\/posts\/3765","targetHints":{"allow":["GET"]}}],"collection":[{"href":"https:\/\/podkarpacka.iarp.pl\/index.php?rest_route=\/wp\/v2\/posts"}],"about":[{"href":"https:\/\/podkarpacka.iarp.pl\/index.php?rest_route=\/wp\/v2\/types\/post"}],"author":[{"embeddable":true,"href":"https:\/\/podkarpacka.iarp.pl\/index.php?rest_route=\/wp\/v2\/users\/7"}],"replies":[{"embeddable":true,"href":"https:\/\/podkarpacka.iarp.pl\/index.php?rest_route=%2Fwp%2Fv2%2Fcomments&post=3765"}],"version-history":[{"count":5,"href":"https:\/\/podkarpacka.iarp.pl\/index.php?rest_route=\/wp\/v2\/posts\/3765\/revisions"}],"predecessor-version":[{"id":3769,"href":"https:\/\/podkarpacka.iarp.pl\/index.php?rest_route=\/wp\/v2\/posts\/3765\/revisions\/3769"}],"wp:featuredmedia":[{"embeddable":true,"href":"https:\/\/podkarpacka.iarp.pl\/index.php?rest_route=\/wp\/v2\/media\/865"}],"wp:attachment":[{"href":"https:\/\/podkarpacka.iarp.pl\/index.php?rest_route=%2Fwp%2Fv2%2Fmedia&parent=3765"}],"wp:term":[{"taxonomy":"category","embeddable":true,"href":"https:\/\/podkarpacka.iarp.pl\/index.php?rest_route=%2Fwp%2Fv2%2Fcategories&post=3765"},{"taxonomy":"post_tag","embeddable":true,"href":"https:\/\/podkarpacka.iarp.pl\/index.php?rest_route=%2Fwp%2Fv2%2Ftags&post=3765"}],"curies":[{"name":"wp","href":"https:\/\/api.w.org\/{rel}","templated":true}]}}