{"id":3785,"date":"2019-08-10T19:33:08","date_gmt":"2019-08-10T17:33:08","guid":{"rendered":"http:\/\/podkarpacka.iarp.pl\/?p=3785"},"modified":"2019-08-10T19:33:32","modified_gmt":"2019-08-10T17:33:32","slug":"konkurs-w-ramach-mba-krakow-2019-polaczenia-miasto-i-rzeka","status":"publish","type":"post","link":"https:\/\/podkarpacka.iarp.pl\/?p=3785","title":{"rendered":"3 Konkursy w ramach MBA Krak\u00f3w 2019 &#8211; &#8220;PO\u0141\u0104CZENIA \u2014 miasto i rzeka&#8221;"},"content":{"rendered":"<p><strong>Zach\u0119camy do wzi\u0119cia udzia\u0142u w konkursach MBA Krak\u00f3w 2019.<\/strong><br \/>\nTytu\u0142em tegorocznej edycji jest \u201ePO\u0141\u0104CZENIA \u2014 miasto i rzeka\u201d.<\/p>\n<hr \/>\n<p><span style=\"text-decoration: underline;\"><strong>Konkurs A \u2013 konkurs architektoniczno-urbanistyczny<\/strong><\/span><br \/>\nKonkurs A ma charakter otwarty, ideowy (koncepcyjny).<br \/>\n<strong>Celem Konkursu<\/strong> jest wy\u0142onienie najlepszego projektu nawi\u0105zuj\u0105cego do idei, tematu i tytu\u0142u MBA Krak\u00f3w 2019 \u2013 \u201ePO\u0141\u0104CZENIA \u2013 miasto i rzeka\u201d.<br \/>\n<strong>Nieprzekraczalny termin sk\u0142adania prac up\u0142ywa z dniem 4 wrze\u015bnia 2019.<\/strong><br \/>\n<strong>Termin<\/strong> ten dotyczy tak\u017ce prac nadsy\u0142anych poczt\u0105, kurierem etc. (decyduje data dostarczenia do organizatora).<br \/>\nKomisarzem konkursu A jest architekt Marcin W\u0142odarczyk.<br \/>\n<strong>Nagrody w Konkursie A:<\/strong> I nagroda \u2013 50 000 PLN, II nagroda \u2013 30 000 PLN, III nagroda \u2013 20 000 PLN<\/p>\n<p><span style=\"text-decoration: underline;\"><strong>Konkurs B \u2013 konkurs seminarium<\/strong><\/span><br \/>\nPrzedmiotem konkurencji Seminarium b\u0119d\u0105 referaty \/ prezentacje \/ manifesty stanowi\u0105ce wk\u0142ad w teori\u0119 s\u0142u\u017c\u0105c\u0105 praktyce kszta\u0142towania przyjaznego cz\u0142owiekowi \u015brodowiska, zwi\u0105zane z g\u0142\u00f3wnym tematem MBA Krak\u00f3w 2019 \u201ePO\u0141\u0104CZENIA \u2013 miasto i rzeka\u201d.<br \/>\n<strong>Termin sk\u0142adania prac:<\/strong> do 4 wrze\u015bnia 2019 (dostarczenie do organizator\u00f3w elektronicznej wersji pe\u0142nego tekstu prezentacji oraz abstraktu wyst\u0105pienia zgodnie z Regulaminem Konkurs\u00f3w). Komisarzem konkursu B jest architekt Marta A. Urba\u0144ska.<br \/>\n<strong>Nagrody w Konkursie B:<\/strong> I nagroda \u2013 10 000 PLN, II nagroda \u2013 6 000 PLN, III nagroda \u2013 4 000 PLN<\/p>\n<p><span style=\"text-decoration: underline;\"><strong>Konkurs C \u2013 konkurs multimedialny<\/strong><\/span><br \/>\nCelem Konkursu jest wy\u0142onienie najlepszej pracy konkursowej nawi\u0105zuj\u0105cej do tematu MBA Krak\u00f3w 2019 \u201ePO\u0141\u0104CZENIA \u2013 miasto i rzeka\u201d, a operuj\u0105cej narz\u0119dziem takim, jak kamera czy aparat fotograficzny.<br \/>\n<strong>Termin sk\u0142adania prac i kart zg\u0142osze\u0144 w konkursie C:<\/strong> up\u0142ywa z dniem 4 wrze\u015bnia 2019 (decyduje data dostarczenia do organizatora).<br \/>\nKomisarzem konkursu C jest architekt Pawe\u0142 Wieczorek.<br \/>\n<strong>Nagrody w Konkursie C:<\/strong> nagroda w kategorii Fotografia \u2013 10 000 PLN, nagroda w kategorii Film \u2013 10 000 PLN<\/p>\n<p><strong>Do konkurs\u00f3w szczeg\u00f3lnie zaproszeni s\u0105 wszyscy profesjonali\u015bci, absolwenci, studenci i naukowcy takich dziedzin jak: architektura, urbanistyka, fotografia, sztuka filmowa, historia, historia sztuki, dziedzictwo kulturowe, studia miejskie, socjologia, antropologia, komunikacja a tak\u017ce turystyka, przyroda czy geografia.<\/strong><\/p>\n<p>Prace konkursowe oceniane b\u0119d\u0105 przez 7 osobowe jury, sk\u0142adaj\u0105ce si\u0119 z architekt\u00f3w i urbanist\u00f3w:<\/p>\n<ul>\n<li>Peter Butensch\u00f8n, Kurator MBA Krak\u00f3w 2019, Przewodnicz\u0105cy Jury, architekt i planista, Oslo<\/li>\n<li>Oana Bogdan, za\u0142o\u017cyciel i partner Bogdan &amp; Van Broeck, Bruksela<\/li>\n<li>Lennart Grut, starszy partner Rogers Stirk Harbour + Partners, Londyn<\/li>\n<li>Jan Kleihues, za\u0142o\u017cyciel i partner Kleihues + Kleihues, Berlin<\/li>\n<li>Wojciech Ma\u0142ecki (S\u0119dzia Referent), za\u0142o\u017cyciel i partner Biuro Projektowe Ma\u0142eccy, Polska<\/li>\n<li>Ewa Kury\u0142owicz, wiceprezes Kury\u0142owicz &amp; Associates, Polska<\/li>\n<li>Marta S\u0119kulska-Wro\u0144ska, partner WXCA, Polska<\/li>\n<\/ul>\n<p style=\"font-weight: 400;\"><strong>Wi\u0119cej informacji<\/strong> na temat MBA Krak\u00f3w 2019 znale\u017a\u0107 mo\u017cna na:\u00a0<a href=\"http:\/\/mba2019.sarp.krakow.pl\/pl\/\" data-saferedirecturl=\"https:\/\/www.google.com\/url?q=http:\/\/mba2019.sarp.krakow.pl\/pl\/&amp;source=gmail&amp;ust=1565543661173000&amp;usg=AFQjCNFvH03i2y-aIGzVcaxAO3rPJQFLzQ\">http:\/\/mba2019.sarp.krakow.pl\/pl\/<\/a>\u00a0oraz na\u00a0profilu FB:\u00a0<a href=\"https:\/\/www.facebook.com\/events\/317745052164727\/\" data-saferedirecturl=\"https:\/\/www.google.com\/url?q=https:\/\/www.facebook.com\/events\/317745052164727\/&amp;source=gmail&amp;ust=1565543661173000&amp;usg=AFQjCNEyCF2xZbzgDygS-Nitt3iAiXQ5XA\">https:\/\/www.facebook.com\/events\/317745052164727\/<\/a>.<br \/>\n<strong>Regulamin Konkurs\u00f3w mo\u017cna znale\u017a\u0107 mo\u017cna na\u00a0<\/strong><a href=\"http:\/\/mba2019.sarp.krakow.pl\/pl\/konkursy\/\" data-saferedirecturl=\"https:\/\/www.google.com\/url?q=http:\/\/mba2019.sarp.krakow.pl\/pl\/konkursy\/&amp;source=gmail&amp;ust=1565543661173000&amp;usg=AFQjCNHPKnh7HZnRVtK-axfNaAshQ9aMlw\">http:\/\/mba2019.sarp.krakow.pl\/pl\/konkursy\/<\/a>.<br \/>\n<strong>Pytania dotycz\u0105ce generalnych kwestii organizacyjnych,<\/strong> nale\u017cy kierowa\u0107 do Biura SARP Oddzia\u0142 Krak\u00f3w:<br \/>\nStowarzyszenie Architekt\u00f3w Polskich Oddzia\u0142 Krak\u00f3w, plac Szczepa\u0144ski 6, 31-011 Krak\u00f3w, tel.: +48 12 422 75 40,\u00a0<a href=\"mailto:mba-office@sarp.krakow.pl\">mba-office@sarp.krakow.pl<\/a><\/p>\n<p style=\"font-weight: 400;\"><strong>Pytania dotycz\u0105ce kwestii organizacyjnych konkurs\u00f3w A, B, C nale\u017cy kierowa\u0107 do komisarzy poszczeg\u00f3lnych konkurs\u00f3w:<\/strong><\/p>\n<p style=\"font-weight: 400;\">A:\u00a0<a href=\"mailto:mba-competition@sarp.krakow.pl\">mba-competition@sarp.krakow.pl<\/a><br \/>\nB:\u00a0<a href=\"mailto:mba-seminar@sarp.krakow.pl\">mba-seminar@sarp.krakow.pl<\/a><br \/>\nC:\u00a0<a href=\"mailto:mba-multi@sarp.krakow.pl\">mba-multi@sarp.krakow.pl<\/a><\/p>\n<p><strong>Szczeg\u00f3\u0142y pozosta\u0142e w broszurze do pobrania:<\/strong><\/p>\n<p><strong><a href=\"https:\/\/podkarpacka.iarp.pl\/wp-content\/uploads\/2019\/08\/MBA-Krak\u00f3w-2019-zaproszenie-do-konkurs\u00f3w.pdf\">MBA Krak\u00f3w 2019 zaproszenie do konkurs\u00f3w<\/a><\/strong><\/p>\n","protected":false},"excerpt":{"rendered":"<p>Zach\u0119camy do wzi\u0119cia udzia\u0142u w konkursach MBA Krak\u00f3w 2019. Tytu\u0142em tegorocznej edycji jest \u201ePO\u0141\u0104CZENIA \u2014 miasto i rzeka\u201d. Konkurs A \u2013 konkurs architektoniczno-urbanistyczny Konkurs A ma charakter otwarty, ideowy (koncepcyjny). Celem Konkursu jest wy\u0142onienie najlepszego projektu nawi\u0105zuj\u0105cego do idei, tematu i tytu\u0142u MBA Krak\u00f3w 2019 \u2013 \u201ePO\u0141\u0104CZENIA \u2013 miasto i rzeka\u201d. Nieprzekraczalny termin sk\u0142adania prac [&hellip;]<\/p>\n","protected":false},"author":7,"featured_media":3787,"comment_status":"closed","ping_status":"open","sticky":false,"template":"","format":"standard","meta":{"footnotes":""},"categories":[69,62],"tags":[],"class_list":["post-3785","post","type-post","status-publish","format-standard","has-post-thumbnail","hentry","category-aktualnosci","category-konkursy"],"publishpress_future_action":{"enabled":false,"date":"2026-05-05 04:38:41","action":"change-status","newStatus":"draft","terms":[],"taxonomy":"category","extraData":[]},"publishpress_future_workflow_manual_trigger":{"enabledWorkflows":[]},"_links":{"self":[{"href":"https:\/\/podkarpacka.iarp.pl\/index.php?rest_route=\/wp\/v2\/posts\/3785","targetHints":{"allow":["GET"]}}],"collection":[{"href":"https:\/\/podkarpacka.iarp.pl\/index.php?rest_route=\/wp\/v2\/posts"}],"about":[{"href":"https:\/\/podkarpacka.iarp.pl\/index.php?rest_route=\/wp\/v2\/types\/post"}],"author":[{"embeddable":true,"href":"https:\/\/podkarpacka.iarp.pl\/index.php?rest_route=\/wp\/v2\/users\/7"}],"replies":[{"embeddable":true,"href":"https:\/\/podkarpacka.iarp.pl\/index.php?rest_route=%2Fwp%2Fv2%2Fcomments&post=3785"}],"version-history":[{"count":2,"href":"https:\/\/podkarpacka.iarp.pl\/index.php?rest_route=\/wp\/v2\/posts\/3785\/revisions"}],"predecessor-version":[{"id":3789,"href":"https:\/\/podkarpacka.iarp.pl\/index.php?rest_route=\/wp\/v2\/posts\/3785\/revisions\/3789"}],"wp:featuredmedia":[{"embeddable":true,"href":"https:\/\/podkarpacka.iarp.pl\/index.php?rest_route=\/wp\/v2\/media\/3787"}],"wp:attachment":[{"href":"https:\/\/podkarpacka.iarp.pl\/index.php?rest_route=%2Fwp%2Fv2%2Fmedia&parent=3785"}],"wp:term":[{"taxonomy":"category","embeddable":true,"href":"https:\/\/podkarpacka.iarp.pl\/index.php?rest_route=%2Fwp%2Fv2%2Fcategories&post=3785"},{"taxonomy":"post_tag","embeddable":true,"href":"https:\/\/podkarpacka.iarp.pl\/index.php?rest_route=%2Fwp%2Fv2%2Ftags&post=3785"}],"curies":[{"name":"wp","href":"https:\/\/api.w.org\/{rel}","templated":true}]}}