{"id":3798,"date":"2019-09-12T21:02:23","date_gmt":"2019-09-12T19:02:23","guid":{"rendered":"http:\/\/podkarpacka.iarp.pl\/?p=3798"},"modified":"2019-09-27T10:33:34","modified_gmt":"2019-09-27T08:33:34","slug":"podkarpacki-przeglad-architektury-1989-2019","status":"publish","type":"post","link":"https:\/\/podkarpacka.iarp.pl\/?p=3798","title":{"rendered":"PPA &#8211; Podkarpacki Przegl\u0105d Architektury 2019 &#8211; lata: 1989-2019"},"content":{"rendered":"<p><b>Podkarpacka Okr\u0119gowa Izba Architekt\u00f3w oddzia\u0142 Rzesz\u00f3w wraz z <\/b><strong>SARP Oddzia\u0142 Rzesz\u00f3w<\/strong><br \/>\n<strong>zaprasza do wzi\u0119cia udzia\u0142u w wystawie<\/strong><br \/>\n<strong>Podkarpacki Przegl\u0105d Architektury 1989-2019<\/strong><\/p>\n<p>Rok 1989 sta\u0142 si\u0119 symboliczn\u0105 i faktyczn\u0105 cezur\u0105 najnowszej historii Polski. Od tego czasu we wszystkich obszarach funkcjonowania pa\u0144stwa i spo\u0142ecze\u0144stwa zasz\u0142y g\u0142\u0119bokie<br \/>\nzmiany. Architektura naturalnie sta\u0142a si\u0119 dla nich lustrem. Organizowana wystawa ma na celu przybli\u017cenie dorobku architekt\u00f3w z rejonu Podkarpacia (zrzeszonych w SARP o. Rzesz\u00f3w i PKOIA) od czasu transformacji ustrojowej do dnia dzisiejszego.<\/p>\n<p>W zamy\u015ble organizator\u00f3w wystawa ma mie\u0107 formu\u0142\u0119 otwart\u0105 i dawa\u0107 mo\u017cliwo\u015b\u0107 autorskiej wypowiedzi jej uczestnikom. Dlatego prezentacje nie b\u0119d\u0105 podlega\u0107 wst\u0119pnej ocenie ani preselekcji. Dob\u00f3r prezentowanych projekt\u00f3w pozostanie w gestii uczestnik\u00f3w.<br \/>\n<strong>B\u0119d\u0105 oni mogli przedstawi\u0107 zar\u00f3wno projekty zrealizowane jak r\u00f3wnie\u017c prace studialne, koncepcje konkursowe i projekty z r\u00f3\u017cnych przyczyn niepowsta\u0142e minionych 30 lat. <\/strong>Ka\u017cdy z uczestnik\u00f3w b\u0119dzie m\u00f3g\u0142 przygotowa\u0107 jedn\u0105 albo dwie plansze wg przygotowanych przez organizatora szablon\u00f3w. <strong>Na pojedynczej planszy (70cm x 200cm)<\/strong> b\u0119dzie mo\u017cna zamie\u015bci\u0107 <strong>od jednego do czterech projekt\u00f3w<\/strong>. Szablony zostan\u0105 zamieszczone na stronach internetowych SARP i PKOIA.<\/p>\n<p><strong>Wykonane wg. proponowanych szablon\u00f3w prezentacje uczestnicy b\u0119d\u0105 mieli za zadanie dostarczy\u0107 w formacie .PDF<\/strong>\u00a0<strong>300DPI <\/strong><\/p>\n<p><span style=\"color: #ff0000;\"><strong>w nieprzekraczalny terminie do 29 listopada 2019 ( godzina 00:00)<\/strong><\/span><\/p>\n<p>na <strong>adres e-mail biura SARP<\/strong> z dopiskiem <strong>\u201ePPA 2019 Imi\u0119 i nazwisko\u201d ( <a href=\"mailto:rzeszow@sarp.org.pl\">rzeszow@sarp.org.pl<\/a> )<\/strong> lub bezpo\u015brednio do siedziby biura <strong>na no\u015bniku CD<\/strong> (Rynek 8, 35-064 Rzesz\u00f3w). Wydruki plansz zorganizowane zostan\u0105 przez biuro SARP.<\/p>\n<p><strong>Koszt wydruku pojedynczej planszy jest pokrywany przez uczestnika i wynosi 200 z\u0142 za ka\u017cd\u0105 zg\u0142aszan\u0105 plansz\u0119.<\/strong><br \/>\nNumer konta SARP do wp\u0142at z tytu\u0142em\u00a0 <em>\u201ePPA 2019 Imi\u0119 i nazwisko\u201d :<\/em><\/p>\n<p><span style=\"font-size: 10pt;\"><strong>06 1240 2614 1111 0000 3958 6083<\/strong><\/span><br \/>\n<span style=\"font-size: 10pt;\">w nieprzekraczalnym terminie\u00a0<strong>do 29 listopada 2019r. ( godzina 0:00 )<\/strong><\/span><\/p>\n<p>Wystawa zostanie zaprezentowana w siedzibie SARP O.Rzesz\u00f3w oraz podczas Targ\u00f3w Budownictwa, gdzie zostan\u0105 wr\u0119czone wyr\u00f3\u017cnienia. O terminie wystaw b\u0119dziemy informowali uczestnik\u00f3w w odr\u0119bnych wiadomo\u015bciach. W p\u00f3\u017aniejszym czasie z wystawy zostanie r\u00f3wnie\u017c przygotowana publikacja ksi\u0105\u017ckowa.<\/p>\n<ul>\n<li><strong><em>oprac. Wojciech Fa\u0142at i Cezary Szpytma <\/em><\/strong><strong><em>cz\u0142onkowie Kolegium S\u0119dzi\u00f3w Konkursowych SARP o. Rzesz\u00f3w<\/em><\/strong><\/li>\n<li><strong><em>Renata \u015awi\u0119ci\u0144ska przewodnicz\u0105ca PKOIA<\/em><\/strong><\/li>\n<li><strong><em>Marek Chrobak prezes SARP O.Rzesz\u00f3w<\/em><\/strong><\/li>\n<\/ul>\n<p><strong><span style=\"color: #ff0000;\"><a style=\"color: #ff0000;\" href=\"https:\/\/podkarpacka.iarp.pl\/wp-content\/uploads\/2019\/09\/PPA-2019-WZORCE-PLANSZ.zip\">Pliki do Pobrania: WZORCE PLANSZ (ZIP)<\/a><\/span><\/strong><\/p>\n<p><strong><span style=\"color: #ff0000;\"><a style=\"color: #ff0000;\" href=\"https:\/\/podkarpacka.iarp.pl\/wp-content\/uploads\/2019\/09\/PPA-2019-WZORCE-PLANSZ.pdf\">PPA-2019-WZORCE-PLANSZ (PDF)<\/a><\/span><\/strong><\/p>\n<p><strong><span style=\"color: #ff0000;\"><a style=\"color: #ff0000;\" href=\"http:\/\/rzeszow.sarp.org.pl\/index.php\/2019\/09\/07\/ppa2019\/\">LINK do FORMULARZA REJESTRACYJNEGO &#8211; na stronie SARP<\/a><\/span><\/strong><\/p>\n<p><a href=\"https:\/\/podkarpacka.iarp.pl\/wp-content\/uploads\/2019\/09\/1.jpg\"><img loading=\"lazy\" decoding=\"async\" class=\"alignnone size-large wp-image-3799\" src=\"https:\/\/podkarpacka.iarp.pl\/wp-content\/uploads\/2019\/09\/1-1024x266.jpg\" alt=\"\" width=\"770\" height=\"200\" srcset=\"https:\/\/podkarpacka.iarp.pl\/wp-content\/uploads\/2019\/09\/1.jpg 1024w, https:\/\/podkarpacka.iarp.pl\/wp-content\/uploads\/2019\/09\/1-300x78.jpg 300w, https:\/\/podkarpacka.iarp.pl\/wp-content\/uploads\/2019\/09\/1-768x200.jpg 768w\" sizes=\"auto, (max-width: 770px) 100vw, 770px\" \/><\/a><\/p>\n","protected":false},"excerpt":{"rendered":"<p>Podkarpacka Okr\u0119gowa Izba Architekt\u00f3w oddzia\u0142 Rzesz\u00f3w wraz z SARP Oddzia\u0142 Rzesz\u00f3w zaprasza do wzi\u0119cia udzia\u0142u w wystawie Podkarpacki Przegl\u0105d Architektury 1989-2019 Rok 1989 sta\u0142 si\u0119 symboliczn\u0105 i faktyczn\u0105 cezur\u0105 najnowszej historii Polski. Od tego czasu we wszystkich obszarach funkcjonowania pa\u0144stwa i spo\u0142ecze\u0144stwa zasz\u0142y g\u0142\u0119bokie zmiany. Architektura naturalnie sta\u0142a si\u0119 dla nich lustrem. Organizowana wystawa ma [&hellip;]<\/p>\n","protected":false},"author":7,"featured_media":3809,"comment_status":"closed","ping_status":"open","sticky":false,"template":"","format":"standard","meta":{"footnotes":""},"categories":[62],"tags":[79],"class_list":["post-3798","post","type-post","status-publish","format-standard","has-post-thumbnail","hentry","category-konkursy","tag-konkurs"],"publishpress_future_action":{"enabled":false,"date":"2026-05-05 04:37:34","action":"change-status","newStatus":"draft","terms":[],"taxonomy":"category","extraData":[]},"publishpress_future_workflow_manual_trigger":{"enabledWorkflows":[]},"_links":{"self":[{"href":"https:\/\/podkarpacka.iarp.pl\/index.php?rest_route=\/wp\/v2\/posts\/3798","targetHints":{"allow":["GET"]}}],"collection":[{"href":"https:\/\/podkarpacka.iarp.pl\/index.php?rest_route=\/wp\/v2\/posts"}],"about":[{"href":"https:\/\/podkarpacka.iarp.pl\/index.php?rest_route=\/wp\/v2\/types\/post"}],"author":[{"embeddable":true,"href":"https:\/\/podkarpacka.iarp.pl\/index.php?rest_route=\/wp\/v2\/users\/7"}],"replies":[{"embeddable":true,"href":"https:\/\/podkarpacka.iarp.pl\/index.php?rest_route=%2Fwp%2Fv2%2Fcomments&post=3798"}],"version-history":[{"count":5,"href":"https:\/\/podkarpacka.iarp.pl\/index.php?rest_route=\/wp\/v2\/posts\/3798\/revisions"}],"predecessor-version":[{"id":3829,"href":"https:\/\/podkarpacka.iarp.pl\/index.php?rest_route=\/wp\/v2\/posts\/3798\/revisions\/3829"}],"wp:featuredmedia":[{"embeddable":true,"href":"https:\/\/podkarpacka.iarp.pl\/index.php?rest_route=\/wp\/v2\/media\/3809"}],"wp:attachment":[{"href":"https:\/\/podkarpacka.iarp.pl\/index.php?rest_route=%2Fwp%2Fv2%2Fmedia&parent=3798"}],"wp:term":[{"taxonomy":"category","embeddable":true,"href":"https:\/\/podkarpacka.iarp.pl\/index.php?rest_route=%2Fwp%2Fv2%2Fcategories&post=3798"},{"taxonomy":"post_tag","embeddable":true,"href":"https:\/\/podkarpacka.iarp.pl\/index.php?rest_route=%2Fwp%2Fv2%2Ftags&post=3798"}],"curies":[{"name":"wp","href":"https:\/\/api.w.org\/{rel}","templated":true}]}}