{"id":3816,"date":"2019-09-17T19:43:49","date_gmt":"2019-09-17T17:43:49","guid":{"rendered":"http:\/\/podkarpacka.iarp.pl\/?p=3816"},"modified":"2019-09-17T19:43:49","modified_gmt":"2019-09-17T17:43:49","slug":"ogloszenie-wspolpraca-z-organami-administracji-panstwowej","status":"publish","type":"post","link":"https:\/\/podkarpacka.iarp.pl\/?p=3816","title":{"rendered":"OG\u0141OSZENIE &#8211; wsp\u00f3\u0142praca z organami administracji pa\u0144stwowej"},"content":{"rendered":"<p>Podkarpacka Okr\u0119gowa Izba Architekt\u00f3w informuje,<\/p>\n<p>\u017ce wsp\u00f3\u0142pracuj\u0105ce z ni\u0105 <strong>organy administracji pa\u0144stwowej poszukuj\u0105 do wsp\u00f3\u0142pracy os\u00f3b z wykszta\u0142ceniem architektonicznym<\/strong> lub pokrewnym w charakterze doradc\u00f3w i ekspert\u00f3w z zakres administracji architektoniczno-budowlanej.<\/p>\n<p>Szersze informacje mo\u017cna uzyska\u0107 pod nr tel:\u00a0 797-876-836 i 787-092-208<\/p>\n","protected":false},"excerpt":{"rendered":"<p>Podkarpacka Okr\u0119gowa Izba Architekt\u00f3w informuje, \u017ce wsp\u00f3\u0142pracuj\u0105ce z ni\u0105 organy administracji pa\u0144stwowej poszukuj\u0105 do wsp\u00f3\u0142pracy os\u00f3b z wykszta\u0142ceniem architektonicznym lub pokrewnym w charakterze doradc\u00f3w i ekspert\u00f3w z zakres administracji architektoniczno-budowlanej. Szersze informacje mo\u017cna uzyska\u0107 pod nr tel:\u00a0 797-876-836 i 787-092-208<\/p>\n","protected":false},"author":7,"featured_media":0,"comment_status":"closed","ping_status":"open","sticky":false,"template":"","format":"standard","meta":{"footnotes":""},"categories":[56],"tags":[],"class_list":["post-3816","post","type-post","status-publish","format-standard","hentry","category-informacje-rady"],"publishpress_future_action":{"enabled":false,"date":"2026-05-08 12:24:18","action":"change-status","newStatus":"draft","terms":[],"taxonomy":"category","extraData":[]},"publishpress_future_workflow_manual_trigger":{"enabledWorkflows":[]},"_links":{"self":[{"href":"https:\/\/podkarpacka.iarp.pl\/index.php?rest_route=\/wp\/v2\/posts\/3816","targetHints":{"allow":["GET"]}}],"collection":[{"href":"https:\/\/podkarpacka.iarp.pl\/index.php?rest_route=\/wp\/v2\/posts"}],"about":[{"href":"https:\/\/podkarpacka.iarp.pl\/index.php?rest_route=\/wp\/v2\/types\/post"}],"author":[{"embeddable":true,"href":"https:\/\/podkarpacka.iarp.pl\/index.php?rest_route=\/wp\/v2\/users\/7"}],"replies":[{"embeddable":true,"href":"https:\/\/podkarpacka.iarp.pl\/index.php?rest_route=%2Fwp%2Fv2%2Fcomments&post=3816"}],"version-history":[{"count":1,"href":"https:\/\/podkarpacka.iarp.pl\/index.php?rest_route=\/wp\/v2\/posts\/3816\/revisions"}],"predecessor-version":[{"id":3817,"href":"https:\/\/podkarpacka.iarp.pl\/index.php?rest_route=\/wp\/v2\/posts\/3816\/revisions\/3817"}],"wp:attachment":[{"href":"https:\/\/podkarpacka.iarp.pl\/index.php?rest_route=%2Fwp%2Fv2%2Fmedia&parent=3816"}],"wp:term":[{"taxonomy":"category","embeddable":true,"href":"https:\/\/podkarpacka.iarp.pl\/index.php?rest_route=%2Fwp%2Fv2%2Fcategories&post=3816"},{"taxonomy":"post_tag","embeddable":true,"href":"https:\/\/podkarpacka.iarp.pl\/index.php?rest_route=%2Fwp%2Fv2%2Ftags&post=3816"}],"curies":[{"name":"wp","href":"https:\/\/api.w.org\/{rel}","templated":true}]}}