{"id":3818,"date":"2019-09-21T17:20:49","date_gmt":"2019-09-21T15:20:49","guid":{"rendered":"http:\/\/podkarpacka.iarp.pl\/?p=3818"},"modified":"2019-12-16T21:37:40","modified_gmt":"2019-12-16T19:37:40","slug":"zaproszenie-o-udzialu-w-konkursie-dom-moich-marzen-ix-edycja","status":"publish","type":"post","link":"https:\/\/podkarpacka.iarp.pl\/?p=3818","title":{"rendered":"ZAPROSZENIE DO UDZIA\u0141U W KONKURSIE \u201eDOM MOICH MARZE\u0143\u201d \u2013 IX EDYCJA"},"content":{"rendered":"<p>Podkarpacka Okr\u0119gowa Izba Architekt\u00f3w RP<\/p>\n<p>zaprasza<\/p>\n<p><strong>uczni\u00f3w czwartych klas szk\u00f3\u0142 podstawowych do udzia\u0142u w konkursie \u201e Dom Moich Marze\u0144\u201d \u2013 Przygoda z architektur\u0105.<\/strong><\/p>\n<p>Jak co roku liczymy na zaanga\u017cowanie i liczny udzia\u0142 w konkursie.<\/p>\n<p>Dla zwyci\u0119zc\u00f3w przewidziane s\u0105 nagrody rzeczowe oraz dyplomy.<\/p>\n<p>Nagrodzone i wyr\u00f3\u017cnione prace zaprezentowane zostan\u0105 na og\u00f3lnodost\u0119pnej wystawie oraz umieszczone na kalendarzu na 2020 rok.<\/p>\n<p>O finale i spotkaniu pokonkursowym poinformujemy po wy\u0142onieniu przez powo\u0142ane jury najlepszych prac.<\/p>\n<hr \/>\n<p>Konkurs &#8220;Dom moich Marze\u0144&#8221; w poprzednich latach:<\/p>\n<p><a href=\"https:\/\/podkarpacka.iarp.pl\/?p=2345\">Edycja VIII &#8211; 2018 &#8211; relacja z rozdania nagr\u00f3d<\/a><br \/>\n<a href=\"https:\/\/podkarpacka.iarp.pl\/?p=1769\">Edycja VII &#8211; 2017 &#8211; relacja z rozdania nagr\u00f3d<\/a><br \/>\n<a href=\"https:\/\/podkarpacka.iarp.pl\/?p=1769\">Edycja VI &#8211; 2016 &#8211; relacja z rozdania nagr\u00f3d<\/a><br \/>\n<a href=\"https:\/\/podkarpacka.iarp.pl\/?p=1799\">Edycja V &#8211; 2015 &#8211; Relacja z rozdania nagr\u00f3d<\/a><br \/>\n<a href=\"https:\/\/podkarpacka.iarp.pl\/?p=552\">Edycja IV &#8211; 2014<\/a><br \/>\n<a href=\"https:\/\/podkarpacka.iarp.pl\/?p=254\">Edycja VI &#8211; 2013<\/a><br \/>\n<a href=\"https:\/\/podkarpacka.iarp.pl\/?p=136\">Edycja III &#8211; 2012<\/a><\/p>\n<p><a href=\"https:\/\/podkarpacka.iarp.pl\/wp-content\/uploads\/2019\/09\/KALENDARZ-Dom-Moich-Marze\u0144-Konkurs-2019-1.jpg\"><img loading=\"lazy\" decoding=\"async\" class=\"alignnone size-large wp-image-3826\" src=\"https:\/\/podkarpacka.iarp.pl\/wp-content\/uploads\/2019\/09\/KALENDARZ-Dom-Moich-Marze\u0144-Konkurs-2019-1-711x1024.jpg\" alt=\"\" width=\"711\" height=\"1024\" srcset=\"https:\/\/podkarpacka.iarp.pl\/wp-content\/uploads\/2019\/09\/KALENDARZ-Dom-Moich-Marze\u0144-Konkurs-2019-1-711x1024.jpg 711w, https:\/\/podkarpacka.iarp.pl\/wp-content\/uploads\/2019\/09\/KALENDARZ-Dom-Moich-Marze\u0144-Konkurs-2019-1-208x300.jpg 208w, https:\/\/podkarpacka.iarp.pl\/wp-content\/uploads\/2019\/09\/KALENDARZ-Dom-Moich-Marze\u0144-Konkurs-2019-1-768x1107.jpg 768w, https:\/\/podkarpacka.iarp.pl\/wp-content\/uploads\/2019\/09\/KALENDARZ-Dom-Moich-Marze\u0144-Konkurs-2019-1.jpg 1005w\" sizes=\"auto, (max-width: 711px) 100vw, 711px\" \/><\/a><\/p>\n","protected":false},"excerpt":{"rendered":"<p>Podkarpacka Okr\u0119gowa Izba Architekt\u00f3w RP zaprasza uczni\u00f3w czwartych klas szk\u00f3\u0142 podstawowych do udzia\u0142u w konkursie \u201e Dom Moich Marze\u0144\u201d \u2013 Przygoda z architektur\u0105. Jak co roku liczymy na zaanga\u017cowanie i liczny udzia\u0142 w konkursie. Dla zwyci\u0119zc\u00f3w przewidziane s\u0105 nagrody rzeczowe oraz dyplomy. Nagrodzone i wyr\u00f3\u017cnione prace zaprezentowane zostan\u0105 na og\u00f3lnodost\u0119pnej wystawie oraz umieszczone na kalendarzu [&hellip;]<\/p>\n","protected":false},"author":7,"featured_media":3825,"comment_status":"closed","ping_status":"open","sticky":false,"template":"","format":"standard","meta":{"footnotes":""},"categories":[69,62],"tags":[],"class_list":["post-3818","post","type-post","status-publish","format-standard","has-post-thumbnail","hentry","category-aktualnosci","category-konkursy"],"publishpress_future_action":{"enabled":false,"date":"2026-05-05 04:39:33","action":"change-status","newStatus":"draft","terms":[],"taxonomy":"category","extraData":[]},"publishpress_future_workflow_manual_trigger":{"enabledWorkflows":[]},"_links":{"self":[{"href":"https:\/\/podkarpacka.iarp.pl\/index.php?rest_route=\/wp\/v2\/posts\/3818","targetHints":{"allow":["GET"]}}],"collection":[{"href":"https:\/\/podkarpacka.iarp.pl\/index.php?rest_route=\/wp\/v2\/posts"}],"about":[{"href":"https:\/\/podkarpacka.iarp.pl\/index.php?rest_route=\/wp\/v2\/types\/post"}],"author":[{"embeddable":true,"href":"https:\/\/podkarpacka.iarp.pl\/index.php?rest_route=\/wp\/v2\/users\/7"}],"replies":[{"embeddable":true,"href":"https:\/\/podkarpacka.iarp.pl\/index.php?rest_route=%2Fwp%2Fv2%2Fcomments&post=3818"}],"version-history":[{"count":6,"href":"https:\/\/podkarpacka.iarp.pl\/index.php?rest_route=\/wp\/v2\/posts\/3818\/revisions"}],"predecessor-version":[{"id":3867,"href":"https:\/\/podkarpacka.iarp.pl\/index.php?rest_route=\/wp\/v2\/posts\/3818\/revisions\/3867"}],"wp:featuredmedia":[{"embeddable":true,"href":"https:\/\/podkarpacka.iarp.pl\/index.php?rest_route=\/wp\/v2\/media\/3825"}],"wp:attachment":[{"href":"https:\/\/podkarpacka.iarp.pl\/index.php?rest_route=%2Fwp%2Fv2%2Fmedia&parent=3818"}],"wp:term":[{"taxonomy":"category","embeddable":true,"href":"https:\/\/podkarpacka.iarp.pl\/index.php?rest_route=%2Fwp%2Fv2%2Fcategories&post=3818"},{"taxonomy":"post_tag","embeddable":true,"href":"https:\/\/podkarpacka.iarp.pl\/index.php?rest_route=%2Fwp%2Fv2%2Ftags&post=3818"}],"curies":[{"name":"wp","href":"https:\/\/api.w.org\/{rel}","templated":true}]}}