{"id":3835,"date":"2019-11-04T14:11:38","date_gmt":"2019-11-04T12:11:38","guid":{"rendered":"http:\/\/podkarpacka.iarp.pl\/?p=3835"},"modified":"2019-11-07T20:54:23","modified_gmt":"2019-11-07T18:54:23","slug":"konkurs-dzieciece-archi-christmas-2019-na-architektoniczna-ozdobe-swiateczna","status":"publish","type":"post","link":"https:\/\/podkarpacka.iarp.pl\/?p=3835","title":{"rendered":"Konkurs dla dzieci na architektoniczn\u0105 ozdob\u0119 \u015bwi\u0105teczn\u0105 &#8211; &#8220;Dzieci\u0119ce Archi \u2013 Christmas 2019\u201d ."},"content":{"rendered":"<p><strong><b>Dziewczynki i Ch\u0142opcy!<\/b><\/strong><\/p>\n<p>Po raz kolejny kierujemy do Was zaproszenie do wsp\u00f3lnej zabawy. Je\u017celi je otrzymali\u015bcie to oznacza, \u017ce kto\u015b z Waszych bliskich (Mama, Tata, Babcia, Dziadek, a mo\u017ce Siostra, Brat, Ciocia lub Wujek) s\u0105 architektami. A mo\u017ce wszyscy wraz \ud83d\ude42<\/p>\n<p>Moi drodzy &#8211; ju\u017c za 7 tygodni najpi\u0119kniejsze w roku \u015awi\u0119ta: &#8220;Bo\u017cego Narodzenia&#8221;.<\/p>\n<p>B\u0119dziemy ubiera\u0107 \u015bwi\u0105teczne drzewka- choinki, tak\u017ce w naszym biurze architekt\u00f3w.<\/p>\n<p>W zwi\u0105zku z tym chcieliby\u015bmy zaprosi\u0107 Was do wsp\u00f3lnej zabawy i prosi\u0107 o pomoc w udekorowaniu naszej choinki. Przez chwilk\u0119 pobawcie si\u0119 w architekt\u00f3w i &#8220;zaprojektujcie&#8221; dla nas pi\u0119kne ozdoby choinkowe, bior\u0105c udzia\u0142 w proponowanej przez nas:<br \/>\n<span style=\"color: #ff0000;\"><strong><u><b>zabawie- konkursie na architektoniczn\u0105 ozdob\u0119 \u015bwi\u0105teczn\u0105:\u00a0 <\/b><\/u><\/strong><strong><u><b>&#8220;Dzieci\u0119ce ARCHI- Christmas&#8221; <\/b><\/u><\/strong><\/span><\/p>\n<p>Waszymi ozdobami mo\u017ce by\u0107 wszystko, co mo\u017cna powiesi\u0107 na choince \u015bwi\u0105tecznej: ba\u0144ka, anio\u0142ek, szopka, \u0142a\u0144cuch, figurka, zabawka- na co tylko pozwoli Wam wasza dzieci\u0119ca wyobra\u017ania. )<\/p>\n<p>Nie narzucamy Wam techniki wykonania ozdoby. Mo\u017ce to by\u0107: papier, bibu\u0142a, kartonik, tektura, sklejka, plastelina, patyczki, druciki, tkanina, koraliki itp.<\/p>\n<p>U\u017cyjcie swojej wyobra\u017ani &#8220;ma\u0142ych architekt\u00f3w&#8221;. Sprawd\u017acie czy bycie architektem to takie proste zadanie \ud83d\ude09 Dzieciaki- na przygotowanie architektonicznej ozdoby \u015bwi\u0105tecznej <u>macie ca\u0142y miesi\u0105c listopad.<\/u>\u00a0To bardzo du\u017co czasu.<\/p>\n<p>Przygotowan\u0105, <strong><u><b>podpisan\u0105 Waszym imieniem i nazwiskiem oraz podanym wiekiem<\/b><\/u><\/strong>\u00a0ozdob\u0119 \u015bwi\u0105teczn\u0105 przywie\u017acie wraz ze swoim doros\u0142ym architektem (Mam\u0105, Tata, Babci\u0105, Dziadziem, Cioci\u0105 czy Wujkiem) do naszego biura Podkarpackiej Okr\u0119gowej Izby Architekt\u00f3w i SARP o. Rzesz\u00f3w &#8211; Rzesz\u00f3w i ul. Rynek. <strong><u><b>w dniach od 2- do 6 grudnia 2019r.<\/b><\/u><\/strong><br \/>\n<b><\/b><\/p>\n<p><span style=\"color: #ff0000;\"><strong><b>B\u0119dzie tam na Was czeka\u0142a \u015bwi\u0105teczna choinka. <\/b><\/strong><\/span><\/p>\n<p><span style=\"color: #ff0000;\"><strong><b>A teraz uwaga! <\/b><\/strong><\/span><\/p>\n<p>Zawieszacie ozdob\u0119 w miejscu powieszonych niespodzianek- s\u0142odyczy. S\u0142odycze b\u0119d\u0105 r\u00f3\u017cne wi\u0119c kto szybciej przywiezie ozdob\u0119 b\u0119dzie mia\u0142 ich wi\u0119kszy wyb\u00f3r \ud83d\ude42 To taka malutka nagroda za wykonan\u0105 prac\u0119. Lecz to nie wszystko. Wasze pi\u0119kne prace oceni p\u00f3\u017aniej profesjonalne jury doros\u0142ych architekt\u00f3w, kt\u00f3re wybierze najpi\u0119kniejsz\u0105 architektoniczn\u0105 ozdob\u0119 \u015bwi\u0105teczn\u0105 na 2019r.<\/p>\n<p><span style=\"color: #ff0000;\"><strong><b>B\u0119d\u0105 DWIE g\u0142\u00f3wne nagrody. Zostan\u0105 one sfotografowane, a ich zdj\u0119cia umie\u015bcimy na naszych \u00a0\u015bwi\u0105tecznych karteczkach z \u017cyczeniami, kt\u00f3re rozsy\u0142amy do wszystkich architekt\u00f3w z ca\u0142ego Podkarpacia, wa\u017cnych instytucji, os\u00f3b oraz naszych biur w ca\u0142ej Polsce.<\/b><\/strong><\/span><\/p>\n<p><strong><b>B\u0119d\u0105 tak\u017ce nagrody niespodzianki!<\/b><\/strong><\/p>\n<p><strong><u><b>Na og\u0142oszenie wynik\u00f3w naszego konkursu- zabawy zapraszamy Was z Waszymi opiekunami w dniu 19 grudnia 2019r. o godz. 17.<\/b><\/u><\/strong><\/p>\n<p>W tym dniu spotkamy si\u0119 tam wszyscy. Przyjdzie wielu architekt\u00f3w, \u017ceby\u015bmy przy tej okazji z\u0142o\u017cyli sobie \u017cyczenia \u015bwi\u0105teczne. B\u0119dzie wi\u0119c bardzo uroczy\u015bcie i \u015bwi\u0105tecznie.<\/p>\n<p>Zapraszamy \ud83d\ude42 i do dzie\u0142a!<\/p>\n<p><a href=\"https:\/\/podkarpacka.iarp.pl\/wp-content\/uploads\/2019\/11\/Regulamin-konkursu-Dzieci\u0119ce-ARCHI-CHRISTMAS-2019.pdf\">Regulamin konkursu Dzieci\u0119ce ARCHI- CHRISTMAS 2019 &#8211; do pobrania<\/a><\/p>\n","protected":false},"excerpt":{"rendered":"<p>Dziewczynki i Ch\u0142opcy! Po raz kolejny kierujemy do Was zaproszenie do wsp\u00f3lnej zabawy. Je\u017celi je otrzymali\u015bcie to oznacza, \u017ce kto\u015b z Waszych bliskich (Mama, Tata, Babcia, Dziadek, a mo\u017ce Siostra, Brat, Ciocia lub Wujek) s\u0105 architektami. A mo\u017ce wszyscy wraz \ud83d\ude42 Moi drodzy &#8211; ju\u017c za 7 tygodni najpi\u0119kniejsze w roku \u015awi\u0119ta: &#8220;Bo\u017cego Narodzenia&#8221;. B\u0119dziemy [&hellip;]<\/p>\n","protected":false},"author":7,"featured_media":3836,"comment_status":"closed","ping_status":"open","sticky":false,"template":"","format":"standard","meta":{"footnotes":""},"categories":[62],"tags":[79],"class_list":["post-3835","post","type-post","status-publish","format-standard","has-post-thumbnail","hentry","category-konkursy","tag-konkurs"],"publishpress_future_action":{"enabled":false,"date":"2026-05-05 04:46:37","action":"change-status","newStatus":"draft","terms":[],"taxonomy":"category","extraData":[]},"publishpress_future_workflow_manual_trigger":{"enabledWorkflows":[]},"_links":{"self":[{"href":"https:\/\/podkarpacka.iarp.pl\/index.php?rest_route=\/wp\/v2\/posts\/3835","targetHints":{"allow":["GET"]}}],"collection":[{"href":"https:\/\/podkarpacka.iarp.pl\/index.php?rest_route=\/wp\/v2\/posts"}],"about":[{"href":"https:\/\/podkarpacka.iarp.pl\/index.php?rest_route=\/wp\/v2\/types\/post"}],"author":[{"embeddable":true,"href":"https:\/\/podkarpacka.iarp.pl\/index.php?rest_route=\/wp\/v2\/users\/7"}],"replies":[{"embeddable":true,"href":"https:\/\/podkarpacka.iarp.pl\/index.php?rest_route=%2Fwp%2Fv2%2Fcomments&post=3835"}],"version-history":[{"count":6,"href":"https:\/\/podkarpacka.iarp.pl\/index.php?rest_route=\/wp\/v2\/posts\/3835\/revisions"}],"predecessor-version":[{"id":3845,"href":"https:\/\/podkarpacka.iarp.pl\/index.php?rest_route=\/wp\/v2\/posts\/3835\/revisions\/3845"}],"wp:featuredmedia":[{"embeddable":true,"href":"https:\/\/podkarpacka.iarp.pl\/index.php?rest_route=\/wp\/v2\/media\/3836"}],"wp:attachment":[{"href":"https:\/\/podkarpacka.iarp.pl\/index.php?rest_route=%2Fwp%2Fv2%2Fmedia&parent=3835"}],"wp:term":[{"taxonomy":"category","embeddable":true,"href":"https:\/\/podkarpacka.iarp.pl\/index.php?rest_route=%2Fwp%2Fv2%2Fcategories&post=3835"},{"taxonomy":"post_tag","embeddable":true,"href":"https:\/\/podkarpacka.iarp.pl\/index.php?rest_route=%2Fwp%2Fv2%2Ftags&post=3835"}],"curies":[{"name":"wp","href":"https:\/\/api.w.org\/{rel}","templated":true}]}}