{"id":3868,"date":"2019-12-16T22:03:02","date_gmt":"2019-12-16T20:03:02","guid":{"rendered":"http:\/\/podkarpacka.iarp.pl\/?p=3868"},"modified":"2019-12-16T22:13:13","modified_gmt":"2019-12-16T20:13:13","slug":"ocena-prac-w-konkursie-dom-moich-marzen-ix-edycja","status":"publish","type":"post","link":"https:\/\/podkarpacka.iarp.pl\/?p=3868","title":{"rendered":"OCENA PRAC W KONKURSIE \u201eDOM MOICH MARZE\u0143\u201d \u2013 IX EDYCJA"},"content":{"rendered":"<p style=\"text-align: center;\">Szanowne Kole\u017canki, Szanowni Koledzy,<\/p>\n<p style=\"text-align: center;\">5 grudnia 2019r. w siedzibie Podkarpackiej Okr\u0119gowej Izbie Architekt\u00f3w odby\u0142a si\u0119 ocena prac, kt\u00f3re sp\u0142yn\u0119\u0142y do nas w ramach IX edycji konkursu \u201eDom Moich Marze\u0144\u201d.<\/p>\n<hr \/>\n<p><a href=\"https:\/\/podkarpacka.iarp.pl\/wp-content\/uploads\/2019\/12\/Konkurs-dom-moich-marzen-7.jpg\"><img loading=\"lazy\" decoding=\"async\" class=\"aligncenter wp-image-3875 size-full\" src=\"https:\/\/podkarpacka.iarp.pl\/wp-content\/uploads\/2019\/12\/Konkurs-dom-moich-marzen-7.jpg\" alt=\"\" width=\"1210\" height=\"588\" srcset=\"https:\/\/podkarpacka.iarp.pl\/wp-content\/uploads\/2019\/12\/Konkurs-dom-moich-marzen-7.jpg 1210w, https:\/\/podkarpacka.iarp.pl\/wp-content\/uploads\/2019\/12\/Konkurs-dom-moich-marzen-7-300x146.jpg 300w, https:\/\/podkarpacka.iarp.pl\/wp-content\/uploads\/2019\/12\/Konkurs-dom-moich-marzen-7-768x373.jpg 768w, https:\/\/podkarpacka.iarp.pl\/wp-content\/uploads\/2019\/12\/Konkurs-dom-moich-marzen-7-1024x498.jpg 1024w, https:\/\/podkarpacka.iarp.pl\/wp-content\/uploads\/2019\/12\/Konkurs-dom-moich-marzen-7-600x292.jpg 600w\" sizes=\"auto, (max-width: 1210px) 100vw, 1210px\" \/><\/a><\/p>\n<hr \/>\n\n\t\t<style type=\"text\/css\">\n\t\t\t#gallery-1 {\n\t\t\t\tmargin: auto;\n\t\t\t}\n\t\t\t#gallery-1 .gallery-item {\n\t\t\t\tfloat: left;\n\t\t\t\tmargin-top: 10px;\n\t\t\t\ttext-align: center;\n\t\t\t\twidth: 50%;\n\t\t\t}\n\t\t\t#gallery-1 img {\n\t\t\t\tborder: 2px solid #cfcfcf;\n\t\t\t}\n\t\t\t#gallery-1 .gallery-caption {\n\t\t\t\tmargin-left: 0;\n\t\t\t}\n\t\t\t\/* see gallery_shortcode() in wp-includes\/media.php *\/\n\t\t<\/style>\n\t\t<div id='gallery-1' class='gallery galleryid-3868 gallery-columns-2 gallery-size-medium'><dl class='gallery-item'>\n\t\t\t<dt class='gallery-icon landscape'>\n\t\t\t\t<a href='https:\/\/podkarpacka.iarp.pl\/?attachment_id=3876'><img loading=\"lazy\" decoding=\"async\" width=\"300\" height=\"146\" src=\"https:\/\/podkarpacka.iarp.pl\/wp-content\/uploads\/2019\/12\/Konkurs-dom-moich-marzen-66-300x146.jpg\" class=\"attachment-medium size-medium\" alt=\"\" srcset=\"https:\/\/podkarpacka.iarp.pl\/wp-content\/uploads\/2019\/12\/Konkurs-dom-moich-marzen-66-300x146.jpg 300w, https:\/\/podkarpacka.iarp.pl\/wp-content\/uploads\/2019\/12\/Konkurs-dom-moich-marzen-66-768x373.jpg 768w, https:\/\/podkarpacka.iarp.pl\/wp-content\/uploads\/2019\/12\/Konkurs-dom-moich-marzen-66-1024x498.jpg 1024w, https:\/\/podkarpacka.iarp.pl\/wp-content\/uploads\/2019\/12\/Konkurs-dom-moich-marzen-66-600x292.jpg 600w, https:\/\/podkarpacka.iarp.pl\/wp-content\/uploads\/2019\/12\/Konkurs-dom-moich-marzen-66.jpg 1210w\" sizes=\"auto, (max-width: 300px) 100vw, 300px\" \/><\/a>\n\t\t\t<\/dt><\/dl><dl class='gallery-item'>\n\t\t\t<dt class='gallery-icon landscape'>\n\t\t\t\t<a href='https:\/\/podkarpacka.iarp.pl\/?attachment_id=3873'><img loading=\"lazy\" decoding=\"async\" width=\"300\" height=\"146\" src=\"https:\/\/podkarpacka.iarp.pl\/wp-content\/uploads\/2019\/12\/Konkurs-dom-moich-marzen-5-300x146.jpg\" class=\"attachment-medium size-medium\" alt=\"\" srcset=\"https:\/\/podkarpacka.iarp.pl\/wp-content\/uploads\/2019\/12\/Konkurs-dom-moich-marzen-5-300x146.jpg 300w, https:\/\/podkarpacka.iarp.pl\/wp-content\/uploads\/2019\/12\/Konkurs-dom-moich-marzen-5-768x373.jpg 768w, https:\/\/podkarpacka.iarp.pl\/wp-content\/uploads\/2019\/12\/Konkurs-dom-moich-marzen-5-1024x498.jpg 1024w, https:\/\/podkarpacka.iarp.pl\/wp-content\/uploads\/2019\/12\/Konkurs-dom-moich-marzen-5-600x292.jpg 600w, https:\/\/podkarpacka.iarp.pl\/wp-content\/uploads\/2019\/12\/Konkurs-dom-moich-marzen-5.jpg 1210w\" sizes=\"auto, (max-width: 300px) 100vw, 300px\" \/><\/a>\n\t\t\t<\/dt><\/dl><br style=\"clear: both\" \/><dl class='gallery-item'>\n\t\t\t<dt class='gallery-icon landscape'>\n\t\t\t\t<a href='https:\/\/podkarpacka.iarp.pl\/?attachment_id=3875'><img loading=\"lazy\" decoding=\"async\" width=\"300\" height=\"146\" src=\"https:\/\/podkarpacka.iarp.pl\/wp-content\/uploads\/2019\/12\/Konkurs-dom-moich-marzen-7-300x146.jpg\" class=\"attachment-medium size-medium\" alt=\"\" srcset=\"https:\/\/podkarpacka.iarp.pl\/wp-content\/uploads\/2019\/12\/Konkurs-dom-moich-marzen-7-300x146.jpg 300w, https:\/\/podkarpacka.iarp.pl\/wp-content\/uploads\/2019\/12\/Konkurs-dom-moich-marzen-7-768x373.jpg 768w, https:\/\/podkarpacka.iarp.pl\/wp-content\/uploads\/2019\/12\/Konkurs-dom-moich-marzen-7-1024x498.jpg 1024w, https:\/\/podkarpacka.iarp.pl\/wp-content\/uploads\/2019\/12\/Konkurs-dom-moich-marzen-7-600x292.jpg 600w, https:\/\/podkarpacka.iarp.pl\/wp-content\/uploads\/2019\/12\/Konkurs-dom-moich-marzen-7.jpg 1210w\" sizes=\"auto, (max-width: 300px) 100vw, 300px\" \/><\/a>\n\t\t\t<\/dt><\/dl><dl class='gallery-item'>\n\t\t\t<dt class='gallery-icon landscape'>\n\t\t\t\t<a href='https:\/\/podkarpacka.iarp.pl\/?attachment_id=3871'><img loading=\"lazy\" decoding=\"async\" width=\"300\" height=\"146\" src=\"https:\/\/podkarpacka.iarp.pl\/wp-content\/uploads\/2019\/12\/Konkurs-dom-moich-marzen-3-300x146.jpg\" class=\"attachment-medium size-medium\" alt=\"\" srcset=\"https:\/\/podkarpacka.iarp.pl\/wp-content\/uploads\/2019\/12\/Konkurs-dom-moich-marzen-3-300x146.jpg 300w, https:\/\/podkarpacka.iarp.pl\/wp-content\/uploads\/2019\/12\/Konkurs-dom-moich-marzen-3-768x373.jpg 768w, https:\/\/podkarpacka.iarp.pl\/wp-content\/uploads\/2019\/12\/Konkurs-dom-moich-marzen-3-1024x498.jpg 1024w, https:\/\/podkarpacka.iarp.pl\/wp-content\/uploads\/2019\/12\/Konkurs-dom-moich-marzen-3-600x292.jpg 600w, https:\/\/podkarpacka.iarp.pl\/wp-content\/uploads\/2019\/12\/Konkurs-dom-moich-marzen-3.jpg 1210w\" sizes=\"auto, (max-width: 300px) 100vw, 300px\" \/><\/a>\n\t\t\t<\/dt><\/dl><br style=\"clear: both\" \/>\n\t\t<\/div>\n\n<p style=\"text-align: center;\">O wynikach Konkursu i miejscu oraz dacie rozdania nagr\u00f3d dowiemy si\u0119 ju\u017c wkr\u00f3tce!<\/p>\n<p style=\"text-align: center;\"><strong>Dzi\u0119kujemy wszystkim dzieciom i szko\u0142om, kt\u00f3re tak licznie zg\u0142osi\u0142y si\u0119 do udzia\u0142u w naszym Konkursie.<\/strong><\/p>\n","protected":false},"excerpt":{"rendered":"<p>Szanowne Kole\u017canki, Szanowni Koledzy, 5 grudnia 2019r. w siedzibie Podkarpackiej Okr\u0119gowej Izbie Architekt\u00f3w odby\u0142a si\u0119 ocena prac, kt\u00f3re sp\u0142yn\u0119\u0142y do nas w ramach IX edycji konkursu \u201eDom Moich Marze\u0144\u201d. O wynikach Konkursu i miejscu oraz dacie rozdania nagr\u00f3d dowiemy si\u0119 ju\u017c wkr\u00f3tce! Dzi\u0119kujemy wszystkim dzieciom i szko\u0142om, kt\u00f3re tak licznie zg\u0142osi\u0142y si\u0119 do udzia\u0142u w [&hellip;]<\/p>\n","protected":false},"author":7,"featured_media":3869,"comment_status":"closed","ping_status":"open","sticky":false,"template":"","format":"standard","meta":{"footnotes":""},"categories":[62],"tags":[],"class_list":["post-3868","post","type-post","status-publish","format-standard","has-post-thumbnail","hentry","category-konkursy"],"publishpress_future_action":{"enabled":false,"date":"2026-05-05 04:46:39","action":"change-status","newStatus":"draft","terms":[],"taxonomy":"category","extraData":[]},"publishpress_future_workflow_manual_trigger":{"enabledWorkflows":[]},"_links":{"self":[{"href":"https:\/\/podkarpacka.iarp.pl\/index.php?rest_route=\/wp\/v2\/posts\/3868","targetHints":{"allow":["GET"]}}],"collection":[{"href":"https:\/\/podkarpacka.iarp.pl\/index.php?rest_route=\/wp\/v2\/posts"}],"about":[{"href":"https:\/\/podkarpacka.iarp.pl\/index.php?rest_route=\/wp\/v2\/types\/post"}],"author":[{"embeddable":true,"href":"https:\/\/podkarpacka.iarp.pl\/index.php?rest_route=\/wp\/v2\/users\/7"}],"replies":[{"embeddable":true,"href":"https:\/\/podkarpacka.iarp.pl\/index.php?rest_route=%2Fwp%2Fv2%2Fcomments&post=3868"}],"version-history":[{"count":7,"href":"https:\/\/podkarpacka.iarp.pl\/index.php?rest_route=\/wp\/v2\/posts\/3868\/revisions"}],"predecessor-version":[{"id":3883,"href":"https:\/\/podkarpacka.iarp.pl\/index.php?rest_route=\/wp\/v2\/posts\/3868\/revisions\/3883"}],"wp:featuredmedia":[{"embeddable":true,"href":"https:\/\/podkarpacka.iarp.pl\/index.php?rest_route=\/wp\/v2\/media\/3869"}],"wp:attachment":[{"href":"https:\/\/podkarpacka.iarp.pl\/index.php?rest_route=%2Fwp%2Fv2%2Fmedia&parent=3868"}],"wp:term":[{"taxonomy":"category","embeddable":true,"href":"https:\/\/podkarpacka.iarp.pl\/index.php?rest_route=%2Fwp%2Fv2%2Fcategories&post=3868"},{"taxonomy":"post_tag","embeddable":true,"href":"https:\/\/podkarpacka.iarp.pl\/index.php?rest_route=%2Fwp%2Fv2%2Ftags&post=3868"}],"curies":[{"name":"wp","href":"https:\/\/api.w.org\/{rel}","templated":true}]}}