{"id":3897,"date":"2020-01-03T00:18:47","date_gmt":"2020-01-02T22:18:47","guid":{"rendered":"http:\/\/podkarpacka.iarp.pl\/?p=3897"},"modified":"2020-01-03T00:20:40","modified_gmt":"2020-01-02T22:20:40","slug":"final-ix-edycji-konkursu-dla-dzieci-iv-klas-szkol-podstawowych-dom-moich-marzen","status":"publish","type":"post","link":"https:\/\/podkarpacka.iarp.pl\/?p=3897","title":{"rendered":"Fina\u0142 IX edycji konkursu dla dzieci IV klas szk\u00f3\u0142 podstawowych \u2013 \u201eDOM MOICH MARZE\u0143\u201d"},"content":{"rendered":"<p>Rozstrzygni\u0119ty zosta\u0142 konkurs plastyczny \u201eDom moich marze\u0144\u201d zorganizowany w ramach IX edycji Dnia Edukacji Architektonicznej dla szk\u00f3\u0142 podstawowych z wojew\u00f3dztwa podkarpackiego.<\/p>\n<p>Zaanga\u017cowani w wydarzenie cz\u0142onkowie Podkarpackiej Izby Architekt\u00f3w odbyli w\u00a0 29 szko\u0142ach bior\u0105cych udzia\u0142 w konkursie seri\u0119 prezentacji multimedialnych dla 787 dzieciak\u00f3w opisuj\u0105cych ide\u0119 domu, histori\u0119 budowania, rol\u0119 architekta w \u017cyciu cz\u0142owieka i w procesie inwestycyjnym.<\/p>\n<p>Dnia 4 grudnia 2019 odby\u0142y si\u0119 wnikliwe obrady jury IX edycji konkursu dla dzieci<br \/>\n\u201e Dom moich marze\u0144\u201d na kt\u00f3re wp\u0142yn\u0119\u0142o 390 interesuj\u0105cych prac.<\/p>\n<p>Przyznano:<\/p>\n<ul>\n<li>5 nagr\u00f3d g\u0142\u00f3wnych,<\/li>\n<li>38 wyr\u00f3\u017cnie\u0144 indywidualnych,<\/li>\n<li>28 wyr\u00f3\u017cnienia dla nauczycieli prowadz\u0105cych zaj\u0119cia w szko\u0142ach.<\/li>\n<\/ul>\n<p>&nbsp;<\/p>\n<p>Serdecznie zapraszamy osoby nagrodzone wraz z opiekunami i wychowawcami na otwarcie wystawy\u00a0wraz z wr\u0119czeniem nagr\u00f3d laureatom, kt\u00f3re odb\u0119dzie si\u0119 <strong>10 stycznia 2020 r o godzinie 11:00 w siedzibie Podkarpackiej Okr\u0119gowej Izby Architekt\u00f3w RP w Rzeszowie ul. Rynek 8. <\/strong>W trakcie wr\u0119czenia nagr\u00f3d zostan\u0105 wr\u0119czone nagrody indywidualne oraz rozdane zostan\u0105 kalendarze z nagrodzonymi\u00a0i\u00a0wyr\u00f3\u017cnionymi\u00a0pracami.<\/p>\n<p>&nbsp;<\/p>\n<p>Wystawa nagrodzonych prac trwa\u0107 b\u0119dzie do 31 stycznia 2020 r w siedzibie Podkarpackiej Okr\u0119gowej Izby Architekt\u00f3w w Rzeszowie.<\/p>\n<p>Zapraszamy serdecznie i gratulujemy zwyci\u0119zcom konkursu, wyr\u00f3\u017cnionym oraz wszystkim bior\u0105cym udzia\u0142 w konkursie, jak r\u00f3wnie\u017c ich opiekunom.<\/p>\n<p>&nbsp;<\/p>\n<p style=\"text-align: right;\">architekt Iwona B\u0105k<\/p>\n<p>&nbsp;<\/p>\n","protected":false},"excerpt":{"rendered":"<p>Rozstrzygni\u0119ty zosta\u0142 konkurs plastyczny \u201eDom moich marze\u0144\u201d zorganizowany w ramach IX edycji Dnia Edukacji Architektonicznej dla szk\u00f3\u0142 podstawowych z wojew\u00f3dztwa podkarpackiego. Zaanga\u017cowani w wydarzenie cz\u0142onkowie Podkarpackiej Izby Architekt\u00f3w odbyli w\u00a0 29 szko\u0142ach bior\u0105cych udzia\u0142 w konkursie seri\u0119 prezentacji multimedialnych dla 787 dzieciak\u00f3w opisuj\u0105cych ide\u0119 domu, histori\u0119 budowania, rol\u0119 architekta w \u017cyciu cz\u0142owieka i w procesie [&hellip;]<\/p>\n","protected":false},"author":6,"featured_media":3869,"comment_status":"closed","ping_status":"open","sticky":false,"template":"","format":"standard","meta":{"footnotes":""},"categories":[62],"tags":[],"class_list":["post-3897","post","type-post","status-publish","format-standard","has-post-thumbnail","hentry","category-konkursy"],"publishpress_future_action":{"enabled":false,"date":"2026-05-05 04:47:00","action":"change-status","newStatus":"draft","terms":[],"taxonomy":"category","extraData":[]},"publishpress_future_workflow_manual_trigger":{"enabledWorkflows":[]},"_links":{"self":[{"href":"https:\/\/podkarpacka.iarp.pl\/index.php?rest_route=\/wp\/v2\/posts\/3897","targetHints":{"allow":["GET"]}}],"collection":[{"href":"https:\/\/podkarpacka.iarp.pl\/index.php?rest_route=\/wp\/v2\/posts"}],"about":[{"href":"https:\/\/podkarpacka.iarp.pl\/index.php?rest_route=\/wp\/v2\/types\/post"}],"author":[{"embeddable":true,"href":"https:\/\/podkarpacka.iarp.pl\/index.php?rest_route=\/wp\/v2\/users\/6"}],"replies":[{"embeddable":true,"href":"https:\/\/podkarpacka.iarp.pl\/index.php?rest_route=%2Fwp%2Fv2%2Fcomments&post=3897"}],"version-history":[{"count":2,"href":"https:\/\/podkarpacka.iarp.pl\/index.php?rest_route=\/wp\/v2\/posts\/3897\/revisions"}],"predecessor-version":[{"id":3899,"href":"https:\/\/podkarpacka.iarp.pl\/index.php?rest_route=\/wp\/v2\/posts\/3897\/revisions\/3899"}],"wp:featuredmedia":[{"embeddable":true,"href":"https:\/\/podkarpacka.iarp.pl\/index.php?rest_route=\/wp\/v2\/media\/3869"}],"wp:attachment":[{"href":"https:\/\/podkarpacka.iarp.pl\/index.php?rest_route=%2Fwp%2Fv2%2Fmedia&parent=3897"}],"wp:term":[{"taxonomy":"category","embeddable":true,"href":"https:\/\/podkarpacka.iarp.pl\/index.php?rest_route=%2Fwp%2Fv2%2Fcategories&post=3897"},{"taxonomy":"post_tag","embeddable":true,"href":"https:\/\/podkarpacka.iarp.pl\/index.php?rest_route=%2Fwp%2Fv2%2Ftags&post=3897"}],"curies":[{"name":"wp","href":"https:\/\/api.w.org\/{rel}","templated":true}]}}