{"id":3901,"date":"2020-01-05T23:41:09","date_gmt":"2020-01-05T21:41:09","guid":{"rendered":"http:\/\/podkarpacka.iarp.pl\/?p=3901"},"modified":"2020-01-05T23:45:15","modified_gmt":"2020-01-05T21:45:15","slug":"3901","status":"publish","type":"post","link":"https:\/\/podkarpacka.iarp.pl\/?p=3901","title":{"rendered":"REJESTRACJA: ARCHINARTY BUKOVEL 2020"},"content":{"rendered":"<p>ARCHINARTY &#8211; REJESTRACJA<br \/>\nPodkarpack\u0105 Okr\u0119gow\u0105 Izb\u0105 Architekt\u00f3w wsp\u00f3lnie z SARP Oddzia\u0142 Rzesz\u00f3w og\u0142aszaj\u0105 kolejn\u0105 XII edycj\u0119 \u201cArchinart\u201d. Tym razem odb\u0119d\u0105 si\u0119 w dniach 8 \u2013 11 lutego 2020 r. w kurorcie narciarskim Bukovel na Ukrainie.<\/p>\n<ul>\n<li><strong>Rejestracja uczestnik\u00f3w rozpocznie si\u0119:<\/strong><br \/>\n<strong>7 stycznia 2020 o godzinie 12:00.<\/strong><br \/>\n<strong><a href=\"http:\/\/rzeszow.sarp.org.pl\/index.php\/2020\/01\/05\/rejestracja-archinarty-bukovel-2020\/\" target=\"_blank\" rel=\"noopener nofollow noreferrer\" data-ft=\"{&quot;tn&quot;:&quot;-U&quot;}\" data-lynx-mode=\"async\" data-lynx-uri=\"https:\/\/l.facebook.com\/l.php?u=http%3A%2F%2Frzeszow.sarp.org.pl%2Findex.php%2F2020%2F01%2F05%2Frejestracja-archinarty-bukovel-2020%2F%3Ffbclid%3DIwAR1lE_YhQPaZScBv1bSmo2s6NX82yFEEu0NAAJWNszSFW8-ykA3KKsC-NOw&amp;h=AT2FUerJ3oQ8eRgMw7jQHaN-GHyMegmvU5kPIGW3_i4qe-pdjJNf3qVSNzFPAHhVDIQybLVQisdYwE3UTiEas5NstRrmqSp1KiNLKgy5D96lPH1qbqXSbPjytQ0AaO3yevleOVnoer93cNY1iNGrxN2WioY6K1Dzve8V5nARavGVT3tIduLrNe98UyGisrg04bm64EFqjtj91C9bfeq-urWHGBR0ikWuAD7MJnPqa6TzfgYWHQ5S1K_aevNvtJnc6dxbMLf4JzcFUTuE_ZicdztDqiFMcIfPOcOaPS8vbi0Aoj5MeQ5YvaOvPO_sD_fSRKeRkmhAQQ9Ta8T9n_rl2HI2TwQt9H9R6kFAbRgVu-X0W_3c_eb_5g3EhJAgWEamaYnA132hSlq3wZ8sie8SUB1KCHZYPVIAtcrX1K245QM8YY7q6ybV0XAQCbRen0qcOg9UKrws7RiDodYooOqQIWwS7WcSQB7e5wFL8QQ2ptcPtk75YcKVFoazcswLdGU11BmsIlwj4cqSyUg-mM1_4FjxThvDOrN0-cc9l4z4lTHr78LKuvKaAh4Q1i0YuK4_ciB2OVFlL9eJts0YEYgQ_rJIKo0QWNiIZ2wOiHBoHw\">http:\/\/rzeszow.sarp.org.pl\/index.php\/2020\/01\/05\/rejestracja-archinarty-bukovel-2020\/<\/a><\/strong><\/li>\n<\/ul>\n<p>Liczba miejsc jak zawsze ograniczona.Warunkiem koniecznym rejestracji jest przynale\u017cno\u015b\u0107 do PKOIA RP i\/lub SARP o. Rzesz\u00f3w wraz z op\u0142aceniem aktualnych sk\u0142adek w obu organizacjach! ( brak op\u0142aconych sk\u0142adek b\u0119dzie powoduje skre\u015blenie z listy ).<br \/>\nWarunek nie dotyczy os\u00f3b towarzysz\u0105cych, p\u0142ac\u0105cych pe\u0142n\u0105 odp\u0142atno\u015b\u0107. Udzia\u0142 os\u00f3b towarzysz\u0105cych jest mo\u017cliwy tylko w przypadku wolnych miejsc.<\/p>\n<p>Zapisy i wp\u0142aty b\u0119d\u0105 prowadzone do 14 stycznia 2020 r lub wyczerpania ilo\u015bci miejsc co prawdopodobnie nast\u0105pi w ci\u0105gu kilkunastu godzin. Liczba miejsc ograniczona.<\/p>\n","protected":false},"excerpt":{"rendered":"<p>ARCHINARTY &#8211; REJESTRACJA Podkarpack\u0105 Okr\u0119gow\u0105 Izb\u0105 Architekt\u00f3w wsp\u00f3lnie z SARP Oddzia\u0142 Rzesz\u00f3w og\u0142aszaj\u0105 kolejn\u0105 XII edycj\u0119 \u201cArchinart\u201d. Tym razem odb\u0119d\u0105 si\u0119 w dniach 8 \u2013 11 lutego 2020 r. w kurorcie narciarskim Bukovel na Ukrainie. Rejestracja uczestnik\u00f3w rozpocznie si\u0119: 7 stycznia 2020 o godzinie 12:00. http:\/\/rzeszow.sarp.org.pl\/index.php\/2020\/01\/05\/rejestracja-archinarty-bukovel-2020\/ Liczba miejsc jak zawsze ograniczona.Warunkiem koniecznym rejestracji jest przynale\u017cno\u015b\u0107 [&hellip;]<\/p>\n","protected":false},"author":7,"featured_media":3902,"comment_status":"closed","ping_status":"open","sticky":false,"template":"","format":"standard","meta":{"footnotes":""},"categories":[69,56],"tags":[],"class_list":["post-3901","post","type-post","status-publish","format-standard","has-post-thumbnail","hentry","category-aktualnosci","category-informacje-rady"],"publishpress_future_action":{"enabled":false,"date":"2026-05-08 11:50:41","action":"change-status","newStatus":"draft","terms":[],"taxonomy":"category","extraData":[]},"publishpress_future_workflow_manual_trigger":{"enabledWorkflows":[]},"_links":{"self":[{"href":"https:\/\/podkarpacka.iarp.pl\/index.php?rest_route=\/wp\/v2\/posts\/3901","targetHints":{"allow":["GET"]}}],"collection":[{"href":"https:\/\/podkarpacka.iarp.pl\/index.php?rest_route=\/wp\/v2\/posts"}],"about":[{"href":"https:\/\/podkarpacka.iarp.pl\/index.php?rest_route=\/wp\/v2\/types\/post"}],"author":[{"embeddable":true,"href":"https:\/\/podkarpacka.iarp.pl\/index.php?rest_route=\/wp\/v2\/users\/7"}],"replies":[{"embeddable":true,"href":"https:\/\/podkarpacka.iarp.pl\/index.php?rest_route=%2Fwp%2Fv2%2Fcomments&post=3901"}],"version-history":[{"count":2,"href":"https:\/\/podkarpacka.iarp.pl\/index.php?rest_route=\/wp\/v2\/posts\/3901\/revisions"}],"predecessor-version":[{"id":3904,"href":"https:\/\/podkarpacka.iarp.pl\/index.php?rest_route=\/wp\/v2\/posts\/3901\/revisions\/3904"}],"wp:featuredmedia":[{"embeddable":true,"href":"https:\/\/podkarpacka.iarp.pl\/index.php?rest_route=\/wp\/v2\/media\/3902"}],"wp:attachment":[{"href":"https:\/\/podkarpacka.iarp.pl\/index.php?rest_route=%2Fwp%2Fv2%2Fmedia&parent=3901"}],"wp:term":[{"taxonomy":"category","embeddable":true,"href":"https:\/\/podkarpacka.iarp.pl\/index.php?rest_route=%2Fwp%2Fv2%2Fcategories&post=3901"},{"taxonomy":"post_tag","embeddable":true,"href":"https:\/\/podkarpacka.iarp.pl\/index.php?rest_route=%2Fwp%2Fv2%2Ftags&post=3901"}],"curies":[{"name":"wp","href":"https:\/\/api.w.org\/{rel}","templated":true}]}}