{"id":3918,"date":"2020-01-18T16:09:29","date_gmt":"2020-01-18T14:09:29","guid":{"rendered":"http:\/\/podkarpacka.iarp.pl\/?p=3918"},"modified":"2020-01-18T16:09:29","modified_gmt":"2020-01-18T14:09:29","slug":"zakonczenie-ix-edycji-konkursu-dom-moich-marzen","status":"publish","type":"post","link":"https:\/\/podkarpacka.iarp.pl\/?p=3918","title":{"rendered":"Zako\u0144czenie IX edycji konkursu \u2013 \u201eDOM MOICH MARZE\u0143\u201d"},"content":{"rendered":"<p>[vc_row][vc_column][vc_column_text]<\/p>\n<h2><strong>Zako\u0144czenie IX edycji konkursu \u2013 \u201eDOM MOICH MARZE\u0143\u201d<\/strong><\/h2>\n<p>10 stycznia w siedzibie Podkarpackiej Okr\u0119gowej Izbie Architekt\u00f3w odby\u0142o si\u0119 otwarcie wystawy oraz wr\u0119czenie nagr\u00f3d dla autor\u00f3w nagrodzonych i wyr\u00f3\u017cnionych prac bior\u0105cych udzia\u0142 w IX edycji konkursu plastycznego \u201eDom moich marze\u0144\u201d.<\/p>\n<p>W konkursie wzi\u0119\u0142o udzia\u0142\u00a0 29 szk\u00f3\u0142 z wojew\u00f3dztwa podkarpackiego. Rezultatem lekcji architektury z 787 dzie\u0107mi by\u0142o wp\u0142yniecie 390 prac konkursowych.<\/p>\n<p>&nbsp;<\/p>\n<p>Po burzliwych obradach jury przyzna\u0142o:<\/p>\n<p>&nbsp;<\/p>\n<ul>\n<li>5 nagr\u00f3d g\u0142\u00f3wnych dla:<\/li>\n<\/ul>\n<table width=\"633\">\n<tbody>\n<tr>\n<td width=\"28\">1<\/td>\n<td width=\"180\">ARTUR STASICZAK<\/td>\n<td width=\"57\">IV a<\/td>\n<td width=\"369\">MZS NR 3 W KROSNIE<\/td>\n<\/tr>\n<tr>\n<td width=\"28\">2<\/td>\n<td width=\"180\">KORNELIA SZUKA\u0141A<\/td>\n<td width=\"57\">IV a<\/td>\n<td width=\"369\">PUBLICZNA SP NR 3 IM. GENERA\u0141A TADEUSZA BORA-KOMOROWSKIEGO W D\u0118BICY<\/td>\n<\/tr>\n<tr>\n<td width=\"28\">3<\/td>\n<td width=\"180\">R\u00d3\u017bA BURGHARDT<\/td>\n<td width=\"57\">IV c<\/td>\n<td width=\"369\">SP NR 17 Z ODDZIA\u0141AMI INTEGRACYJNYMI IM. 21 BRYGADY STRZELC\u00d3W PODHALA\u0143SKICH W RZESZOWIE<\/td>\n<\/tr>\n<tr>\n<td width=\"28\">4<\/td>\n<td width=\"180\">JULIA \u0141APISZ<\/td>\n<td width=\"57\">IV b<\/td>\n<td width=\"369\">SP NR 6 W PRZEMY\u015aLU IM. OJCA \u015aWI\u0118TEGO JANA PAW\u0141A II<\/td>\n<\/tr>\n<tr>\n<td width=\"28\">5<\/td>\n<td width=\"180\">BARTOSZ JAK\u00d3BKIEWICZ<\/td>\n<td width=\"57\">IV b<\/td>\n<td width=\"369\">SP NR 14 Z ODDZIA\u0141AMI SPORTOWYMI I INTERGACYJNYMI IM. POLSKICH OLIMPIJCZYK\u00d3W W KRO\u015aNIE<\/td>\n<\/tr>\n<\/tbody>\n<\/table>\n<p>&nbsp;<\/p>\n<ul>\n<li>39 wyr\u00f3\u017cnie\u0144 indywidualnych dla:<\/li>\n<\/ul>\n<table width=\"633\">\n<tbody>\n<tr>\n<td width=\"29\">1<\/td>\n<td width=\"178\">JAKUB ZYGMUNT<\/td>\n<td width=\"57\">IV a<\/td>\n<td width=\"369\">SP NR 14 Z ODDZIA\u0141AMI SPORTOWYMI I INTERGACYJNYMI IM. POLSKICH OLIMPIJCZYK\u00d3W W KRO\u015aNIE<\/td>\n<\/tr>\n<tr>\n<td width=\"29\">2<\/td>\n<td width=\"178\">JAKUB KILIAN<\/td>\n<td width=\"57\">IV a<\/td>\n<td width=\"369\">SP NR 2 IM. KS. JANA TWARDOWSKIEGO W \u0141A\u0143CUCIE<\/td>\n<\/tr>\n<tr>\n<td width=\"29\">3<\/td>\n<td width=\"178\">GABRIELA KARA<\/td>\n<td width=\"57\">IV<\/td>\n<td width=\"369\">SP W KRZEMIENICY<\/td>\n<\/tr>\n<tr>\n<td width=\"29\">4<\/td>\n<td width=\"178\">ALEX \u015aWIDER &#8211; SALISZ<\/td>\n<td width=\"57\">IV<\/td>\n<td width=\"369\">SP W KRZEMIENICY<\/td>\n<\/tr>\n<tr>\n<td width=\"29\">5<\/td>\n<td width=\"178\">LIDIA PACZE\u015aNIAK<\/td>\n<td width=\"57\">IV a<\/td>\n<td width=\"369\">SP NR 23 IM. JANA PAW\u0141A II W RZESZOWIE<\/td>\n<\/tr>\n<tr>\n<td width=\"29\">6<\/td>\n<td width=\"178\">MATEUSZ FRANKIEWICZ<\/td>\n<td width=\"57\">IV<\/td>\n<td width=\"369\">SP MISTRZOSTWA SPORTOWEGO W D\u0118BICY<\/td>\n<\/tr>\n<tr>\n<td width=\"29\">7<\/td>\n<td width=\"178\">GABRIEL ZUBEL<\/td>\n<td width=\"57\">IV<\/td>\n<td width=\"369\">ZESP\u00d3\u0141 SZK\u00d3\u0141 PRZY KLINICZNYM SZPITALU WOJEW\u00d3DZKIM NR 2 IM. \u015aW. JADWIGI KR\u00d3LOWEJ W RZESZOWIE<\/td>\n<\/tr>\n<tr>\n<td width=\"29\">8<\/td>\n<td width=\"178\">SABINA FILIP<\/td>\n<td width=\"57\">IV a<\/td>\n<td width=\"369\">SP NR 13 IM. \u015aW. JANA KANTEGO W RZESZOWIE<\/td>\n<\/tr>\n<tr>\n<td width=\"29\">9<\/td>\n<td width=\"178\">LENA LICHO\u0143<\/td>\n<td width=\"57\">IV<\/td>\n<td width=\"369\">NIEPUBLICZNA SZKO\u0141A PODSTAWOWA WELDON SCHOOL W D\u0118BICY<\/td>\n<\/tr>\n<tr>\n<td width=\"29\">10<\/td>\n<td width=\"178\">ERYK SADECKI<\/td>\n<td width=\"57\">IV<\/td>\n<td width=\"369\">ZESP\u00d3\u0141 SZKOLNO-PRZEDSZKOLNY NR 10 W RZESZOWIE<\/td>\n<\/tr>\n<tr>\n<td width=\"29\">11<\/td>\n<td width=\"178\">LENA NIEDBA\u0141A<\/td>\n<td width=\"57\">IV c<\/td>\n<td width=\"369\">PUBLICZNA SP NR 5 W D\u0118BICY<\/td>\n<\/tr>\n<tr>\n<td width=\"29\">12<\/td>\n<td width=\"178\">LIWIA STASZKIEWICZ<\/td>\n<td width=\"57\">IV a<\/td>\n<td width=\"369\">SP NR 17 Z ODDZIA\u0141AMI INTEGRACYJNYMI IM. 21 BRYGADY STRZELC\u00d3W PODHALA\u0143SKICH W RZESZOWIE<\/td>\n<\/tr>\n<tr>\n<td width=\"29\">13<\/td>\n<td width=\"178\">HELENA PRZYBY\u015a<\/td>\n<td width=\"57\">IV b<\/td>\n<td width=\"369\">SP NR 17 Z ODDZIA\u0141AMI INTEGRACYJNYMI IM. 21 BRYGADY STRZELC\u00d3W PODHALA\u0143SKICH W RZESZOWIE<\/td>\n<\/tr>\n<tr>\n<td width=\"29\">14<\/td>\n<td width=\"178\">NATALIA BACZYK<\/td>\n<td width=\"57\">IV<\/td>\n<td width=\"369\">SP\u00a0 NR 17 W PRZEMY\u015aLU<\/td>\n<\/tr>\n<tr>\n<td width=\"29\">15<\/td>\n<td width=\"178\">JAKUB GOLE\u0143<\/td>\n<td width=\"57\">IV a<\/td>\n<td width=\"369\">MZS W KRO\u015aNIE, SP NR 15 W KRO\u015aNIE<\/td>\n<\/tr>\n<tr>\n<td width=\"29\">16<\/td>\n<td width=\"178\">AMELIA KAWALEC<\/td>\n<td width=\"57\">IV a<\/td>\n<td width=\"369\">SP NR 25 IM. PRYMASA TYSI\u0104CLECIA W RZESZOWIE<\/td>\n<\/tr>\n<tr>\n<td width=\"29\">17<\/td>\n<td width=\"178\">PIOTR GRZE\u015aKO<\/td>\n<td width=\"57\">IV a<\/td>\n<td width=\"369\">PUBLICZNA SZKO\u0141A PODSTAWOWA SI\u00d3ST PIJAREK IM. PAULI MONTAL W RZESZOWIE<\/td>\n<\/tr>\n<tr>\n<td width=\"29\">18<\/td>\n<td width=\"178\">ARTUR SZEWC<\/td>\n<td width=\"57\">IV a<\/td>\n<td width=\"369\">PUBLICZNA SP NR 5 W D\u0118BICY<\/td>\n<\/tr>\n<tr>\n<td width=\"29\">19<\/td>\n<td width=\"178\">WIKTORIA MADEJ<\/td>\n<td width=\"57\">IV a<\/td>\n<td width=\"369\">SP NR 10\u00a0 W KRO\u015aNIE<\/td>\n<\/tr>\n<tr>\n<td width=\"29\">20<\/td>\n<td width=\"178\">MIKO\u0141AJ KOZIO\u0141<\/td>\n<td width=\"57\">IV b<\/td>\n<td width=\"369\">SP NR 2 IM. KS. JANA TWARDOWSKIEGO W \u0141A\u0143CUCIE<\/td>\n<\/tr>\n<tr>\n<td width=\"29\">21<\/td>\n<td width=\"178\">ELIZA DZIURA<\/td>\n<td width=\"57\">IV a<\/td>\n<td width=\"369\">SP NR 6 W PRZEMY\u015aLU IM. OJCA \u015aWI\u0118TEGO JANA PAW\u0141A II<\/td>\n<\/tr>\n<tr>\n<td width=\"29\">22<\/td>\n<td width=\"178\">KACPER SZUBART<\/td>\n<td width=\"57\">IV c<\/td>\n<td width=\"369\">SP NR 2 IM. KS. JANA TWARDOWSKIEGO W \u0141A\u0143CUCIE<\/td>\n<\/tr>\n<tr>\n<td width=\"29\">23<\/td>\n<td width=\"178\">MAJA HATALSKA<\/td>\n<td width=\"57\">IV a<\/td>\n<td width=\"369\">SP NR 5 IM. BOHATER\u00d3W WRZE\u015aNIA W PRZEMY\u015aLU<\/td>\n<\/tr>\n<tr>\n<td width=\"29\">24<\/td>\n<td width=\"178\">ANNA BARAN<\/td>\n<td width=\"57\">IV<\/td>\n<td width=\"369\">ZESP\u00d3\u0141 SZK\u00d3\u0141 MUZYCZNYCH W KRO\u015aNIE<\/td>\n<\/tr>\n<tr>\n<td width=\"29\">25<\/td>\n<td width=\"178\">WERONIKA HODYR<\/td>\n<td width=\"57\">IV b<\/td>\n<td width=\"369\">SP NR 25 IM. PRYMASA TYSI\u0104CLECIA W RZESZOWIE<\/td>\n<\/tr>\n<tr>\n<td width=\"29\">26<\/td>\n<td width=\"178\">WIKTORIA HALINIAK<\/td>\n<td width=\"57\">IV a<\/td>\n<td width=\"369\">SP NR 22 Z ODDZIA\u0141AMI INTERACYJNYMI W RZESZOWIE<\/td>\n<\/tr>\n<tr>\n<td width=\"29\">27<\/td>\n<td width=\"178\">ALICJA BEDNARZ<\/td>\n<td width=\"57\">IV a<\/td>\n<td width=\"369\">SP NR 11 IM. GENERA\u0141A MACZKA W RZESZOWIE<\/td>\n<\/tr>\n<tr>\n<td width=\"29\">28<\/td>\n<td width=\"178\">ZOSIA GDULA<\/td>\n<td width=\"57\">IV b<\/td>\n<td width=\"369\">PUBLICZNA SZKO\u0141A PODSTAWOWA SI\u00d3ST PIJAREK IM. PAULI MONTAL W RZESZOWIE<\/td>\n<\/tr>\n<tr>\n<td width=\"29\">29<\/td>\n<td width=\"178\">LENA CHADY<\/td>\n<td width=\"57\">IV b<\/td>\n<td width=\"369\">SP NR 22 Z ODDZIA\u0141AMI INTERACYJNYMI W RZESZOWIE<\/td>\n<\/tr>\n<tr>\n<td width=\"29\">30<\/td>\n<td width=\"178\">ZUZANNA SZCZEPANIK<\/td>\n<td width=\"57\">IV b<\/td>\n<td width=\"369\">PUBLICZNA SP NR 5 W D\u0118BICY<\/td>\n<\/tr>\n<tr>\n<td width=\"29\">31<\/td>\n<td width=\"178\">DAMIAN ZAJDEL<\/td>\n<td width=\"57\">IV a<\/td>\n<td width=\"369\">MIEJSKI ZESP\u00d3\u0141 SZK\u00d3\u0141 NR 8 W KRO\u015aNIE<\/td>\n<\/tr>\n<tr>\n<td width=\"29\">32<\/td>\n<td width=\"178\">MARTA WYDERKA<\/td>\n<td width=\"57\">IV<\/td>\n<td width=\"369\">SP NR 5 IM. JANA PAW\u0141A II W KRO\u015aNIE<\/td>\n<\/tr>\n<tr>\n<td width=\"29\">33<\/td>\n<td width=\"178\">MIKO\u0141AJ JANIK<\/td>\n<td width=\"57\">IV b<\/td>\n<td width=\"369\">SP NR 11 IM. GENERA\u0141A MACZKA W RZESZOWIE<\/td>\n<\/tr>\n<tr>\n<td width=\"29\">34<\/td>\n<td width=\"178\">SZYMON JAROSZ<\/td>\n<td width=\"57\">IV<\/td>\n<td width=\"369\">SP NR 6 IM. JANUSZA KORCZAKA W KRO\u015aNIE<\/td>\n<\/tr>\n<tr>\n<td width=\"29\">35<\/td>\n<td width=\"178\">JAKUB WIERCIOCH<\/td>\n<td width=\"57\">IV<\/td>\n<td width=\"369\">GOKiB w KRASNEM 743, PLAC\u00d3WKA W PALIK\u00d3WCE 258<\/td>\n<\/tr>\n<tr>\n<td width=\"29\">36<\/td>\n<td width=\"178\">ADAM PYTEL<\/td>\n<td width=\"57\">IV b<\/td>\n<td width=\"369\">SP NR 23 IM. JANA PAW\u0141A II W RZESZOWIE<\/td>\n<\/tr>\n<tr>\n<td width=\"29\">37<\/td>\n<td width=\"178\">JULIA UMI\u0143SKA<\/td>\n<td width=\"57\">IV c<\/td>\n<td width=\"369\">SP NR 5 UL. S\u0141OCI\u0143SKA 4 W RZESZOWIE<\/td>\n<\/tr>\n<tr>\n<td width=\"29\">38<\/td>\n<td width=\"178\">FILIP ZIAJA<\/td>\n<td width=\"57\">IV b<\/td>\n<td width=\"369\">SP NR 5 UL. S\u0141OCI\u0143SKA 4 W RZESZOWIE<\/td>\n<\/tr>\n<tr>\n<td width=\"29\">39<\/td>\n<td width=\"178\">JAGODA W\u0104SACZ<\/td>\n<td width=\"57\">IV a<\/td>\n<td width=\"369\">SP NR 5 UL. S\u0141OCI\u0143SKA 4 W RZESZOWIE<\/td>\n<\/tr>\n<\/tbody>\n<\/table>\n<p>&nbsp;<\/p>\n<ul>\n<li>28 wyr\u00f3\u017cnienia dla nauczycieli prowadz\u0105cych zaj\u0119cia w szko\u0142ach:<\/li>\n<\/ul>\n<ol>\n<li>MONIKA HEJNAR-LITWIN \u2013 ZESP\u00d3\u0141 SZK\u00d3\u0141 MUZYCZNYCH IM. I.J. PADEREWSKIEGO W KRO\u015aNIE.<\/li>\n<li>MA\u0141GORZATA ZYCH \u2013 MIEJSKI ZESP\u00d3\u0141 SZK\u00d3\u0141 NR 1 W KRO\u015aNIE.<\/li>\n<li>JANUSZ STRYCZNIEWICZ \u2013 SZKO\u0141A PODSTAWOWA NR 6 IM. J. KORCZAKA W KRO\u015aNIE.<\/li>\n<li>MA\u0141GORZATA FILAR \u2013 MIEJSKI ZESP\u00d3\u0141 SZK\u00d3\u0141 NR 3 W Kro\u015bnie.<\/li>\n<li>ANNA SZWED \u2013 SZKO\u0141A PODSTAWOWA NR 8 W KRO\u015aNIE.<\/li>\n<li>MONIKA HEJNAR \u2013 LITWIN \u2013 SZKO\u0141A PODSTAWOWA NR 14 Z ODDZIA\u0141AMI SPORTOWYMI I INTEGRACYJNYMI W KRO\u015aNIE.<\/li>\n<li>URSZULA JANOWSKA \u2013 SZKO\u0141A PODSTAWOWA NR 15 W KRO\u015aNIE.<\/li>\n<li>DOROTA BUKOWSKA \u2013 SZKO\u0141A PODSTAWOWA W SUCHODO\u0141ACH.<\/li>\n<li>JANINA LIBUSZOWSKA \u2013 SZKO\u0141A PODSTAWOWA NR 3 IN. H. SIENKIEWICZA W RZESZOWIE, UL. HOFFMANOWEJ 11.<\/li>\n<li>MARIA PIEKARZ \u2013 ZESP\u00d3\u0141 SZKOLNO \u2013 PRZEDSZKOLNY NR 10 W RZESZOWIE, UL. D\u0118BICKA 288.<\/li>\n<li>URSZULA MOSKWA \u2013 ROMA\u0143CZUK \u2013 SZKO\u0141A PODSTAWOWA NR 5 W ZESPOLE SZK\u00d3\u0141 NR 8 W RZESZOWIE, UL. S\u0141OCI\u0143SKA 4.<\/li>\n<li>IZABELA WERON \u2013 SZKO\u0141A PODSTAWOWA NR 11 IM. GEN. STANIS\u0141AWA MACZKA W RZESZOWIE, UL. PODWIS\u0141OCZE.<\/li>\n<li>LILIANA BRYDAK \u2013 PYREK \u2013 ZESP\u00d3\u0141 SZKOLNO PRZEDSZKOLNY NR 3 W RZESZOWIE, UL. SKRAJNA 1<\/li>\n<li>GERTRUDA MO\u017bD\u017bE\u0143 \u2013 ZESP\u00d3\u0141 SZKOLNO \u2013 PRZEDSZKOLNY NR 14 W RZESZOWIE, UL. STARONIWSKA 55<\/li>\n<li>KATARZYNA G\u00d3RALCZYK \u2013 BIELA\u0143SKA &#8211; SZKO\u0141A PODSTAWOWA NR 17 Z ODDZIA\u0141AMI INTEGRACYJNYMI IM. 21 BRYGADY STRZELC\u00d3W W RZESZOWIE, UL. BULWAROWA 3.<\/li>\n<li>JOLANTA KASPRZYK \u2013 SZKO\u0141A PODSTAWOWA NR 22 Z ODDZIA\u0141AMI INTEGRACYJNYMI W RZESZOWIE, UL. PTASIA 2.<\/li>\n<li>RENATA PUSZKAREWICZ \u2013 PUBLICZNA SZKO\u0141A PODSTAWOWA IM. PAULI MONTAL SI\u00d3STR PIJAREK W RZESZOWIE, UL. SANOCKA 70.<\/li>\n<li>AGNIESZKA GRABOWSKA \u2013 ZESP\u00d3\u0141 SZK\u00d3\u0141 PRZY KLINICZNYM SZPITALU WOJEW\u00d3DZKIM NR 2 W RZESZOWIE IM. JADWIGI KROLOWEJ W RZESZOWIE, IL. LWOWSKA 60.<\/li>\n<li>MA\u0141GORZATA B\u0118BENEK \u2013 ZSZP NR 5 \u2013 SZKO\u0141A PODSTAWOWA NR 23 W RZESZOWIE , UL. BPA J. PELCZARA 3.<\/li>\n<li>JUSTYNA ROJ \u2013 HASS \u2013 SZKO\u0141A PODSTAWOWA NR 25 W RZESZOWIE, UL. STARZY\u0143SKIEGO 17.<\/li>\n<li>JOANNA CHOMA \u2013 SZKO\u0141A PODSTAWOWA NR 5 W PRZEMY\u015aLU, UL. KONARSKIEGO 7.<\/li>\n<li>JOANNA B\u0141ASZCZYSZYN \u2013 SZKO\u0141A PODSTAWOWA NR 6 IM. OJCA \u015aWI\u0118TEGO JANA PAW\u0141A II W PRZEMY\u015aLU \u2013 UL. GEN. M.BORUTY SPIECHOWICZA 1.<\/li>\n<li>NATALIA RYBKA \u2013 SZKO\u0141A PODSTAWOWA NR 17 W PRZEMY\u015aLU, UL. FRANCISZKA SMOLKI 10.<\/li>\n<li>SYLWIA SURMACZ \u2013 RACHWA\u0141 \u2013 SZKO\u0141A PODSTAWOA NR 2 W \u0141A\u0143CUCIE, UL. KO\u015aCIUSZKI 17.<\/li>\n<li>ROMAN PRZEWO\u0179NIK \u2013 PUBLICZNA SZKO\u0141A PODSTAWOWA NR 3 W D\u0118BICY IM. GEN. TADEUSZA BORA-KOMOROWSKIEGO, UL. KRASZEWSKIEGO 37.<\/li>\n<li>ANNA PYRCHLA \u2013 PUBLICZNA SZKO\u0141A PODSAWOWA NR 5 W D\u0118BICY, UL. PADAREWSKIEGO 4. ORAZ SZKO\u0141A PODSTAWOWA MISTRZOSTWA SPORTOWEGO \u201e LKS IGLOOPOL\u201d W D\u0118BICY UL. PADEREWSKIEGO 4, ORAZ NIEPUBLICZNA SZKO\u0141A WELDON SCHOOL W D\u0118BICY UL. RATUSZOWA 9.<\/li>\n<li>EWA SIER\u017b\u0118GA \u2013 SZKO\u0141A PODSTAWOWA W KRZEMIENICY.<\/li>\n<li>IRENA TURZY\u0143SKA &#8211; GOKiB w KRASNEM 743, PLAC\u00d3WKA W PALIK\u00d3WCE 258.<\/li>\n<\/ol>\n<p>Prace nagrodzone i wyr\u00f3\u017cnione umieszczone zosta\u0142y w galerii kalendarza na 2020r.<\/p>\n<p>&nbsp;<\/p>\n<p>Serdecznie gratulujemy zwyci\u0119zcom i wyr\u00f3\u017cnionym oraz wszystkim bior\u0105cym udzia\u0142 w konkursie, jak r\u00f3wnie\u017c ich opiekunom. Zapraszamy do wzi\u0119cia udzia\u0142u w X edycji konkursu<br \/>\n\u201e Dom moich marze\u0144\u201d we wrze\u015bniu 2020 r.<\/p>\n<p style=\"text-align: right;\">architekt Iwona B\u0105k<\/p>\n<p>[\/vc_column_text][\/vc_column][\/vc_row][vc_row][vc_column]<aside id=\"module-carousel-1\" class=\"widget module-carousel\">\r\n\t\t\t\t\t\t\t\t\t\t\r\n\t\t\t\t\t\t\t\t\t\t\t<div class=\"wrapper\"><div style=\"float:left;height:470px;\"><figure>\r\n\t\t\t\t\t\t\t\t\t\t\t<a class=\"pix\" href=\"https:\/\/podkarpacka.iarp.pl\/wp-content\/uploads\/2020\/01\/IMG_20200110_113736.jpg\" title=\"\"><img loading=\"lazy\" decoding=\"async\" src=\"https:\/\/podkarpacka.iarp.pl\/wp-content\/uploads\/2020\/01\/IMG_20200110_113736-770x470.jpg\" width=\"770\" height=\"470\" alt=\"\" class=\"img-responsive\"><div class=\"zoomix\"><i class=\"fa fa-search\"><\/i><\/div><\/a>\r\n\t\t\t\t\t\t\t\t\t\t\t<figcaption>\r\n\t\t\t\t\t\t\t\t\t\t\t\t<span class=\"car-index\"><strong class=\"index\">1<\/strong> of <strong>9<\/strong><\/span>\r\n\t\t\t\t\t\t\t\t\t\t\t\t<span class=\"car-title\"><\/span>\r\n\t\t\t\t\t\t\t\t\t\t\t\t<span class=\"nav\">\r\n\t\t\t\t\t\t\t\t\t\t\t\t\t<a class=\"prev\" href=\"#\"><i class=\"fa fa-chevron-left\"><\/i><\/a>\r\n\t\t\t\t\t\t\t\t\t\t\t\t\t<a class=\"pix\" href=\"#\"><i class=\"fa fa-expand\"><\/i><\/a>\r\n\t\t\t\t\t\t\t\t\t\t\t\t\t<a class=\"next\" href=\"#\"><i class=\"fa fa-chevron-right\"><\/i><\/a>\r\n\t\t\t\t\t\t\t\t\t\t\t\t<\/span>\r\n\t\t\t\t\t\t\t\t\t\t\t<\/figcaption>\r\n\t\t\t\t\t\t\t\t\t\t<\/figure><\/div><div style=\"float:left;height:470px;\"><figure>\r\n\t\t\t\t\t\t\t\t\t\t\t<a class=\"pix\" href=\"https:\/\/podkarpacka.iarp.pl\/wp-content\/uploads\/2020\/01\/IMG_20200110_114623.jpg\" title=\"\"><img loading=\"lazy\" decoding=\"async\" src=\"https:\/\/podkarpacka.iarp.pl\/wp-content\/uploads\/2020\/01\/IMG_20200110_114623-770x470.jpg\" width=\"770\" height=\"470\" alt=\"\" class=\"img-responsive\"><div class=\"zoomix\"><i class=\"fa fa-search\"><\/i><\/div><\/a>\r\n\t\t\t\t\t\t\t\t\t\t\t<figcaption>\r\n\t\t\t\t\t\t\t\t\t\t\t\t<span class=\"car-index\"><strong class=\"index\">1<\/strong> of <strong>9<\/strong><\/span>\r\n\t\t\t\t\t\t\t\t\t\t\t\t<span class=\"car-title\"><\/span>\r\n\t\t\t\t\t\t\t\t\t\t\t\t<span class=\"nav\">\r\n\t\t\t\t\t\t\t\t\t\t\t\t\t<a class=\"prev\" href=\"#\"><i class=\"fa fa-chevron-left\"><\/i><\/a>\r\n\t\t\t\t\t\t\t\t\t\t\t\t\t<a class=\"pix\" href=\"#\"><i class=\"fa fa-expand\"><\/i><\/a>\r\n\t\t\t\t\t\t\t\t\t\t\t\t\t<a class=\"next\" href=\"#\"><i class=\"fa fa-chevron-right\"><\/i><\/a>\r\n\t\t\t\t\t\t\t\t\t\t\t\t<\/span>\r\n\t\t\t\t\t\t\t\t\t\t\t<\/figcaption>\r\n\t\t\t\t\t\t\t\t\t\t<\/figure><\/div><div style=\"float:left;height:470px;\"><figure>\r\n\t\t\t\t\t\t\t\t\t\t\t<a class=\"pix\" href=\"https:\/\/podkarpacka.iarp.pl\/wp-content\/uploads\/2020\/01\/IMG_20200110_111712.jpg\" title=\"\"><img loading=\"lazy\" decoding=\"async\" src=\"https:\/\/podkarpacka.iarp.pl\/wp-content\/uploads\/2020\/01\/IMG_20200110_111712-770x470.jpg\" width=\"770\" height=\"470\" alt=\"\" class=\"img-responsive\"><div class=\"zoomix\"><i class=\"fa fa-search\"><\/i><\/div><\/a>\r\n\t\t\t\t\t\t\t\t\t\t\t<figcaption>\r\n\t\t\t\t\t\t\t\t\t\t\t\t<span class=\"car-index\"><strong class=\"index\">1<\/strong> of <strong>9<\/strong><\/span>\r\n\t\t\t\t\t\t\t\t\t\t\t\t<span class=\"car-title\"><\/span>\r\n\t\t\t\t\t\t\t\t\t\t\t\t<span class=\"nav\">\r\n\t\t\t\t\t\t\t\t\t\t\t\t\t<a class=\"prev\" href=\"#\"><i class=\"fa fa-chevron-left\"><\/i><\/a>\r\n\t\t\t\t\t\t\t\t\t\t\t\t\t<a class=\"pix\" href=\"#\"><i class=\"fa fa-expand\"><\/i><\/a>\r\n\t\t\t\t\t\t\t\t\t\t\t\t\t<a class=\"next\" href=\"#\"><i class=\"fa fa-chevron-right\"><\/i><\/a>\r\n\t\t\t\t\t\t\t\t\t\t\t\t<\/span>\r\n\t\t\t\t\t\t\t\t\t\t\t<\/figcaption>\r\n\t\t\t\t\t\t\t\t\t\t<\/figure><\/div><div style=\"float:left;height:470px;\"><figure>\r\n\t\t\t\t\t\t\t\t\t\t\t<a class=\"pix\" href=\"https:\/\/podkarpacka.iarp.pl\/wp-content\/uploads\/2020\/01\/IMG_20200110_111649.jpg\" title=\"\"><img loading=\"lazy\" decoding=\"async\" src=\"https:\/\/podkarpacka.iarp.pl\/wp-content\/uploads\/2020\/01\/IMG_20200110_111649-770x470.jpg\" width=\"770\" height=\"470\" alt=\"\" class=\"img-responsive\"><div class=\"zoomix\"><i class=\"fa fa-search\"><\/i><\/div><\/a>\r\n\t\t\t\t\t\t\t\t\t\t\t<figcaption>\r\n\t\t\t\t\t\t\t\t\t\t\t\t<span class=\"car-index\"><strong class=\"index\">1<\/strong> of <strong>9<\/strong><\/span>\r\n\t\t\t\t\t\t\t\t\t\t\t\t<span class=\"car-title\"><\/span>\r\n\t\t\t\t\t\t\t\t\t\t\t\t<span class=\"nav\">\r\n\t\t\t\t\t\t\t\t\t\t\t\t\t<a class=\"prev\" href=\"#\"><i class=\"fa fa-chevron-left\"><\/i><\/a>\r\n\t\t\t\t\t\t\t\t\t\t\t\t\t<a class=\"pix\" href=\"#\"><i class=\"fa fa-expand\"><\/i><\/a>\r\n\t\t\t\t\t\t\t\t\t\t\t\t\t<a class=\"next\" href=\"#\"><i class=\"fa fa-chevron-right\"><\/i><\/a>\r\n\t\t\t\t\t\t\t\t\t\t\t\t<\/span>\r\n\t\t\t\t\t\t\t\t\t\t\t<\/figcaption>\r\n\t\t\t\t\t\t\t\t\t\t<\/figure><\/div><div style=\"float:left;height:470px;\"><figure>\r\n\t\t\t\t\t\t\t\t\t\t\t<a class=\"pix\" href=\"https:\/\/podkarpacka.iarp.pl\/wp-content\/uploads\/2020\/01\/IMG_20200110_111441.jpg\" title=\"\"><img loading=\"lazy\" decoding=\"async\" src=\"https:\/\/podkarpacka.iarp.pl\/wp-content\/uploads\/2020\/01\/IMG_20200110_111441-770x470.jpg\" width=\"770\" height=\"470\" alt=\"\" class=\"img-responsive\"><div class=\"zoomix\"><i class=\"fa fa-search\"><\/i><\/div><\/a>\r\n\t\t\t\t\t\t\t\t\t\t\t<figcaption>\r\n\t\t\t\t\t\t\t\t\t\t\t\t<span class=\"car-index\"><strong class=\"index\">1<\/strong> of <strong>9<\/strong><\/span>\r\n\t\t\t\t\t\t\t\t\t\t\t\t<span class=\"car-title\"><\/span>\r\n\t\t\t\t\t\t\t\t\t\t\t\t<span class=\"nav\">\r\n\t\t\t\t\t\t\t\t\t\t\t\t\t<a class=\"prev\" href=\"#\"><i class=\"fa fa-chevron-left\"><\/i><\/a>\r\n\t\t\t\t\t\t\t\t\t\t\t\t\t<a class=\"pix\" href=\"#\"><i class=\"fa fa-expand\"><\/i><\/a>\r\n\t\t\t\t\t\t\t\t\t\t\t\t\t<a class=\"next\" href=\"#\"><i class=\"fa fa-chevron-right\"><\/i><\/a>\r\n\t\t\t\t\t\t\t\t\t\t\t\t<\/span>\r\n\t\t\t\t\t\t\t\t\t\t\t<\/figcaption>\r\n\t\t\t\t\t\t\t\t\t\t<\/figure><\/div><div style=\"float:left;height:470px;\"><figure>\r\n\t\t\t\t\t\t\t\t\t\t\t<a class=\"pix\" href=\"https:\/\/podkarpacka.iarp.pl\/wp-content\/uploads\/2020\/01\/IMG_20200110_111140.jpg\" title=\"\"><img loading=\"lazy\" decoding=\"async\" src=\"https:\/\/podkarpacka.iarp.pl\/wp-content\/uploads\/2020\/01\/IMG_20200110_111140-770x470.jpg\" width=\"770\" height=\"470\" alt=\"\" class=\"img-responsive\"><div class=\"zoomix\"><i class=\"fa fa-search\"><\/i><\/div><\/a>\r\n\t\t\t\t\t\t\t\t\t\t\t<figcaption>\r\n\t\t\t\t\t\t\t\t\t\t\t\t<span class=\"car-index\"><strong class=\"index\">1<\/strong> of <strong>9<\/strong><\/span>\r\n\t\t\t\t\t\t\t\t\t\t\t\t<span class=\"car-title\"><\/span>\r\n\t\t\t\t\t\t\t\t\t\t\t\t<span class=\"nav\">\r\n\t\t\t\t\t\t\t\t\t\t\t\t\t<a class=\"prev\" href=\"#\"><i class=\"fa fa-chevron-left\"><\/i><\/a>\r\n\t\t\t\t\t\t\t\t\t\t\t\t\t<a class=\"pix\" href=\"#\"><i class=\"fa fa-expand\"><\/i><\/a>\r\n\t\t\t\t\t\t\t\t\t\t\t\t\t<a class=\"next\" href=\"#\"><i class=\"fa fa-chevron-right\"><\/i><\/a>\r\n\t\t\t\t\t\t\t\t\t\t\t\t<\/span>\r\n\t\t\t\t\t\t\t\t\t\t\t<\/figcaption>\r\n\t\t\t\t\t\t\t\t\t\t<\/figure><\/div><div style=\"float:left;height:470px;\"><figure>\r\n\t\t\t\t\t\t\t\t\t\t\t<a class=\"pix\" href=\"https:\/\/podkarpacka.iarp.pl\/wp-content\/uploads\/2020\/01\/IMG_20200110_110144.jpg\" title=\"\"><img loading=\"lazy\" decoding=\"async\" src=\"https:\/\/podkarpacka.iarp.pl\/wp-content\/uploads\/2020\/01\/IMG_20200110_110144-770x470.jpg\" width=\"770\" height=\"470\" alt=\"\" class=\"img-responsive\"><div class=\"zoomix\"><i class=\"fa fa-search\"><\/i><\/div><\/a>\r\n\t\t\t\t\t\t\t\t\t\t\t<figcaption>\r\n\t\t\t\t\t\t\t\t\t\t\t\t<span class=\"car-index\"><strong class=\"index\">1<\/strong> of <strong>9<\/strong><\/span>\r\n\t\t\t\t\t\t\t\t\t\t\t\t<span class=\"car-title\"><\/span>\r\n\t\t\t\t\t\t\t\t\t\t\t\t<span class=\"nav\">\r\n\t\t\t\t\t\t\t\t\t\t\t\t\t<a class=\"prev\" href=\"#\"><i class=\"fa fa-chevron-left\"><\/i><\/a>\r\n\t\t\t\t\t\t\t\t\t\t\t\t\t<a class=\"pix\" href=\"#\"><i class=\"fa fa-expand\"><\/i><\/a>\r\n\t\t\t\t\t\t\t\t\t\t\t\t\t<a class=\"next\" href=\"#\"><i class=\"fa fa-chevron-right\"><\/i><\/a>\r\n\t\t\t\t\t\t\t\t\t\t\t\t<\/span>\r\n\t\t\t\t\t\t\t\t\t\t\t<\/figcaption>\r\n\t\t\t\t\t\t\t\t\t\t<\/figure><\/div><div style=\"float:left;height:470px;\"><figure>\r\n\t\t\t\t\t\t\t\t\t\t\t<a class=\"pix\" href=\"https:\/\/podkarpacka.iarp.pl\/wp-content\/uploads\/2020\/01\/IMG_20200110_111841.jpg\" title=\"\"><img loading=\"lazy\" decoding=\"async\" src=\"https:\/\/podkarpacka.iarp.pl\/wp-content\/uploads\/2020\/01\/IMG_20200110_111841-770x470.jpg\" width=\"770\" height=\"470\" alt=\"\" class=\"img-responsive\"><div class=\"zoomix\"><i class=\"fa fa-search\"><\/i><\/div><\/a>\r\n\t\t\t\t\t\t\t\t\t\t\t<figcaption>\r\n\t\t\t\t\t\t\t\t\t\t\t\t<span class=\"car-index\"><strong class=\"index\">1<\/strong> of <strong>9<\/strong><\/span>\r\n\t\t\t\t\t\t\t\t\t\t\t\t<span class=\"car-title\"><\/span>\r\n\t\t\t\t\t\t\t\t\t\t\t\t<span class=\"nav\">\r\n\t\t\t\t\t\t\t\t\t\t\t\t\t<a class=\"prev\" href=\"#\"><i class=\"fa fa-chevron-left\"><\/i><\/a>\r\n\t\t\t\t\t\t\t\t\t\t\t\t\t<a class=\"pix\" href=\"#\"><i class=\"fa fa-expand\"><\/i><\/a>\r\n\t\t\t\t\t\t\t\t\t\t\t\t\t<a class=\"next\" href=\"#\"><i class=\"fa fa-chevron-right\"><\/i><\/a>\r\n\t\t\t\t\t\t\t\t\t\t\t\t<\/span>\r\n\t\t\t\t\t\t\t\t\t\t\t<\/figcaption>\r\n\t\t\t\t\t\t\t\t\t\t<\/figure><\/div><div style=\"float:left;height:470px;\"><figure>\r\n\t\t\t\t\t\t\t\t\t\t\t<a class=\"pix\" href=\"https:\/\/podkarpacka.iarp.pl\/wp-content\/uploads\/2020\/01\/IMG_20200110_111818.jpg\" title=\"\"><img loading=\"lazy\" decoding=\"async\" src=\"https:\/\/podkarpacka.iarp.pl\/wp-content\/uploads\/2020\/01\/IMG_20200110_111818-770x470.jpg\" width=\"770\" height=\"470\" alt=\"\" class=\"img-responsive\"><div class=\"zoomix\"><i class=\"fa fa-search\"><\/i><\/div><\/a>\r\n\t\t\t\t\t\t\t\t\t\t\t<figcaption>\r\n\t\t\t\t\t\t\t\t\t\t\t\t<span class=\"car-index\"><strong class=\"index\">1<\/strong> of <strong>9<\/strong><\/span>\r\n\t\t\t\t\t\t\t\t\t\t\t\t<span class=\"car-title\"><\/span>\r\n\t\t\t\t\t\t\t\t\t\t\t\t<span class=\"nav\">\r\n\t\t\t\t\t\t\t\t\t\t\t\t\t<a class=\"prev\" href=\"#\"><i class=\"fa fa-chevron-left\"><\/i><\/a>\r\n\t\t\t\t\t\t\t\t\t\t\t\t\t<a class=\"pix\" href=\"#\"><i class=\"fa fa-expand\"><\/i><\/a>\r\n\t\t\t\t\t\t\t\t\t\t\t\t\t<a class=\"next\" href=\"#\"><i class=\"fa fa-chevron-right\"><\/i><\/a>\r\n\t\t\t\t\t\t\t\t\t\t\t\t<\/span>\r\n\t\t\t\t\t\t\t\t\t\t\t<\/figcaption>\r\n\t\t\t\t\t\t\t\t\t\t<\/figure><\/div>    <\/div>\r\n\t\t\t\t\t\t\t\t\t<\/aside>\r\n\t\t\t\t\t\t\t\t\t<script>\r\n\t\t\t\t\t\t\t\t\t\t\"use strict\";\r\n\t\t\t\t\t\t\t\t\t\tvar initModuleCarousel  = true;\r\n\t\t\t\t\t\t\t\t\t\tvar modCarHeight        = 470;\r\n\t\t\t\t\t\t\t\t\t\tvar modCarAutoStart     = true;\r\n\t\t\t\t\t\t\t\t\t<\/script>[\/vc_column][\/vc_row]<\/p>\n","protected":false},"excerpt":{"rendered":"<p>[vc_row][vc_column][vc_column_text] Zako\u0144czenie IX edycji konkursu \u2013 \u201eDOM MOICH MARZE\u0143\u201d 10 stycznia w siedzibie Podkarpackiej Okr\u0119gowej Izbie Architekt\u00f3w odby\u0142o si\u0119 otwarcie wystawy oraz wr\u0119czenie nagr\u00f3d dla autor\u00f3w nagrodzonych i wyr\u00f3\u017cnionych prac bior\u0105cych udzia\u0142 w IX edycji konkursu plastycznego \u201eDom moich marze\u0144\u201d. W konkursie wzi\u0119\u0142o udzia\u0142\u00a0 29 szk\u00f3\u0142 z wojew\u00f3dztwa podkarpackiego. Rezultatem lekcji architektury z 787 dzie\u0107mi [&hellip;]<\/p>\n","protected":false},"author":6,"featured_media":3927,"comment_status":"closed","ping_status":"open","sticky":false,"template":"","format":"standard","meta":{"footnotes":""},"categories":[62],"tags":[],"class_list":["post-3918","post","type-post","status-publish","format-standard","has-post-thumbnail","hentry","category-konkursy"],"publishpress_future_action":{"enabled":false,"date":"2026-05-05 04:46:37","action":"change-status","newStatus":"draft","terms":[],"taxonomy":"category","extraData":[]},"publishpress_future_workflow_manual_trigger":{"enabledWorkflows":[]},"_links":{"self":[{"href":"https:\/\/podkarpacka.iarp.pl\/index.php?rest_route=\/wp\/v2\/posts\/3918","targetHints":{"allow":["GET"]}}],"collection":[{"href":"https:\/\/podkarpacka.iarp.pl\/index.php?rest_route=\/wp\/v2\/posts"}],"about":[{"href":"https:\/\/podkarpacka.iarp.pl\/index.php?rest_route=\/wp\/v2\/types\/post"}],"author":[{"embeddable":true,"href":"https:\/\/podkarpacka.iarp.pl\/index.php?rest_route=\/wp\/v2\/users\/6"}],"replies":[{"embeddable":true,"href":"https:\/\/podkarpacka.iarp.pl\/index.php?rest_route=%2Fwp%2Fv2%2Fcomments&post=3918"}],"version-history":[{"count":3,"href":"https:\/\/podkarpacka.iarp.pl\/index.php?rest_route=\/wp\/v2\/posts\/3918\/revisions"}],"predecessor-version":[{"id":3930,"href":"https:\/\/podkarpacka.iarp.pl\/index.php?rest_route=\/wp\/v2\/posts\/3918\/revisions\/3930"}],"wp:featuredmedia":[{"embeddable":true,"href":"https:\/\/podkarpacka.iarp.pl\/index.php?rest_route=\/wp\/v2\/media\/3927"}],"wp:attachment":[{"href":"https:\/\/podkarpacka.iarp.pl\/index.php?rest_route=%2Fwp%2Fv2%2Fmedia&parent=3918"}],"wp:term":[{"taxonomy":"category","embeddable":true,"href":"https:\/\/podkarpacka.iarp.pl\/index.php?rest_route=%2Fwp%2Fv2%2Fcategories&post=3918"},{"taxonomy":"post_tag","embeddable":true,"href":"https:\/\/podkarpacka.iarp.pl\/index.php?rest_route=%2Fwp%2Fv2%2Ftags&post=3918"}],"curies":[{"name":"wp","href":"https:\/\/api.w.org\/{rel}","templated":true}]}}