{"id":3983,"date":"2020-03-16T23:57:08","date_gmt":"2020-03-16T21:57:08","guid":{"rendered":"http:\/\/podkarpacka.iarp.pl\/?p=3983"},"modified":"2020-03-30T02:26:22","modified_gmt":"2020-03-30T00:26:22","slug":"statuetka-lidera-transformacji-cyfrowej-dla-pkoia","status":"publish","type":"post","link":"https:\/\/podkarpacka.iarp.pl\/?p=3983","title":{"rendered":"Statuetka Lidera Transformacji Cyfrowej dla PKOIA"},"content":{"rendered":"<div><strong>Statuetka Lidera Transformacji Cyfrowej <b>w budownictwie<\/b> dla PKOIA<\/strong><\/div>\n<div><b>&#8211; BIM Innovation Award 2020 &#8211; Polska Po\u0142udniowa<\/b><\/div>\n<div>\n<hr \/>\n<\/div>\n<div><\/div>\n<div>Kapitu\u0142a pod przewodnictwem:<\/div>\n<div><b>dr hab. in\u017c. arch.<\/b>\u00a0<b>Magdaleny Jagie\u0142\u0142o-Kowalczyk<\/b><b>, profesor Politechniki Krakowskie<\/b><strong>j im. Tadeusza Ko\u015bciuszki,<\/strong><\/div>\n<div><b>Dariusza Chy\u0142y <\/b>z ramienia organizatora <strong>III kongresu Smart Project Building and City<\/strong> oraz<b>\u00a0<\/b>dyrektora XXV z Mi\u0119dzynarodowych\u00a0Targ\u00f3w Rzeszowskich<b>\u00a0 Roberta Biel\u00f3wk\u0119\u00a0<\/b>\u00a0przyzna\u0142a\u00a0 honorowe nagrody w plebiscycie \u2013<b>\u00a0 Lider transformacji cyfrowej w budownictwie &#8211; BIM Innovation 2020 &#8211; Region polska po\u0142udniowa<\/b><\/div>\n<div>\n<p align=\"justify\">W plebiscycie wzi\u0119\u0142o udzia\u0142 35\u00a0podmiot\u00f3w, przedsi\u0119biorstw i organizacji. Wszystkie zg\u0142oszenia spe\u0142ni\u0142y wymogi formalne &#8211; 6 nagrodzono statuetkami.<\/p>\n<p>Kapitu\u0142a odznaczy\u0142a sze\u015bcioma honorowymi statuetkami organizacje i przedsi\u0119biorstwa w wojew\u00f3dztwach Ma\u0142opolskim i Podkarpackim, kt\u00f3re w szczeg\u00f3lny spos\u00f3b w poprzedzaj\u0105cym roku przyczyni\u0142y si\u0119 do promocji, rozwoju i wdra\u017cania technologii cyfrowych w projektowaniu i w budownictwie ze szczeg\u00f3lnym udzia\u0142em metodologii BIM \u2013 Building Information Modeling<\/p>\n<p>W imieniu PKOIA statuetk\u0119 Lidera transformacji cyfrowej w budownictwie odebra\u0142a <strong>Renata \u015awi\u0119ci\u0144ska &#8211; Przewodnicz\u0105ca Rady Podkarpackiej Okr\u0119gowej Izby Architekt\u00f3w<\/strong><\/p>\n<p><strong>Kapitu\u0142a przyzna\u0142a statuetki:<\/strong><\/p>\n<p>\u00b7\u00a0<b>Podkarpacka Okr\u0119gowa Izba Architekt\u00f3w RP<\/b><\/p>\n<p align=\"justify\"><span style=\"color: #351c75;\"><i>Za wsparcie wdra\u017cania technologii BIM w procesie legislacji w skali krajowej, promocj\u0119, edukacj\u0119 i dba\u0142o\u015b\u0107 o wysokie standardy wykonywania zawodu przez architekt\u00f3w i in\u017cynier\u00f3w zrzeszonych w Izbie zawodowej.<\/i><\/span><\/p>\n<p align=\"justify\"><strong>Pozostali nagrodzeni w edycji 2020<\/strong><\/p>\n<\/div>\n<ul>\n<li>Stowarzyszenia Architekt\u00f3w Polskich oddzia\u0142 w Rzeszowie<\/li>\n<li>Podkarpacka Okr\u0119gowa Izba In\u017cynier\u00f3w budownictwa RP<\/li>\n<li>Przedsi\u0119biorstwo MAD Engineers \u00a0\u00a0z Krakowa<\/li>\n<li>Przedsi\u0119biorstwo Urban Project z Rzeszowa<\/li>\n<li>Przedsi\u0119biorstwo DATACOMP Polska.<\/li>\n<\/ul>\n<hr \/>\n<p style=\"text-align: right;\" align=\"justify\"><em>Fotografie: \u0141ukasz Chudy, Tadeusz Po\u017aniak<\/em><\/p>\n<p>&nbsp;<\/p>\n<div id=\"attachment_3984\" style=\"width: 780px\" class=\"wp-caption aligncenter\"><a href=\"https:\/\/podkarpacka.iarp.pl\/wp-content\/uploads\/2020\/03\/Clipboard03.jpg\"><img loading=\"lazy\" decoding=\"async\" aria-describedby=\"caption-attachment-3984\" class=\"wp-image-3984 size-large\" src=\"https:\/\/podkarpacka.iarp.pl\/wp-content\/uploads\/2020\/03\/Clipboard03-1024x693.jpg\" alt=\"\" width=\"770\" height=\"521\" srcset=\"https:\/\/podkarpacka.iarp.pl\/wp-content\/uploads\/2020\/03\/Clipboard03-1024x693.jpg 1024w, https:\/\/podkarpacka.iarp.pl\/wp-content\/uploads\/2020\/03\/Clipboard03-300x203.jpg 300w, https:\/\/podkarpacka.iarp.pl\/wp-content\/uploads\/2020\/03\/Clipboard03-768x519.jpg 768w, https:\/\/podkarpacka.iarp.pl\/wp-content\/uploads\/2020\/03\/Clipboard03.jpg 1400w\" sizes=\"auto, (max-width: 770px) 100vw, 770px\" \/><\/a><p id=\"caption-attachment-3984\" class=\"wp-caption-text\">W imieniu PKOIA Statuetk\u0119 <b>Lider transformacji cyfrowej w budownictwie &#8211; BIM Innovation 2020 <\/b>odebra\u0142a <strong>Renata \u015awi\u0119ci\u0144ska &#8211; Przewodnicz\u0105ca Rady Podkarpackiej Okr\u0119gowej Izby Architekt\u00f3w &#8211; <\/strong>fot. \u0141ukasz Chudy<\/p><\/div>\n<p>&nbsp;<\/p>\n<div id=\"attachment_3991\" style=\"width: 910px\" class=\"wp-caption aligncenter\"><a href=\"https:\/\/podkarpacka.iarp.pl\/wp-content\/uploads\/2020\/03\/Wreczenie-statuetki-BIM-Izba-Architekt\u00f3w-Podkarpacka-Kongres-SMART-PBC.jpg\"><img loading=\"lazy\" decoding=\"async\" aria-describedby=\"caption-attachment-3991\" class=\"wp-image-3991 size-full\" src=\"https:\/\/podkarpacka.iarp.pl\/wp-content\/uploads\/2020\/03\/Wreczenie-statuetki-BIM-Izba-Architekt\u00f3w-Podkarpacka-Kongres-SMART-PBC.jpg\" alt=\"\" width=\"900\" height=\"600\" srcset=\"https:\/\/podkarpacka.iarp.pl\/wp-content\/uploads\/2020\/03\/Wreczenie-statuetki-BIM-Izba-Architekt\u00f3w-Podkarpacka-Kongres-SMART-PBC.jpg 900w, https:\/\/podkarpacka.iarp.pl\/wp-content\/uploads\/2020\/03\/Wreczenie-statuetki-BIM-Izba-Architekt\u00f3w-Podkarpacka-Kongres-SMART-PBC-300x200.jpg 300w, https:\/\/podkarpacka.iarp.pl\/wp-content\/uploads\/2020\/03\/Wreczenie-statuetki-BIM-Izba-Architekt\u00f3w-Podkarpacka-Kongres-SMART-PBC-768x512.jpg 768w\" sizes=\"auto, (max-width: 900px) 100vw, 900px\" \/><\/a><p id=\"caption-attachment-3991\" class=\"wp-caption-text\">fot. Tadeusz Po\u017aniak<\/p><\/div>\n<div id=\"attachment_3992\" style=\"width: 910px\" class=\"wp-caption aligncenter\"><a href=\"https:\/\/podkarpacka.iarp.pl\/wp-content\/uploads\/2020\/03\/Wreczenie-statuetki-BIM-Statuetki-i-medale-Kongres-SMART-PBC.jpg\"><img loading=\"lazy\" decoding=\"async\" aria-describedby=\"caption-attachment-3992\" class=\"wp-image-3992 size-full\" src=\"https:\/\/podkarpacka.iarp.pl\/wp-content\/uploads\/2020\/03\/Wreczenie-statuetki-BIM-Statuetki-i-medale-Kongres-SMART-PBC.jpg\" alt=\"\" width=\"900\" height=\"600\" srcset=\"https:\/\/podkarpacka.iarp.pl\/wp-content\/uploads\/2020\/03\/Wreczenie-statuetki-BIM-Statuetki-i-medale-Kongres-SMART-PBC.jpg 900w, https:\/\/podkarpacka.iarp.pl\/wp-content\/uploads\/2020\/03\/Wreczenie-statuetki-BIM-Statuetki-i-medale-Kongres-SMART-PBC-300x200.jpg 300w, https:\/\/podkarpacka.iarp.pl\/wp-content\/uploads\/2020\/03\/Wreczenie-statuetki-BIM-Statuetki-i-medale-Kongres-SMART-PBC-768x512.jpg 768w\" sizes=\"auto, (max-width: 900px) 100vw, 900px\" \/><\/a><p id=\"caption-attachment-3992\" class=\"wp-caption-text\">fot. Tadeusz Po\u017aniak<\/p><\/div>\n<div id=\"attachment_3985\" style=\"width: 910px\" class=\"wp-caption aligncenter\"><a href=\"https:\/\/podkarpacka.iarp.pl\/wp-content\/uploads\/2020\/03\/Kongres-Smart-Project-Builging-City-2020-Rzeszow-49.jpg\"><img loading=\"lazy\" decoding=\"async\" aria-describedby=\"caption-attachment-3985\" class=\"wp-image-3985 size-full\" src=\"https:\/\/podkarpacka.iarp.pl\/wp-content\/uploads\/2020\/03\/Kongres-Smart-Project-Builging-City-2020-Rzeszow-49.jpg\" alt=\"\" width=\"900\" height=\"600\" srcset=\"https:\/\/podkarpacka.iarp.pl\/wp-content\/uploads\/2020\/03\/Kongres-Smart-Project-Builging-City-2020-Rzeszow-49.jpg 900w, https:\/\/podkarpacka.iarp.pl\/wp-content\/uploads\/2020\/03\/Kongres-Smart-Project-Builging-City-2020-Rzeszow-49-300x200.jpg 300w, https:\/\/podkarpacka.iarp.pl\/wp-content\/uploads\/2020\/03\/Kongres-Smart-Project-Builging-City-2020-Rzeszow-49-768x512.jpg 768w\" sizes=\"auto, (max-width: 900px) 100vw, 900px\" \/><\/a><p id=\"caption-attachment-3985\" class=\"wp-caption-text\">fot. Tadeusz Po\u017aniak<\/p><\/div>\n<p><a href=\"https:\/\/podkarpacka.iarp.pl\/wp-content\/uploads\/2020\/03\/Nagroda-bim-innovation-award-lider-transformacji-cyfrowej-pkoia-urbanprojectdatacompmad.jpg\"><img loading=\"lazy\" decoding=\"async\" class=\"aligncenter size-large wp-image-3994\" src=\"https:\/\/podkarpacka.iarp.pl\/wp-content\/uploads\/2020\/03\/Nagroda-bim-innovation-award-lider-transformacji-cyfrowej-pkoia-urbanprojectdatacompmad-1024x434.jpg\" alt=\"\" width=\"770\" height=\"326\" srcset=\"https:\/\/podkarpacka.iarp.pl\/wp-content\/uploads\/2020\/03\/Nagroda-bim-innovation-award-lider-transformacji-cyfrowej-pkoia-urbanprojectdatacompmad-1024x434.jpg 1024w, https:\/\/podkarpacka.iarp.pl\/wp-content\/uploads\/2020\/03\/Nagroda-bim-innovation-award-lider-transformacji-cyfrowej-pkoia-urbanprojectdatacompmad-300x127.jpg 300w, https:\/\/podkarpacka.iarp.pl\/wp-content\/uploads\/2020\/03\/Nagroda-bim-innovation-award-lider-transformacji-cyfrowej-pkoia-urbanprojectdatacompmad-768x326.jpg 768w, https:\/\/podkarpacka.iarp.pl\/wp-content\/uploads\/2020\/03\/Nagroda-bim-innovation-award-lider-transformacji-cyfrowej-pkoia-urbanprojectdatacompmad-600x254.jpg 600w\" sizes=\"auto, (max-width: 770px) 100vw, 770px\" \/><\/a><\/p>\n<div id=\"attachment_3990\" style=\"width: 910px\" class=\"wp-caption aligncenter\"><a href=\"https:\/\/podkarpacka.iarp.pl\/wp-content\/uploads\/2020\/03\/Wreczenie-statuetki-BIM-SARP-rzesz\u00f3w-Kongres-SMART-PBC.jpg\"><img loading=\"lazy\" decoding=\"async\" aria-describedby=\"caption-attachment-3990\" class=\"wp-image-3990 size-full\" src=\"https:\/\/podkarpacka.iarp.pl\/wp-content\/uploads\/2020\/03\/Wreczenie-statuetki-BIM-SARP-rzesz\u00f3w-Kongres-SMART-PBC.jpg\" alt=\"\" width=\"900\" height=\"600\" srcset=\"https:\/\/podkarpacka.iarp.pl\/wp-content\/uploads\/2020\/03\/Wreczenie-statuetki-BIM-SARP-rzesz\u00f3w-Kongres-SMART-PBC.jpg 900w, https:\/\/podkarpacka.iarp.pl\/wp-content\/uploads\/2020\/03\/Wreczenie-statuetki-BIM-SARP-rzesz\u00f3w-Kongres-SMART-PBC-300x200.jpg 300w, https:\/\/podkarpacka.iarp.pl\/wp-content\/uploads\/2020\/03\/Wreczenie-statuetki-BIM-SARP-rzesz\u00f3w-Kongres-SMART-PBC-768x512.jpg 768w\" sizes=\"auto, (max-width: 900px) 100vw, 900px\" \/><\/a><p id=\"caption-attachment-3990\" class=\"wp-caption-text\">W imieniu SARP statuetk\u0119 Lider transformacji cyfrowej w budownictwie &#8211; BIM Innovation 2020 odebra\u0142 Piotr Rze\u017awicki\u00a0 &#8211; Prezes zarz\u0105du SARP w Rzeszowie &#8211; fot. Tadeusz Po\u017aniak<\/p><\/div>\n<p><a href=\"https:\/\/podkarpacka.iarp.pl\/wp-content\/uploads\/2020\/03\/Nagroda-bim-innovation-award-lider-transformacji-cyfrowej-pkoia-urbanprojectdatacompmad2.jpg\"><img loading=\"lazy\" decoding=\"async\" class=\"aligncenter size-large wp-image-3999\" src=\"https:\/\/podkarpacka.iarp.pl\/wp-content\/uploads\/2020\/03\/Nagroda-bim-innovation-award-lider-transformacji-cyfrowej-pkoia-urbanprojectdatacompmad2-1024x513.jpg\" alt=\"\" width=\"770\" height=\"386\" srcset=\"https:\/\/podkarpacka.iarp.pl\/wp-content\/uploads\/2020\/03\/Nagroda-bim-innovation-award-lider-transformacji-cyfrowej-pkoia-urbanprojectdatacompmad2-1024x513.jpg 1024w, https:\/\/podkarpacka.iarp.pl\/wp-content\/uploads\/2020\/03\/Nagroda-bim-innovation-award-lider-transformacji-cyfrowej-pkoia-urbanprojectdatacompmad2-300x150.jpg 300w, https:\/\/podkarpacka.iarp.pl\/wp-content\/uploads\/2020\/03\/Nagroda-bim-innovation-award-lider-transformacji-cyfrowej-pkoia-urbanprojectdatacompmad2-768x385.jpg 768w, https:\/\/podkarpacka.iarp.pl\/wp-content\/uploads\/2020\/03\/Nagroda-bim-innovation-award-lider-transformacji-cyfrowej-pkoia-urbanprojectdatacompmad2.jpg 1257w\" sizes=\"auto, (max-width: 770px) 100vw, 770px\" \/><\/a><a href=\"https:\/\/podkarpacka.iarp.pl\/wp-content\/uploads\/2020\/03\/Kongres-Smart-Project-Builging-City-2020-Rzeszow-52.jpg\"><img loading=\"lazy\" decoding=\"async\" class=\"aligncenter size-large wp-image-3986\" src=\"https:\/\/podkarpacka.iarp.pl\/wp-content\/uploads\/2020\/03\/Kongres-Smart-Project-Builging-City-2020-Rzeszow-52.jpg\" alt=\"\" width=\"770\" height=\"513\" srcset=\"https:\/\/podkarpacka.iarp.pl\/wp-content\/uploads\/2020\/03\/Kongres-Smart-Project-Builging-City-2020-Rzeszow-52.jpg 900w, https:\/\/podkarpacka.iarp.pl\/wp-content\/uploads\/2020\/03\/Kongres-Smart-Project-Builging-City-2020-Rzeszow-52-300x200.jpg 300w, https:\/\/podkarpacka.iarp.pl\/wp-content\/uploads\/2020\/03\/Kongres-Smart-Project-Builging-City-2020-Rzeszow-52-768x512.jpg 768w\" sizes=\"auto, (max-width: 770px) 100vw, 770px\" \/><\/a><a href=\"https:\/\/podkarpacka.iarp.pl\/wp-content\/uploads\/2020\/03\/Kongres-Smart-Project-Builging-City-2020-Rzeszow-53.jpg\"><img loading=\"lazy\" decoding=\"async\" class=\"aligncenter size-large wp-image-3987\" src=\"https:\/\/podkarpacka.iarp.pl\/wp-content\/uploads\/2020\/03\/Kongres-Smart-Project-Builging-City-2020-Rzeszow-53.jpg\" alt=\"\" width=\"770\" height=\"513\" srcset=\"https:\/\/podkarpacka.iarp.pl\/wp-content\/uploads\/2020\/03\/Kongres-Smart-Project-Builging-City-2020-Rzeszow-53.jpg 900w, https:\/\/podkarpacka.iarp.pl\/wp-content\/uploads\/2020\/03\/Kongres-Smart-Project-Builging-City-2020-Rzeszow-53-300x200.jpg 300w, https:\/\/podkarpacka.iarp.pl\/wp-content\/uploads\/2020\/03\/Kongres-Smart-Project-Builging-City-2020-Rzeszow-53-768x512.jpg 768w\" sizes=\"auto, (max-width: 770px) 100vw, 770px\" \/><\/a><a href=\"https:\/\/podkarpacka.iarp.pl\/wp-content\/uploads\/2020\/03\/Kongres-Smart-Project-Builging-City-2020-Rzeszow-73.jpg\"><img loading=\"lazy\" decoding=\"async\" class=\"aligncenter size-large wp-image-3988\" src=\"https:\/\/podkarpacka.iarp.pl\/wp-content\/uploads\/2020\/03\/Kongres-Smart-Project-Builging-City-2020-Rzeszow-73.jpg\" alt=\"\" width=\"770\" height=\"513\" srcset=\"https:\/\/podkarpacka.iarp.pl\/wp-content\/uploads\/2020\/03\/Kongres-Smart-Project-Builging-City-2020-Rzeszow-73.jpg 900w, https:\/\/podkarpacka.iarp.pl\/wp-content\/uploads\/2020\/03\/Kongres-Smart-Project-Builging-City-2020-Rzeszow-73-300x200.jpg 300w, https:\/\/podkarpacka.iarp.pl\/wp-content\/uploads\/2020\/03\/Kongres-Smart-Project-Builging-City-2020-Rzeszow-73-768x512.jpg 768w\" sizes=\"auto, (max-width: 770px) 100vw, 770px\" \/><\/a><a href=\"https:\/\/podkarpacka.iarp.pl\/wp-content\/uploads\/2020\/03\/Kongres-Smart-Project-Builging-City-2020-Rzeszow.jpg\"><img loading=\"lazy\" decoding=\"async\" class=\"aligncenter size-large wp-image-3989\" src=\"https:\/\/podkarpacka.iarp.pl\/wp-content\/uploads\/2020\/03\/Kongres-Smart-Project-Builging-City-2020-Rzeszow.jpg\" alt=\"\" width=\"770\" height=\"513\" srcset=\"https:\/\/podkarpacka.iarp.pl\/wp-content\/uploads\/2020\/03\/Kongres-Smart-Project-Builging-City-2020-Rzeszow.jpg 900w, https:\/\/podkarpacka.iarp.pl\/wp-content\/uploads\/2020\/03\/Kongres-Smart-Project-Builging-City-2020-Rzeszow-300x200.jpg 300w, https:\/\/podkarpacka.iarp.pl\/wp-content\/uploads\/2020\/03\/Kongres-Smart-Project-Builging-City-2020-Rzeszow-768x512.jpg 768w\" sizes=\"auto, (max-width: 770px) 100vw, 770px\" \/><\/a><\/p>\n","protected":false},"excerpt":{"rendered":"<p>Statuetka Lidera Transformacji Cyfrowej w budownictwie dla PKOIA &#8211; BIM Innovation Award 2020 &#8211; Polska Po\u0142udniowa Kapitu\u0142a pod przewodnictwem: dr hab. in\u017c. arch.\u00a0Magdaleny Jagie\u0142\u0142o-Kowalczyk, profesor Politechniki Krakowskiej im. Tadeusza Ko\u015bciuszki, Dariusza Chy\u0142y z ramienia organizatora III kongresu Smart Project Building and City oraz\u00a0dyrektora XXV z Mi\u0119dzynarodowych\u00a0Targ\u00f3w Rzeszowskich\u00a0 Roberta Biel\u00f3wk\u0119\u00a0\u00a0przyzna\u0142a\u00a0 honorowe nagrody w plebiscycie \u2013\u00a0 Lider [&hellip;]<\/p>\n","protected":false},"author":7,"featured_media":3994,"comment_status":"closed","ping_status":"open","sticky":false,"template":"","format":"standard","meta":{"footnotes":""},"categories":[56],"tags":[],"class_list":["post-3983","post","type-post","status-publish","format-standard","has-post-thumbnail","hentry","category-informacje-rady"],"publishpress_future_action":{"enabled":false,"date":"2026-05-08 12:08:40","action":"change-status","newStatus":"draft","terms":[],"taxonomy":"category","extraData":[]},"publishpress_future_workflow_manual_trigger":{"enabledWorkflows":[]},"_links":{"self":[{"href":"https:\/\/podkarpacka.iarp.pl\/index.php?rest_route=\/wp\/v2\/posts\/3983","targetHints":{"allow":["GET"]}}],"collection":[{"href":"https:\/\/podkarpacka.iarp.pl\/index.php?rest_route=\/wp\/v2\/posts"}],"about":[{"href":"https:\/\/podkarpacka.iarp.pl\/index.php?rest_route=\/wp\/v2\/types\/post"}],"author":[{"embeddable":true,"href":"https:\/\/podkarpacka.iarp.pl\/index.php?rest_route=\/wp\/v2\/users\/7"}],"replies":[{"embeddable":true,"href":"https:\/\/podkarpacka.iarp.pl\/index.php?rest_route=%2Fwp%2Fv2%2Fcomments&post=3983"}],"version-history":[{"count":8,"href":"https:\/\/podkarpacka.iarp.pl\/index.php?rest_route=\/wp\/v2\/posts\/3983\/revisions"}],"predecessor-version":[{"id":4072,"href":"https:\/\/podkarpacka.iarp.pl\/index.php?rest_route=\/wp\/v2\/posts\/3983\/revisions\/4072"}],"wp:featuredmedia":[{"embeddable":true,"href":"https:\/\/podkarpacka.iarp.pl\/index.php?rest_route=\/wp\/v2\/media\/3994"}],"wp:attachment":[{"href":"https:\/\/podkarpacka.iarp.pl\/index.php?rest_route=%2Fwp%2Fv2%2Fmedia&parent=3983"}],"wp:term":[{"taxonomy":"category","embeddable":true,"href":"https:\/\/podkarpacka.iarp.pl\/index.php?rest_route=%2Fwp%2Fv2%2Fcategories&post=3983"},{"taxonomy":"post_tag","embeddable":true,"href":"https:\/\/podkarpacka.iarp.pl\/index.php?rest_route=%2Fwp%2Fv2%2Ftags&post=3983"}],"curies":[{"name":"wp","href":"https:\/\/api.w.org\/{rel}","templated":true}]}}